{"id":4810,"date":"2023-06-25T12:09:09","date_gmt":"2023-06-25T12:09:09","guid":{"rendered":"http:\/\/defensoriaparana.com.ar\/?p=4810"},"modified":"2023-06-27T12:11:49","modified_gmt":"2023-06-27T12:11:49","slug":"20-anos-de-la-defensoria-este-lunes-comienzan-las-actividades-con-la-atencion-a-la-ciudadania-en-la-peatonal-san-martin","status":"publish","type":"post","link":"https:\/\/defensoriaparana.com.ar\/index.php\/2023\/06\/25\/20-anos-de-la-defensoria-este-lunes-comienzan-las-actividades-con-la-atencion-a-la-ciudadania-en-la-peatonal-san-martin\/","title":{"rendered":"20 a\u00f1os de la Defensor\u00eda: este lunes comienzan las actividades con la atenci\u00f3n a la ciudadan\u00eda en la peatonal San Mart\u00edn"},"content":{"rendered":"<div dir=\"auto\"><\/div>\n<div dir=\"auto\">A partir de las 10, estar\u00e1 la oficina m\u00f3vil de la Defensor\u00eda del Pueblo en la esquina de las calles Urquiza y San Mart\u00edn. La actividad se enmarca en una agenda que se desarrollar\u00e1 durante la semana, en conmemoraci\u00f3n de los 20 a\u00f1os de la instituci\u00f3n.<\/div>\n<div dir=\"auto\">.<\/div>\n<div dir=\"auto\">En la oficina, con la que la Defensor\u00eda acerca sus servicios a la ciudadan\u00eda en los distintos barrios de la ciudad, se brindar\u00e1 informaci\u00f3n sobre la instituci\u00f3n en esta fecha especial y se atender\u00e1n consultas, reclamos y dudas de la ciudadan\u00eda.<\/div>\n<div dir=\"auto\">.<\/div>\n<div dir=\"auto\">El viernes se realizar\u00e1 el acto central. Se invita a participar a la comunidad de todas las actividades previstas.<\/div>\n<div dir=\"auto\"><\/div>\n<div dir=\"auto\">\n<div class=\"x11i5rnm xat24cr x1mh8g0r x1vvkbs xtlvy1s x126k92a\">\n<div dir=\"auto\"><span class=\"x3nfvp2 x1j61x8r x1fcty0u xdj266r xhhsvwb xat24cr xgzva0m xxymvpz xlup9mm x1kky2od\"><img loading=\"lazy\" src=\"https:\/\/static.xx.fbcdn.net\/images\/emoji.php\/v9\/t51\/1\/16\/1f449.png\" alt=\"\ud83d\udc49\" width=\"16\" height=\"16\" \/><\/span>*El martes 27, de 15 a 16.30, est\u00e1 prevista una charla sobre Violencia de g\u00e9nero. Acceso a recursos institucionales, a cargo de la Defensora del Pueblo de Paran\u00e1, Marcia L\u00f3pez. Ser\u00e1 en la Escuela Lomas del Mirador, en calle Celia Torr\u00e1 450.<\/div>\n<\/div>\n<div class=\"x11i5rnm xat24cr x1mh8g0r x1vvkbs xtlvy1s x126k92a\">\n<div dir=\"auto\">.<\/div>\n<\/div>\n<div class=\"x11i5rnm xat24cr x1mh8g0r x1vvkbs xtlvy1s x126k92a\">\n<div dir=\"auto\"><span class=\"x3nfvp2 x1j61x8r x1fcty0u xdj266r xhhsvwb xat24cr xgzva0m xxymvpz xlup9mm x1kky2od\"><img loading=\"lazy\" src=\"https:\/\/static.xx.fbcdn.net\/images\/emoji.php\/v9\/t51\/1\/16\/1f449.png\" alt=\"\ud83d\udc49\" width=\"16\" height=\"16\" \/><\/span>*El mi\u00e9rcoles 28, de 10 a 11.30, la convocatoria ser\u00e1 para participar de la charla Derecho a la autonom\u00eda en personas mayores. Prevenci\u00f3n de accidentes dom\u00e9sticos. La actividad tendr\u00e1 lugar en la casa de la Asociaci\u00f3n El Recreo, en calle Alem 354, y estar\u00e1 a cargo de Ligia Blanco, Defensora de los Derechos de las Personas Mayores de Paran\u00e1.<\/div>\n<\/div>\n<div class=\"x11i5rnm xat24cr x1mh8g0r x1vvkbs xtlvy1s x126k92a\">\n<div dir=\"auto\">.<\/div>\n<\/div>\n<div class=\"x11i5rnm xat24cr x1mh8g0r x1vvkbs xtlvy1s x126k92a\">\n<div dir=\"auto\"><span class=\"x3nfvp2 x1j61x8r x1fcty0u xdj266r xhhsvwb xat24cr xgzva0m xxymvpz xlup9mm x1kky2od\"><img loading=\"lazy\" src=\"https:\/\/static.xx.fbcdn.net\/images\/emoji.php\/v9\/t51\/1\/16\/1f449.png\" alt=\"\ud83d\udc49\" width=\"16\" height=\"16\" \/><\/span>*El jueves 29, de 10.30 a 13.30, se realizar\u00e1 la charla Conflictos sociales. Una mirada desde el di\u00e1logo y el encuentro, en la sede de la Facultad de Ciencias Econ\u00f3micas, en calle Urquiza 552. El expositor ser\u00e1 Alejandro Nat\u00f3, reconocido especialista en mediaci\u00f3n de vasta trayectoria nacional e internacional y Coordinador de la Oficina de Gesti\u00f3n de Conflictos de la Defensor\u00eda del Pueblo de la Naci\u00f3n.<\/div>\n<\/div>\n<div class=\"x11i5rnm xat24cr x1mh8g0r x1vvkbs xtlvy1s x126k92a\">\n<div dir=\"auto\">.<\/div>\n<\/div>\n<div class=\"x11i5rnm xat24cr x1mh8g0r x1vvkbs xtlvy1s x126k92a\">\n<div dir=\"auto\"><span class=\"x3nfvp2 x1j61x8r x1fcty0u xdj266r xhhsvwb xat24cr xgzva0m xxymvpz xlup9mm x1kky2od\"><img loading=\"lazy\" src=\"https:\/\/static.xx.fbcdn.net\/images\/emoji.php\/v9\/t51\/1\/16\/1f449.png\" alt=\"\ud83d\udc49\" width=\"16\" height=\"16\" \/><\/span>*El viernes 30, a partir de las 9, tendr\u00e1 lugar el acto central, que reunir\u00e1 a autoridades, Defensores del Pueblo, representantes vecinales y de organizaciones sociales y p\u00fablico en general, en el Centro Cultural y de Convenciones La Vieja Usina, ubicado en Gregoria Matorras de San Mart\u00edn 861.<\/div>\n<\/div>\n<div class=\"x11i5rnm xat24cr x1mh8g0r x1vvkbs xtlvy1s x126k92a\">\n<div dir=\"auto\">Tras la apertura de la jornada, Alejandro Nat\u00f3 desarrollar\u00e1 la charla abierta Democracia y participaci\u00f3n ciudadana. Aprendizajes y Desaf\u00edos. Los 40 a\u00f1os de democracia, los 20 de existencia de la Defensor\u00eda del Pueblo de Paran\u00e1, como \u00fanica instituci\u00f3n de su tipo constituida en la provincia, y la participaci\u00f3n ciudadana, son el marco de esta propuesta para la que se invita especialmente a la comunidad en su conjunto.<\/div>\n<\/div>\n<div class=\"x11i5rnm xat24cr x1mh8g0r x1vvkbs xtlvy1s x126k92a\">\n<div dir=\"auto\"><span class=\"x3nfvp2 x1j61x8r x1fcty0u xdj266r xhhsvwb xat24cr xgzva0m xxymvpz xlup9mm x1kky2od\"><img loading=\"lazy\" src=\"https:\/\/static.xx.fbcdn.net\/images\/emoji.php\/v9\/t51\/1\/16\/1f449.png\" alt=\"\ud83d\udc49\" width=\"16\" height=\"16\" \/><\/span><span class=\"x3nfvp2 x1j61x8r x1fcty0u xdj266r xhhsvwb xat24cr xgzva0m xxymvpz xlup9mm x1kky2od\"><img loading=\"lazy\" src=\"https:\/\/static.xx.fbcdn.net\/images\/emoji.php\/v9\/t51\/1\/16\/1f449.png\" alt=\"\ud83d\udc49\" width=\"16\" height=\"16\" \/><\/span>En las primeras horas de la tarde, los titulares de las distintas Defensor\u00edas del Pueblo iniciar\u00e1n la reuni\u00f3n de Adpra, con una agenda de temas propuestos por las distintas instituciones del pa\u00eds en base a problem\u00e1ticas de cada zona, reclamos y preocupaciones de la ciudadan\u00eda.<\/div>\n<\/div>\n<\/div>\n","protected":false},"excerpt":{"rendered":"<p>A partir de las 10, estar\u00e1 la oficina m\u00f3vil de la Defensor\u00eda del Pueblo en la esquina de las calles Urquiza y San Mart\u00edn. La actividad se enmarca en una agenda que se desarrollar\u00e1 durante la semana, en conmemoraci\u00f3n de los 20 a\u00f1os de la instituci\u00f3n. . En la oficina, con la que la Defensor\u00eda [&hellip;]<\/p>\n","protected":false},"author":2,"featured_media":4811,"comment_status":"open","ping_status":"open","sticky":false,"template":"","format":"standard","meta":{"om_disable_all_campaigns":false,"_monsterinsights_skip_tracking":false,"_monsterinsights_sitenote_active":false,"_monsterinsights_sitenote_note":"","_monsterinsights_sitenote_category":0},"categories":[1],"tags":[],"_links":{"self":[{"href":"https:\/\/defensoriaparana.com.ar\/index.php\/wp-json\/wp\/v2\/posts\/4810"}],"collection":[{"href":"https:\/\/defensoriaparana.com.ar\/index.php\/wp-json\/wp\/v2\/posts"}],"about":[{"href":"https:\/\/defensoriaparana.com.ar\/index.php\/wp-json\/wp\/v2\/types\/post"}],"author":[{"embeddable":true,"href":"https:\/\/defensoriaparana.com.ar\/index.php\/wp-json\/wp\/v2\/users\/2"}],"replies":[{"embeddable":true,"href":"https:\/\/defensoriaparana.com.ar\/index.php\/wp-json\/wp\/v2\/comments?post=4810"}],"version-history":[{"count":1,"href":"https:\/\/defensoriaparana.com.ar\/index.php\/wp-json\/wp\/v2\/posts\/4810\/revisions"}],"predecessor-version":[{"id":4812,"href":"https:\/\/defensoriaparana.com.ar\/index.php\/wp-json\/wp\/v2\/posts\/4810\/revisions\/4812"}],"wp:featuredmedia":[{"embeddable":true,"href":"https:\/\/defensoriaparana.com.ar\/index.php\/wp-json\/wp\/v2\/media\/4811"}],"wp:attachment":[{"href":"https:\/\/defensoriaparana.com.ar\/index.php\/wp-json\/wp\/v2\/media?parent=4810"}],"wp:term":[{"taxonomy":"category","embeddable":true,"href":"https:\/\/defensoriaparana.com.ar\/index.php\/wp-json\/wp\/v2\/categories?post=4810"},{"taxonomy":"post_tag","embeddable":true,"href":"https:\/\/defensoriaparana.com.ar\/index.php\/wp-json\/wp\/v2\/tags?post=4810"}],"curies":[{"name":"wp","href":"https:\/\/api.w.org\/{rel}","templated":true}]}}