{"id":4821,"date":"2023-06-27T22:56:18","date_gmt":"2023-06-27T22:56:18","guid":{"rendered":"http:\/\/defensoriaparana.com.ar\/?p=4821"},"modified":"2023-06-27T22:56:18","modified_gmt":"2023-06-27T22:56:18","slug":"20-anos-de-la-defensoria-este-miercoles-habra-una-charla-sobre-los-derechos-de-autonomia-de-las-personas-mayores","status":"publish","type":"post","link":"https:\/\/defensoriaparana.com.ar\/index.php\/2023\/06\/27\/20-anos-de-la-defensoria-este-miercoles-habra-una-charla-sobre-los-derechos-de-autonomia-de-las-personas-mayores\/","title":{"rendered":"20 a\u00f1os de la Defensor\u00eda: Este mi\u00e9rcoles habr\u00e1 una charla sobre los derechos de autonom\u00eda de las personas mayores"},"content":{"rendered":"<p>\u201cDerecho a la autonom\u00eda en personas mayores. Prevenci\u00f3n de accidentes dom\u00e9sticos\u201d es el t\u00edtulo de una charla que se realizar\u00e1 este mi\u00e9rcoles, de 10 a 11.30.<\/p>\n<p>La actividad, que es parte de la semana de celebraci\u00f3n de los 20 a\u00f1os de la Defensor\u00eda del Pueblo de la Ciudad de Paran\u00e1, tendr\u00e1 lugar en la casa de la Asociaci\u00f3n El Recreo, en calle Alem 354, y estar\u00e1 a cargo de Ligia Blanco, Defensora de los Derechos de las Personas Mayores.<\/p>\n<p>La propuesta es abierta a la comunidad, por lo que se invita a participar del encuentro.<\/p>\n<p>La charla surgi\u00f3 a ra\u00edz de las consultas que llegan a la Defensor\u00eda en base a los casos de personas mayores que sufren fracturas u otras lesiones por accidentes ocurridos, principalmente, en sus hogares. En varios casos, se trata de \u00a0ca\u00eddas que producen fracturas de consideraci\u00f3n que afectan seriamente la autonom\u00eda de las personas. Por ello, para promover y preservar el derecho a esa autonom\u00eda, el objetivo de la charla consiste en brindar informaci\u00f3n y dar cuenta de consejos \u00fatiles para resguardar la salud, en vista de que una ca\u00edda puede afectar seriamente la calidad de vida.<\/p>\n<p><strong>Las actividades que vienen<\/strong><\/p>\n<p>El<strong> jueves 29, de 10.30 a 13.30<\/strong>, se realizar\u00e1 la charla Conflictos sociales. Una mirada desde el di\u00e1logo y el encuentro, en la sede de la Facultad de Ciencias Econ\u00f3micas, en calle Urquiza 552. El expositor ser\u00e1 Alejandro Nat\u00f3, reconocido especialista en mediaci\u00f3n de vasta trayectoria nacional e internacional y Coordinador de la Oficina de Gesti\u00f3n de Conflictos de la Defensor\u00eda del Pueblo de la Naci\u00f3n.<\/p>\n<p>&nbsp;<\/p>\n<p>El<strong> viernes 30, a partir de las 9<\/strong>, tendr\u00e1 lugar el acto central, que reunir\u00e1 a autoridades, Defensores del Pueblo, representantes vecinales y de organizaciones sociales y p\u00fablico en general, en el Centro Cultural y de Convenciones La Vieja Usina, ubicado en Gregoria Matorras de San Mart\u00edn 861.<\/p>\n<p>Tras la apertura de la jornada, Alejandro Nat\u00f3 desarrollar\u00e1 la charla abierta Democracia y participaci\u00f3n ciudadana. Aprendizajes y Desaf\u00edos. Los 40 a\u00f1os de democracia, los 20 de existencia de la Defensor\u00eda del Pueblo de Paran\u00e1, como \u00fanica instituci\u00f3n de su tipo constituida en la provincia, y la participaci\u00f3n ciudadana, son el marco de esta propuesta para la que se invita especialmente a la comunidad en su conjunto.<\/p>\n<p>En las primeras horas de la tarde, los titulares de las distintas Defensor\u00edas del Pueblo iniciar\u00e1n la reuni\u00f3n de Adpra, con una agenda de temas propuestos por las distintas instituciones del pa\u00eds en base a problem\u00e1ticas de cada zona, reclamos y preocupaciones de la ciudadan\u00eda.<\/p>\n","protected":false},"excerpt":{"rendered":"<p>\u201cDerecho a la autonom\u00eda en personas mayores. Prevenci\u00f3n de accidentes dom\u00e9sticos\u201d es el t\u00edtulo de una charla que se realizar\u00e1 este mi\u00e9rcoles, de 10 a 11.30. La actividad, que es parte de la semana de celebraci\u00f3n de los 20 a\u00f1os de la Defensor\u00eda del Pueblo de la Ciudad de Paran\u00e1, tendr\u00e1 lugar en la casa [&hellip;]<\/p>\n","protected":false},"author":2,"featured_media":4822,"comment_status":"open","ping_status":"open","sticky":false,"template":"","format":"standard","meta":{"om_disable_all_campaigns":false,"_monsterinsights_skip_tracking":false,"_monsterinsights_sitenote_active":false,"_monsterinsights_sitenote_note":"","_monsterinsights_sitenote_category":0},"categories":[1],"tags":[],"_links":{"self":[{"href":"https:\/\/defensoriaparana.com.ar\/index.php\/wp-json\/wp\/v2\/posts\/4821"}],"collection":[{"href":"https:\/\/defensoriaparana.com.ar\/index.php\/wp-json\/wp\/v2\/posts"}],"about":[{"href":"https:\/\/defensoriaparana.com.ar\/index.php\/wp-json\/wp\/v2\/types\/post"}],"author":[{"embeddable":true,"href":"https:\/\/defensoriaparana.com.ar\/index.php\/wp-json\/wp\/v2\/users\/2"}],"replies":[{"embeddable":true,"href":"https:\/\/defensoriaparana.com.ar\/index.php\/wp-json\/wp\/v2\/comments?post=4821"}],"version-history":[{"count":1,"href":"https:\/\/defensoriaparana.com.ar\/index.php\/wp-json\/wp\/v2\/posts\/4821\/revisions"}],"predecessor-version":[{"id":4823,"href":"https:\/\/defensoriaparana.com.ar\/index.php\/wp-json\/wp\/v2\/posts\/4821\/revisions\/4823"}],"wp:featuredmedia":[{"embeddable":true,"href":"https:\/\/defensoriaparana.com.ar\/index.php\/wp-json\/wp\/v2\/media\/4822"}],"wp:attachment":[{"href":"https:\/\/defensoriaparana.com.ar\/index.php\/wp-json\/wp\/v2\/media?parent=4821"}],"wp:term":[{"taxonomy":"category","embeddable":true,"href":"https:\/\/defensoriaparana.com.ar\/index.php\/wp-json\/wp\/v2\/categories?post=4821"},{"taxonomy":"post_tag","embeddable":true,"href":"https:\/\/defensoriaparana.com.ar\/index.php\/wp-json\/wp\/v2\/tags?post=4821"}],"curies":[{"name":"wp","href":"https:\/\/api.w.org\/{rel}","templated":true}]}}