{"id":4824,"date":"2023-06-27T23:00:17","date_gmt":"2023-06-27T23:00:17","guid":{"rendered":"http:\/\/defensoriaparana.com.ar\/?p=4824"},"modified":"2023-06-27T23:00:17","modified_gmt":"2023-06-27T23:00:17","slug":"con-una-nutrida-concurrencia-de-publico-se-desarrollo-una-charla-sobre-violencia-de-genero-en-la-escuela-lomas-del-mirador","status":"publish","type":"post","link":"https:\/\/defensoriaparana.com.ar\/index.php\/2023\/06\/27\/con-una-nutrida-concurrencia-de-publico-se-desarrollo-una-charla-sobre-violencia-de-genero-en-la-escuela-lomas-del-mirador\/","title":{"rendered":"Con una nutrida concurrencia de p\u00fablico, se desarroll\u00f3 una charla sobre violencia de g\u00e9nero en la Escuela Lomas del Mirador"},"content":{"rendered":"<div class=\"xdj266r x11i5rnm xat24cr x1mh8g0r x1vvkbs x126k92a\">\n<div dir=\"auto\"><\/div>\n<\/div>\n<div class=\"x11i5rnm xat24cr x1mh8g0r x1vvkbs xtlvy1s x126k92a\">\n<div dir=\"auto\">La Defensora del Pueblo, Marcia L\u00f3pez, junto a la Lic. Araceli Ibarra, tuvo a cargo la charla realizada es el marco de las actividades por los 20 a\u00f1os de la Defensor\u00eda del Pueblo de Paran\u00e1.<\/div>\n<div dir=\"auto\"><\/div>\n<\/div>\n<div class=\"x11i5rnm xat24cr x1mh8g0r x1vvkbs xtlvy1s x126k92a\">\n<div dir=\"auto\">\u201cViolencia de g\u00e9nero. Acceso a recursos institucionales\u201d fue el t\u00edtulo de la propuesta que convoc\u00f3 a estudiantes de la escuela, docentes y vecinos de la zona.<\/div>\n<div dir=\"auto\"><\/div>\n<\/div>\n<div class=\"x11i5rnm xat24cr x1mh8g0r x1vvkbs xtlvy1s x126k92a\">\n<div dir=\"auto\">La charla, que consisti\u00f3 en un panorama te\u00f3rico de la tem\u00e1tica con ejemplos concretos, gener\u00f3 la participaci\u00f3n de los presentes que -a partir de experiencias propias o de personas conocidas- fueron analizando y opinando sobre los distintos aspectos.<\/div>\n<\/div>\n<div dir=\"auto\"><img loading=\"lazy\" class=\"alignnone wp-image-4825 \" src=\"http:\/\/defensoriaparana.com.ar\/wp-content\/uploads\/2023\/06\/marcia-1024x768.jpg\" alt=\"\" width=\"553\" height=\"415\" srcset=\"https:\/\/defensoriaparana.com.ar\/wp-content\/uploads\/2023\/06\/marcia-1024x768.jpg 1024w, https:\/\/defensoriaparana.com.ar\/wp-content\/uploads\/2023\/06\/marcia-300x225.jpg 300w, https:\/\/defensoriaparana.com.ar\/wp-content\/uploads\/2023\/06\/marcia-768x576.jpg 768w, https:\/\/defensoriaparana.com.ar\/wp-content\/uploads\/2023\/06\/marcia-1536x1152.jpg 1536w, https:\/\/defensoriaparana.com.ar\/wp-content\/uploads\/2023\/06\/marcia.jpg 1600w\" sizes=\"(max-width: 553px) 100vw, 553px\" \/><img loading=\"lazy\" class=\"alignnone wp-image-4826 \" src=\"http:\/\/defensoriaparana.com.ar\/wp-content\/uploads\/2023\/06\/escuela1-1024x768.jpg\" alt=\"\" width=\"563\" height=\"422\" srcset=\"https:\/\/defensoriaparana.com.ar\/wp-content\/uploads\/2023\/06\/escuela1-1024x768.jpg 1024w, https:\/\/defensoriaparana.com.ar\/wp-content\/uploads\/2023\/06\/escuela1-300x225.jpg 300w, https:\/\/defensoriaparana.com.ar\/wp-content\/uploads\/2023\/06\/escuela1-768x576.jpg 768w, https:\/\/defensoriaparana.com.ar\/wp-content\/uploads\/2023\/06\/escuela1-1536x1152.jpg 1536w, https:\/\/defensoriaparana.com.ar\/wp-content\/uploads\/2023\/06\/escuela1.jpg 1600w\" sizes=\"(max-width: 563px) 100vw, 563px\" \/><\/div>\n<div dir=\"auto\"><img loading=\"lazy\" class=\"alignnone wp-image-4827 size-large\" src=\"http:\/\/defensoriaparana.com.ar\/wp-content\/uploads\/2023\/06\/escuela-1024x768.jpg\" alt=\"\" width=\"960\" height=\"720\" srcset=\"https:\/\/defensoriaparana.com.ar\/wp-content\/uploads\/2023\/06\/escuela-1024x768.jpg 1024w, https:\/\/defensoriaparana.com.ar\/wp-content\/uploads\/2023\/06\/escuela-300x225.jpg 300w, https:\/\/defensoriaparana.com.ar\/wp-content\/uploads\/2023\/06\/escuela-768x576.jpg 768w, https:\/\/defensoriaparana.com.ar\/wp-content\/uploads\/2023\/06\/escuela-1536x1152.jpg 1536w, https:\/\/defensoriaparana.com.ar\/wp-content\/uploads\/2023\/06\/escuela.jpg 1600w\" sizes=\"(max-width: 960px) 100vw, 960px\" \/><\/div>\n","protected":false},"excerpt":{"rendered":"<p>La Defensora del Pueblo, Marcia L\u00f3pez, junto a la Lic. Araceli Ibarra, tuvo a cargo la charla realizada es el marco de las actividades por los 20 a\u00f1os de la Defensor\u00eda del Pueblo de Paran\u00e1. \u201cViolencia de g\u00e9nero. Acceso a recursos institucionales\u201d fue el t\u00edtulo de la propuesta que convoc\u00f3 a estudiantes de la escuela, [&hellip;]<\/p>\n","protected":false},"author":2,"featured_media":4825,"comment_status":"open","ping_status":"open","sticky":false,"template":"","format":"standard","meta":{"om_disable_all_campaigns":false,"_monsterinsights_skip_tracking":false,"_monsterinsights_sitenote_active":false,"_monsterinsights_sitenote_note":"","_monsterinsights_sitenote_category":0},"categories":[1],"tags":[],"_links":{"self":[{"href":"https:\/\/defensoriaparana.com.ar\/index.php\/wp-json\/wp\/v2\/posts\/4824"}],"collection":[{"href":"https:\/\/defensoriaparana.com.ar\/index.php\/wp-json\/wp\/v2\/posts"}],"about":[{"href":"https:\/\/defensoriaparana.com.ar\/index.php\/wp-json\/wp\/v2\/types\/post"}],"author":[{"embeddable":true,"href":"https:\/\/defensoriaparana.com.ar\/index.php\/wp-json\/wp\/v2\/users\/2"}],"replies":[{"embeddable":true,"href":"https:\/\/defensoriaparana.com.ar\/index.php\/wp-json\/wp\/v2\/comments?post=4824"}],"version-history":[{"count":1,"href":"https:\/\/defensoriaparana.com.ar\/index.php\/wp-json\/wp\/v2\/posts\/4824\/revisions"}],"predecessor-version":[{"id":4828,"href":"https:\/\/defensoriaparana.com.ar\/index.php\/wp-json\/wp\/v2\/posts\/4824\/revisions\/4828"}],"wp:featuredmedia":[{"embeddable":true,"href":"https:\/\/defensoriaparana.com.ar\/index.php\/wp-json\/wp\/v2\/media\/4825"}],"wp:attachment":[{"href":"https:\/\/defensoriaparana.com.ar\/index.php\/wp-json\/wp\/v2\/media?parent=4824"}],"wp:term":[{"taxonomy":"category","embeddable":true,"href":"https:\/\/defensoriaparana.com.ar\/index.php\/wp-json\/wp\/v2\/categories?post=4824"},{"taxonomy":"post_tag","embeddable":true,"href":"https:\/\/defensoriaparana.com.ar\/index.php\/wp-json\/wp\/v2\/tags?post=4824"}],"curies":[{"name":"wp","href":"https:\/\/api.w.org\/{rel}","templated":true}]}}