{"id":4830,"date":"2023-07-06T18:20:09","date_gmt":"2023-07-06T18:20:09","guid":{"rendered":"http:\/\/defensoriaparana.com.ar\/?p=4830"},"modified":"2023-07-06T18:20:09","modified_gmt":"2023-07-06T18:20:09","slug":"la-defensoria-del-pueblo-estuvo-en-barrio-francisco-ramirez","status":"publish","type":"post","link":"https:\/\/defensoriaparana.com.ar\/index.php\/2023\/07\/06\/la-defensoria-del-pueblo-estuvo-en-barrio-francisco-ramirez\/","title":{"rendered":"La Defensor\u00eda del Pueblo estuvo en barrio Francisco Ram\u00edrez"},"content":{"rendered":"<div class=\"x11i5rnm xat24cr x1mh8g0r x1vvkbs xtlvy1s x126k92a\">\n<div dir=\"auto\">La oficina m\u00f3vil de la Defensor\u00eda del Pueblo de Paran\u00e1 estuvo este jueves en el barrio Francisco Ram\u00edrez, ubicado en la zona oeste de la ciudad, y atendi\u00f3 consultas, reclamos y solicitudes de informaci\u00f3n de vecinos de la zona.<\/div>\n<div dir=\"auto\"><\/div>\n<div dir=\"auto\">El Club Atl\u00e9tico Banfield, situado en las calles Guernica y Osinalde, fue el lugar donde se instal\u00f3 la oficina de la Defensor\u00eda junto a \u00e1reas municipales, provinciales y nacionales.<\/div>\n<div dir=\"auto\"><\/div>\n<div dir=\"auto\">La propuesta que se realiza en forma semanal desde la segunda mitad de 2021 tiene el objetivo de acercar a la ciudadan\u00eda la posibilidad de realizar distintos tr\u00e1mites y gestiones de \u00edndole social de jurisdicci\u00f3n municipal, provincial y nacional.<\/div>\n<div dir=\"auto\"><\/div>\n<div dir=\"auto\">La oficina m\u00f3vil estuvo a cargo de la Defensora del Pueblo Adjunta, Cecilia Pautaso, quien, junto a personal de la instituci\u00f3n, atendi\u00f3 durante la ma\u00f1ana una variedad de consultas.<\/div>\n<div dir=\"auto\"><\/div>\n<div dir=\"auto\">En las jornadas de atenci\u00f3n de cada jueves se encuentran las siguientes \u00e1reas: Tarjeta Sube, ANSES, DNI M\u00f3vil, Oficina de Empleo, Defensa al Consumidor, Centro de Acceso a la Justicia, Ministerio de Salud de la Entre R\u00edos con vacunaciones, la Subsecretar\u00eda de Salud de la Municipalidad con testeos de VIH, el programa Presentes del Consejo General de Educaci\u00f3n (CGE), INADI, y las subsecretar\u00edas que dependen de la Secretar\u00eda de Pol\u00edticas Sociales, Inclusivas y Comunitarias de la Municipalidad, entre otras.<\/div>\n<\/div>\n<div class=\"x11i5rnm xat24cr x1mh8g0r x1vvkbs xtlvy1s x126k92a\">\n<div dir=\"auto\"><\/div>\n<div dir=\"auto\">Cabe recordar que la Defensor\u00eda brinda asesoramiento e informaci\u00f3n, atiende solicitudes de mediaci\u00f3n y cuestiones referidas a derechos de las personas mayores, entre otros temas.<\/div>\n<\/div>\n<div class=\"x11i5rnm xat24cr x1mh8g0r x1vvkbs xtlvy1s x126k92a\">\n<div dir=\"auto\"><\/div>\n<div dir=\"auto\">La actividad se enmarca en el programa institucional \u201cLa Defensor\u00eda al encuentro\u201d de la ciudadan\u00eda y es considerada fundamental dentro de los objetivos de trabajo de la instituci\u00f3n, ya que se promueve el acercamiento con vecinos y la facilitaci\u00f3n de servicios en pos del conocimiento y ejercicio de los derechos.<\/div>\n<\/div>\n","protected":false},"excerpt":{"rendered":"<p>La oficina m\u00f3vil de la Defensor\u00eda del Pueblo de Paran\u00e1 estuvo este jueves en el barrio Francisco Ram\u00edrez, ubicado en la zona oeste de la ciudad, y atendi\u00f3 consultas, reclamos y solicitudes de informaci\u00f3n de vecinos de la zona. El Club Atl\u00e9tico Banfield, situado en las calles Guernica y Osinalde, fue el lugar donde se [&hellip;]<\/p>\n","protected":false},"author":2,"featured_media":4831,"comment_status":"open","ping_status":"open","sticky":false,"template":"","format":"standard","meta":{"om_disable_all_campaigns":false,"_monsterinsights_skip_tracking":false,"_monsterinsights_sitenote_active":false,"_monsterinsights_sitenote_note":"","_monsterinsights_sitenote_category":0},"categories":[1],"tags":[],"_links":{"self":[{"href":"https:\/\/defensoriaparana.com.ar\/index.php\/wp-json\/wp\/v2\/posts\/4830"}],"collection":[{"href":"https:\/\/defensoriaparana.com.ar\/index.php\/wp-json\/wp\/v2\/posts"}],"about":[{"href":"https:\/\/defensoriaparana.com.ar\/index.php\/wp-json\/wp\/v2\/types\/post"}],"author":[{"embeddable":true,"href":"https:\/\/defensoriaparana.com.ar\/index.php\/wp-json\/wp\/v2\/users\/2"}],"replies":[{"embeddable":true,"href":"https:\/\/defensoriaparana.com.ar\/index.php\/wp-json\/wp\/v2\/comments?post=4830"}],"version-history":[{"count":1,"href":"https:\/\/defensoriaparana.com.ar\/index.php\/wp-json\/wp\/v2\/posts\/4830\/revisions"}],"predecessor-version":[{"id":4832,"href":"https:\/\/defensoriaparana.com.ar\/index.php\/wp-json\/wp\/v2\/posts\/4830\/revisions\/4832"}],"wp:featuredmedia":[{"embeddable":true,"href":"https:\/\/defensoriaparana.com.ar\/index.php\/wp-json\/wp\/v2\/media\/4831"}],"wp:attachment":[{"href":"https:\/\/defensoriaparana.com.ar\/index.php\/wp-json\/wp\/v2\/media?parent=4830"}],"wp:term":[{"taxonomy":"category","embeddable":true,"href":"https:\/\/defensoriaparana.com.ar\/index.php\/wp-json\/wp\/v2\/categories?post=4830"},{"taxonomy":"post_tag","embeddable":true,"href":"https:\/\/defensoriaparana.com.ar\/index.php\/wp-json\/wp\/v2\/tags?post=4830"}],"curies":[{"name":"wp","href":"https:\/\/api.w.org\/{rel}","templated":true}]}}