{"id":4833,"date":"2023-06-28T18:20:52","date_gmt":"2023-06-28T18:20:52","guid":{"rendered":"http:\/\/defensoriaparana.com.ar\/?p=4833"},"modified":"2023-07-06T18:28:49","modified_gmt":"2023-07-06T18:28:49","slug":"el-derecho-a-la-autonomia-de-las-personas-mayores-fue-tema-de-una-charla-por-los-20-anos-de-la-defensoria","status":"publish","type":"post","link":"https:\/\/defensoriaparana.com.ar\/index.php\/2023\/06\/28\/el-derecho-a-la-autonomia-de-las-personas-mayores-fue-tema-de-una-charla-por-los-20-anos-de-la-defensoria\/","title":{"rendered":"El derecho a la autonom\u00eda de las personas mayores fue tema de una charla por los 20 a\u00f1os de la Defensor\u00eda"},"content":{"rendered":"<div class=\"xdj266r x11i5rnm xat24cr x1mh8g0r x1vvkbs x126k92a\">\n<div dir=\"auto\"><\/div>\n<\/div>\n<div class=\"x11i5rnm xat24cr x1mh8g0r x1vvkbs xtlvy1s x126k92a\">\n<div dir=\"auto\">En la ma\u00f1ana de este mi\u00e9rcoles, se desarroll\u00f3 la charla abierta \u201cDerecho a la autonom\u00eda en personas mayores. Prevenci\u00f3n de accidentes dom\u00e9sticos\u201d, en la sede de la Asociaci\u00f3n El Recreo. Estuvo a cargo de Ligia Blanco, Defensora de los Derechos de las Personas Mayores, y la actividad fue parte de la semana de celebraci\u00f3n de los 20 a\u00f1os de la Defensor\u00eda del Pueblo de la Ciudad de Paran\u00e1.<\/div>\n<div dir=\"auto\">\n<figure id=\"attachment_4836\" aria-describedby=\"caption-attachment-4836\" style=\"width: 577px\" class=\"wp-caption alignnone\"><img loading=\"lazy\" class=\"wp-image-4836 size-large\" src=\"http:\/\/defensoriaparana.com.ar\/wp-content\/uploads\/2023\/07\/ligia1-577x1024.jpg\" alt=\"\" width=\"577\" height=\"1024\" srcset=\"https:\/\/defensoriaparana.com.ar\/wp-content\/uploads\/2023\/07\/ligia1-577x1024.jpg 577w, https:\/\/defensoriaparana.com.ar\/wp-content\/uploads\/2023\/07\/ligia1-169x300.jpg 169w, https:\/\/defensoriaparana.com.ar\/wp-content\/uploads\/2023\/07\/ligia1-768x1362.jpg 768w, https:\/\/defensoriaparana.com.ar\/wp-content\/uploads\/2023\/07\/ligia1-866x1536.jpg 866w, https:\/\/defensoriaparana.com.ar\/wp-content\/uploads\/2023\/07\/ligia1.jpg 902w\" sizes=\"(max-width: 577px) 100vw, 577px\" \/><figcaption id=\"caption-attachment-4836\" class=\"wp-caption-text\">La Defensora de los Derechos de las Personas Mayores junto a la Defensora del Pueblo.<\/figcaption><\/figure>\n<\/div>\n<div dir=\"auto\"><\/div>\n<\/div>\n<div class=\"x11i5rnm xat24cr x1mh8g0r x1vvkbs xtlvy1s x126k92a\">\n<div dir=\"auto\">La charla, que tuvo lugar en la sede de la Asociaci\u00f3n El Recreo, cont\u00f3 con la presencia de la Defensora del Pueblo, Marcia L\u00f3pez. Durante el encuentro se analizaron las situaciones generadas a partir de accidentes dom\u00e9sticos que producen p\u00e9rdida de autonom\u00eda a personas mayores. Las ca\u00eddas fueron planteadas como una de las principales lesiones, con limitantes importantes.<\/div>\n<div dir=\"auto\"><\/div>\n<div dir=\"auto\">Ante ello, y teniendo en cuenta los aportes de las personas presentes, se analiz\u00f3 un listado de consejos \u00fatiles de prevenci\u00f3n de los accidentes m\u00e1s comunes, poni\u00e9ndose como meta la preservaci\u00f3n del derecho de autonom\u00eda.<\/div>\n<div dir=\"auto\"><img loading=\"lazy\" class=\"alignnone wp-image-4835 size-large\" src=\"http:\/\/defensoriaparana.com.ar\/wp-content\/uploads\/2023\/07\/ligia2-577x1024.jpg\" alt=\"\" width=\"577\" height=\"1024\" srcset=\"https:\/\/defensoriaparana.com.ar\/wp-content\/uploads\/2023\/07\/ligia2-577x1024.jpg 577w, https:\/\/defensoriaparana.com.ar\/wp-content\/uploads\/2023\/07\/ligia2-169x300.jpg 169w, https:\/\/defensoriaparana.com.ar\/wp-content\/uploads\/2023\/07\/ligia2-768x1362.jpg 768w, https:\/\/defensoriaparana.com.ar\/wp-content\/uploads\/2023\/07\/ligia2-866x1536.jpg 866w, https:\/\/defensoriaparana.com.ar\/wp-content\/uploads\/2023\/07\/ligia2.jpg 902w\" sizes=\"(max-width: 577px) 100vw, 577px\" \/><\/div>\n<div dir=\"auto\"><\/div>\n<\/div>\n<div class=\"x11i5rnm xat24cr x1mh8g0r x1vvkbs xtlvy1s x126k92a\">\n<div dir=\"auto\"><span class=\"x3nfvp2 x1j61x8r x1fcty0u xdj266r xhhsvwb xat24cr xgzva0m xxymvpz xlup9mm x1kky2od\"><img loading=\"lazy\" src=\"https:\/\/static.xx.fbcdn.net\/images\/emoji.php\/v9\/t6e\/1\/16\/1f534.png\" alt=\"\ud83d\udd34\" width=\"16\" height=\"16\" \/><\/span>La agenda para este jueves y viernes<\/div>\n<div dir=\"auto\"><\/div>\n<\/div>\n<div class=\"x11i5rnm xat24cr x1mh8g0r x1vvkbs xtlvy1s x126k92a\">\n<div dir=\"auto\"><span class=\"x3nfvp2 x1j61x8r x1fcty0u xdj266r xhhsvwb xat24cr xgzva0m xxymvpz xlup9mm x1kky2od\"><img loading=\"lazy\" src=\"https:\/\/static.xx.fbcdn.net\/images\/emoji.php\/v9\/t51\/1\/16\/1f449.png\" alt=\"\ud83d\udc49\" width=\"16\" height=\"16\" \/><\/span>El jueves 29, de 10.30 a 13.30, se realizar\u00e1 la charla Conflictos sociales. Una mirada desde el di\u00e1logo y el encuentro, en la sede de la Facultad de Ciencias Econ\u00f3micas, en calle Urquiza 552. El expositor ser\u00e1 Alejandro Nat\u00f3, reconocido especialista en mediaci\u00f3n de vasta trayectoria nacional e internacional y Coordinador de la Oficina de Gesti\u00f3n de Conflictos de la Defensor\u00eda del Pueblo de la Naci\u00f3n.<\/div>\n<\/div>\n<div class=\"x11i5rnm xat24cr x1mh8g0r x1vvkbs xtlvy1s x126k92a\">\n<div dir=\"auto\"><span class=\"x3nfvp2 x1j61x8r x1fcty0u xdj266r xhhsvwb xat24cr xgzva0m xxymvpz xlup9mm x1kky2od\"><img loading=\"lazy\" src=\"https:\/\/static.xx.fbcdn.net\/images\/emoji.php\/v9\/t51\/1\/16\/1f449.png\" alt=\"\ud83d\udc49\" width=\"16\" height=\"16\" \/><\/span>El viernes 30, a partir de las 9, tendr\u00e1 lugar el acto central, que contar\u00e1 con la presencia especial de Defensores del Pueblo de distintos puntos del pa\u00eds. La ceremonia reunir\u00e1 a autoridades, representantes vecinales y de organizaciones sociales y p\u00fablico en general, en el Centro Cultural y de Convenciones La Vieja Usina, ubicado en Gregoria Matorras de San Mart\u00edn 861.<\/div>\n<\/div>\n<div class=\"x11i5rnm xat24cr x1mh8g0r x1vvkbs xtlvy1s x126k92a\">\n<div dir=\"auto\"><span class=\"x3nfvp2 x1j61x8r x1fcty0u xdj266r xhhsvwb xat24cr xgzva0m xxymvpz xlup9mm x1kky2od\"><img loading=\"lazy\" src=\"https:\/\/static.xx.fbcdn.net\/images\/emoji.php\/v9\/t51\/1\/16\/1f449.png\" alt=\"\ud83d\udc49\" width=\"16\" height=\"16\" \/><\/span>Tras la apertura de la jornada, Alejandro Nat\u00f3 desarrollar\u00e1 la charla abierta \u201cDemocracia y participaci\u00f3n ciudadana. Aprendizajes y Desaf\u00edos\u201d.<\/div>\n<div dir=\"auto\">Los 40 a\u00f1os de democracia, los 20 de existencia de la Defensor\u00eda del Pueblo de Paran\u00e1, como \u00fanica instituci\u00f3n de su tipo constituida en la provincia, y la participaci\u00f3n ciudadana, son el marco de esta propuesta para la que se invita especialmente a la comunidad en su conjunto.<\/div>\n<\/div>\n<div class=\"x11i5rnm xat24cr x1mh8g0r x1vvkbs xtlvy1s x126k92a\">\n<div dir=\"auto\"><span class=\"x3nfvp2 x1j61x8r x1fcty0u xdj266r xhhsvwb xat24cr xgzva0m xxymvpz xlup9mm x1kky2od\"><img loading=\"lazy\" src=\"https:\/\/static.xx.fbcdn.net\/images\/emoji.php\/v9\/t51\/1\/16\/1f449.png\" alt=\"\ud83d\udc49\" width=\"16\" height=\"16\" \/><\/span><span class=\"x3nfvp2 x1j61x8r x1fcty0u xdj266r xhhsvwb xat24cr xgzva0m xxymvpz xlup9mm x1kky2od\"><img loading=\"lazy\" src=\"https:\/\/static.xx.fbcdn.net\/images\/emoji.php\/v9\/t51\/1\/16\/1f449.png\" alt=\"\ud83d\udc49\" width=\"16\" height=\"16\" \/><\/span> Reuni\u00f3n de Defensor\u00edas del pa\u00eds: En las primeras horas de la tarde del viernes, los titulares de las distintas Defensor\u00edas del Pueblo presentes iniciar\u00e1n el I Plenario de 2023 de la Asociaci\u00f3n de Defensor\u00edas del Pueblo de la Rep\u00fablica Argentina (Adpra), organizaci\u00f3n que re\u00fane a instituciones del pa\u00eds, entre ellas a la de Paran\u00e1. El encuentro tendr\u00e1 una agenda de temas propuestos por las distintas instituciones del pa\u00eds en base a problem\u00e1ticas de cada zona, reclamos y preocupaciones de la ciudadan\u00eda.<\/div>\n<\/div>\n","protected":false},"excerpt":{"rendered":"<p>En la ma\u00f1ana de este mi\u00e9rcoles, se desarroll\u00f3 la charla abierta \u201cDerecho a la autonom\u00eda en personas mayores. Prevenci\u00f3n de accidentes dom\u00e9sticos\u201d, en la sede de la Asociaci\u00f3n El Recreo. Estuvo a cargo de Ligia Blanco, Defensora de los Derechos de las Personas Mayores, y la actividad fue parte de la semana de celebraci\u00f3n de [&hellip;]<\/p>\n","protected":false},"author":2,"featured_media":4837,"comment_status":"open","ping_status":"open","sticky":false,"template":"","format":"standard","meta":{"om_disable_all_campaigns":false,"_monsterinsights_skip_tracking":false,"_monsterinsights_sitenote_active":false,"_monsterinsights_sitenote_note":"","_monsterinsights_sitenote_category":0},"categories":[1],"tags":[],"_links":{"self":[{"href":"https:\/\/defensoriaparana.com.ar\/index.php\/wp-json\/wp\/v2\/posts\/4833"}],"collection":[{"href":"https:\/\/defensoriaparana.com.ar\/index.php\/wp-json\/wp\/v2\/posts"}],"about":[{"href":"https:\/\/defensoriaparana.com.ar\/index.php\/wp-json\/wp\/v2\/types\/post"}],"author":[{"embeddable":true,"href":"https:\/\/defensoriaparana.com.ar\/index.php\/wp-json\/wp\/v2\/users\/2"}],"replies":[{"embeddable":true,"href":"https:\/\/defensoriaparana.com.ar\/index.php\/wp-json\/wp\/v2\/comments?post=4833"}],"version-history":[{"count":1,"href":"https:\/\/defensoriaparana.com.ar\/index.php\/wp-json\/wp\/v2\/posts\/4833\/revisions"}],"predecessor-version":[{"id":4838,"href":"https:\/\/defensoriaparana.com.ar\/index.php\/wp-json\/wp\/v2\/posts\/4833\/revisions\/4838"}],"wp:featuredmedia":[{"embeddable":true,"href":"https:\/\/defensoriaparana.com.ar\/index.php\/wp-json\/wp\/v2\/media\/4837"}],"wp:attachment":[{"href":"https:\/\/defensoriaparana.com.ar\/index.php\/wp-json\/wp\/v2\/media?parent=4833"}],"wp:term":[{"taxonomy":"category","embeddable":true,"href":"https:\/\/defensoriaparana.com.ar\/index.php\/wp-json\/wp\/v2\/categories?post=4833"},{"taxonomy":"post_tag","embeddable":true,"href":"https:\/\/defensoriaparana.com.ar\/index.php\/wp-json\/wp\/v2\/tags?post=4833"}],"curies":[{"name":"wp","href":"https:\/\/api.w.org\/{rel}","templated":true}]}}