{"id":4839,"date":"2023-06-29T18:28:59","date_gmt":"2023-06-29T18:28:59","guid":{"rendered":"http:\/\/defensoriaparana.com.ar\/?p=4839"},"modified":"2023-07-06T18:31:40","modified_gmt":"2023-07-06T18:31:40","slug":"la-defensoria-del-pueblo-de-parana-invita-a-la-comunidad-a-participar-este-viernes-del-acto-central-por-el-aniversario-de-la-institucion","status":"publish","type":"post","link":"https:\/\/defensoriaparana.com.ar\/index.php\/2023\/06\/29\/la-defensoria-del-pueblo-de-parana-invita-a-la-comunidad-a-participar-este-viernes-del-acto-central-por-el-aniversario-de-la-institucion\/","title":{"rendered":"La Defensor\u00eda del Pueblo de Paran\u00e1 invita a la comunidad a participar este viernes del acto central por el aniversario de la instituci\u00f3n"},"content":{"rendered":"<div class=\"xdj266r x11i5rnm xat24cr x1mh8g0r x1vvkbs x126k92a\">\n<div dir=\"auto\"><\/div>\n<div dir=\"auto\"><\/div>\n<\/div>\n<div class=\"x11i5rnm xat24cr x1mh8g0r x1vvkbs xtlvy1s x126k92a\">\n<div dir=\"auto\">La ceremonia central por el 20\u00b0 aniversario de la Defensor\u00eda del Pueblo de la Ciudad de Paran\u00e1 se realizar\u00e1 este viernes, a partir de las 9, en el sal\u00f3n de La Vieja Usina, en Gregoria Matorras de San Mart\u00edn 861.<\/div>\n<div dir=\"auto\"><\/div>\n<div dir=\"auto\">El acto contar\u00e1 con la presencia especial de titulares de Defensor\u00edas del Pueblo de distintos puntos del pa\u00eds y reunir\u00e1 a autoridades, representantes vecinales y de organizaciones sociales y p\u00fablico en general.<\/div>\n<div dir=\"auto\"><\/div>\n<\/div>\n<div class=\"x11i5rnm xat24cr x1mh8g0r x1vvkbs xtlvy1s x126k92a\">\n<div dir=\"auto\">Tras la apertura de la jornada, habr\u00e1 una charla abierta a la comunidad sobre \u201cDemocracia y participaci\u00f3n ciudadana. Aprendizajes y Desaf\u00edos\u201d, a cargo de Alejandro Nat\u00f3, un reconocido especialista en mediaci\u00f3n comunitaria y conflictos p\u00fablicos de vasta trayectoria nacional e internacional. El expositor, quien cuenta con un vasto curr\u00edculum, es Doctor en Derecho por la Universidad de Mar del Plata, M\u00e1ster en Mediaci\u00f3n y Resoluci\u00f3n de Conflictos por la Universidad de Le\u00f3n, Espa\u00f1a, y se desempe\u00f1a como Coordinador de la Oficina de Gesti\u00f3n de Conflictos de la Defensor\u00eda del Pueblo de la Naci\u00f3n y Coordinador Acad\u00e9mico del Instituto Latinoamericano del Ombudsman.<\/div>\n<div dir=\"auto\"><\/div>\n<\/div>\n<div class=\"x11i5rnm xat24cr x1mh8g0r x1vvkbs xtlvy1s x126k92a\">\n<div dir=\"auto\">La charla se enmarca en la conmemoraci\u00f3n de los 40 a\u00f1os de democracia, de las dos d\u00e9cadas de existencia de la Defensor\u00eda del Pueblo de Paran\u00e1, como \u00fanica instituci\u00f3n de su tipo constituida en la provincia, y el ejercicio de la participaci\u00f3n ciudadana.<\/div>\n<div dir=\"auto\">Con esta convocatoria, la Defensor\u00eda del Pueblo de Paran\u00e1 invita especialmente a la ciudadan\u00eda en general a participar de las actividades de cierre de la celebraci\u00f3n que abarc\u00f3 esta semana con distintas propuestas a la comunidad.<\/div>\n<div dir=\"auto\">.<\/div>\n<div dir=\"auto\"><span class=\"x3nfvp2 x1j61x8r x1fcty0u xdj266r xhhsvwb xat24cr xgzva0m xxymvpz xlup9mm x1kky2od\"><img loading=\"lazy\" src=\"https:\/\/static.xx.fbcdn.net\/images\/emoji.php\/v9\/t51\/1\/16\/1f449.png\" alt=\"\ud83d\udc49\" width=\"16\" height=\"16\" \/><\/span>Reuni\u00f3n de Defensor\u00edas del pa\u00eds<\/div>\n<div dir=\"auto\">.<\/div>\n<div dir=\"auto\">En las primeras horas de la tarde de este viernes, los titulares de las distintas Defensor\u00edas del Pueblo presentes iniciar\u00e1n el I Plenario de 2023 de la Asociaci\u00f3n de Defensor\u00edas del Pueblo de la Rep\u00fablica Argentina (Adpra), organizaci\u00f3n que re\u00fane a instituciones del pa\u00eds, entre ellas a la de Paran\u00e1.<\/div>\n<div dir=\"auto\">El encuentro tendr\u00e1 una interesante agenda de temas, propuestos por las distintas instituciones del pa\u00eds en base a problem\u00e1ticas de cada zona, reclamos y preocupaciones de la ciudadan\u00eda.<\/div>\n<div dir=\"auto\">.<\/div>\n<div dir=\"auto\"><span class=\"x3nfvp2 x1j61x8r x1fcty0u xdj266r xhhsvwb xat24cr xgzva0m xxymvpz xlup9mm x1kky2od\"><img loading=\"lazy\" src=\"https:\/\/static.xx.fbcdn.net\/images\/emoji.php\/v9\/t51\/1\/16\/1f449.png\" alt=\"\ud83d\udc49\" width=\"16\" height=\"16\" \/><\/span>La atenci\u00f3n ser\u00e1 virtual<\/div>\n<\/div>\n<div class=\"x11i5rnm xat24cr x1mh8g0r x1vvkbs xtlvy1s x126k92a\">\n<div dir=\"auto\">Ante las actividades de este viernes, la Defensor\u00eda del Pueblo suspender\u00e1 la atenci\u00f3n presencial a la ciudadan\u00eda y mantendr\u00e1 las v\u00edas virtuales. Las personas interesadas en realizar una consulta o reclamo pueden comunicarse con la l\u00ednea de <span class=\"x3nfvp2 x1j61x8r x1fcty0u xdj266r xhhsvwb xat24cr xgzva0m xxymvpz xlup9mm x1kky2od\"><img loading=\"lazy\" src=\"https:\/\/static.xx.fbcdn.net\/images\/emoji.php\/v9\/td8\/1\/16\/1f4f2.png\" alt=\"\ud83d\udcf2\" width=\"16\" height=\"16\" \/><\/span> WhatsApp 343 5346616, enviar un <span class=\"x3nfvp2 x1j61x8r x1fcty0u xdj266r xhhsvwb xat24cr xgzva0m xxymvpz xlup9mm x1kky2od\"><img loading=\"lazy\" src=\"https:\/\/static.xx.fbcdn.net\/images\/emoji.php\/v9\/t8c\/1\/16\/1f4bb.png\" alt=\"\ud83d\udcbb\" width=\"16\" height=\"16\" \/><\/span>mail a defensoriaparana@gmail.com o dejar su <span class=\"x3nfvp2 x1j61x8r x1fcty0u xdj266r xhhsvwb xat24cr xgzva0m xxymvpz xlup9mm x1kky2od\"><img loading=\"lazy\" src=\"https:\/\/static.xx.fbcdn.net\/images\/emoji.php\/v9\/t57\/1\/16\/1f4f1.png\" alt=\"\ud83d\udcf1\" width=\"16\" height=\"16\" \/><\/span>mensaje en el Facebook Defensor\u00eda del Pueblo Paran\u00e1.<\/div>\n<\/div>\n","protected":false},"excerpt":{"rendered":"<p>La ceremonia central por el 20\u00b0 aniversario de la Defensor\u00eda del Pueblo de la Ciudad de Paran\u00e1 se realizar\u00e1 este viernes, a partir de las 9, en el sal\u00f3n de La Vieja Usina, en Gregoria Matorras de San Mart\u00edn 861. El acto contar\u00e1 con la presencia especial de titulares de Defensor\u00edas del Pueblo de distintos [&hellip;]<\/p>\n","protected":false},"author":2,"featured_media":4840,"comment_status":"open","ping_status":"open","sticky":false,"template":"","format":"standard","meta":{"om_disable_all_campaigns":false,"_monsterinsights_skip_tracking":false,"_monsterinsights_sitenote_active":false,"_monsterinsights_sitenote_note":"","_monsterinsights_sitenote_category":0},"categories":[1],"tags":[],"_links":{"self":[{"href":"https:\/\/defensoriaparana.com.ar\/index.php\/wp-json\/wp\/v2\/posts\/4839"}],"collection":[{"href":"https:\/\/defensoriaparana.com.ar\/index.php\/wp-json\/wp\/v2\/posts"}],"about":[{"href":"https:\/\/defensoriaparana.com.ar\/index.php\/wp-json\/wp\/v2\/types\/post"}],"author":[{"embeddable":true,"href":"https:\/\/defensoriaparana.com.ar\/index.php\/wp-json\/wp\/v2\/users\/2"}],"replies":[{"embeddable":true,"href":"https:\/\/defensoriaparana.com.ar\/index.php\/wp-json\/wp\/v2\/comments?post=4839"}],"version-history":[{"count":1,"href":"https:\/\/defensoriaparana.com.ar\/index.php\/wp-json\/wp\/v2\/posts\/4839\/revisions"}],"predecessor-version":[{"id":4841,"href":"https:\/\/defensoriaparana.com.ar\/index.php\/wp-json\/wp\/v2\/posts\/4839\/revisions\/4841"}],"wp:featuredmedia":[{"embeddable":true,"href":"https:\/\/defensoriaparana.com.ar\/index.php\/wp-json\/wp\/v2\/media\/4840"}],"wp:attachment":[{"href":"https:\/\/defensoriaparana.com.ar\/index.php\/wp-json\/wp\/v2\/media?parent=4839"}],"wp:term":[{"taxonomy":"category","embeddable":true,"href":"https:\/\/defensoriaparana.com.ar\/index.php\/wp-json\/wp\/v2\/categories?post=4839"},{"taxonomy":"post_tag","embeddable":true,"href":"https:\/\/defensoriaparana.com.ar\/index.php\/wp-json\/wp\/v2\/tags?post=4839"}],"curies":[{"name":"wp","href":"https:\/\/api.w.org\/{rel}","templated":true}]}}