{"id":4842,"date":"2023-06-29T18:31:54","date_gmt":"2023-06-29T18:31:54","guid":{"rendered":"http:\/\/defensoriaparana.com.ar\/?p=4842"},"modified":"2023-07-06T18:34:56","modified_gmt":"2023-07-06T18:34:56","slug":"una-charla-sobre-conflictos-sociales-convoco-a-unos-50-referentes-territoriales-de-la-ciudad-y-a-publico-en-general","status":"publish","type":"post","link":"https:\/\/defensoriaparana.com.ar\/index.php\/2023\/06\/29\/una-charla-sobre-conflictos-sociales-convoco-a-unos-50-referentes-territoriales-de-la-ciudad-y-a-publico-en-general\/","title":{"rendered":"Una charla sobre conflictos sociales convoc\u00f3 a unos 50 referentes territoriales de la ciudad y a p\u00fablico en general"},"content":{"rendered":"<div>\n<div class=\"\" dir=\"auto\">\n<div id=\":rfc:\" class=\"x1iorvi4 x1pi30zi x1l90r2v x1swvt13\" data-ad-comet-preview=\"message\" data-ad-preview=\"message\">\n<div class=\"x78zum5 xdt5ytf xz62fqu x16ldp7u\">\n<div class=\"xu06os2 x1ok221b\">\n<div class=\"xdj266r x11i5rnm xat24cr x1mh8g0r x1vvkbs x126k92a\">\n<div dir=\"auto\"><\/div>\n<\/div>\n<div class=\"x11i5rnm xat24cr x1mh8g0r x1vvkbs xtlvy1s x126k92a\">\n<div dir=\"auto\">Como parte de las actividades por los 20 a\u00f1os de la Defensor\u00eda del Pueblo de la Ciudad de Paran\u00e1, este jueves por la ma\u00f1ana se llev\u00f3 a cabo la charla \u201cConflictos sociales. Una mirada desde el di\u00e1logo y el encuentro\u201d, en la sede de la Facultad de Ciencias Econ\u00f3micas.<\/div>\n<div dir=\"auto\"><\/div>\n<\/div>\n<div class=\"x11i5rnm xat24cr x1mh8g0r x1vvkbs xtlvy1s x126k92a\">\n<div dir=\"auto\">Unas 50 personas participaron de la propuesta que estuvo a cargo de Alejandro Nat\u00f3, mediador experto en conflictos sociales complejos y responsable de la Oficina de Gesti\u00f3n de Conflictos de la Defensor\u00eda del Pueblo de la Naci\u00f3n.<\/div>\n<div dir=\"auto\"><\/div>\n<\/div>\n<div class=\"x11i5rnm xat24cr x1mh8g0r x1vvkbs xtlvy1s x126k92a\">\n<div dir=\"auto\">La convocatoria estuvo dirigida especialmente a referentes territoriales, integrantes de las redes interinstitucionales de la ciudad, y tambi\u00e9n cont\u00f3 con p\u00fablico en general. El encuentro fue considerado \u201cmuy productivo\u201d, ya que se plante\u00f3 un intercambio profundo a partir de las reflexiones sobre experiencias y relatos de vivencias en primera persona de operadores territoriales y de conflictos en relaci\u00f3n al trabajo en red, el rol del Estado y las responsabilidades compartidas.<\/div>\n<\/div>\n<div class=\"x11i5rnm xat24cr x1mh8g0r x1vvkbs xtlvy1s x126k92a\">\n<div dir=\"auto\"><\/div>\n<div dir=\"auto\">A lo largo del encuentro, los asistentes participaron en torno de los valiosos aportes realizados por el docente Alejandro Nat\u00f3.<\/div>\n<\/div>\n<div class=\"x11i5rnm xat24cr x1mh8g0r x1vvkbs xtlvy1s x126k92a\">\n<div dir=\"auto\"><\/div>\n<div dir=\"auto\">La actividad fue organizada por el Centro de Mediaci\u00f3n Defensor\u00eda del Pueblo de Paran\u00e1, junto al Centro de Estudio y An\u00e1lisis en Resoluci\u00f3n y Transformaci\u00f3n de Conflictos y Proyecto PAR Facultad de Ciencias Econ\u00f3micas (Uner).<\/div>\n<\/div>\n<\/div>\n<\/div>\n<\/div>\n<\/div>\n<div id=\":rfd:\" class=\"x1n2onr6\">\n<div class=\"x1n2onr6\">\n<div>\n<div class=\"x1n2onr6\">\n<div class=\"x1n2onr6\">\n<div class=\"x6ikm8r x10wlt62 x10l6tqk\">\n<div class=\"x6ikm8r x10wlt62\">\n<div class=\"xqtp20y x6ikm8r x10wlt62 x1n2onr6\">\n<div class=\"x10l6tqk x13vifvy\"><img class=\"x1ey2m1c xds687c x5yr21d x10l6tqk x17qophe x13vifvy xh8yej3\" src=\"https:\/\/scontent.fros2-2.fna.fbcdn.net\/v\/t39.30808-6\/356234023_610595944499727_322213814364057445_n.jpg?stp=dst-jpg_s600x600&amp;_nc_cat=103&amp;ccb=1-7&amp;_nc_sid=730e14&amp;_nc_ohc=76OA_5rF1M0AX-AKMB9&amp;_nc_ht=scontent.fros2-2.fna&amp;oh=00_AfAkyj6UeeMPsilSIZB7f4yGBgusU5kblBM0swjr9XYgjg&amp;oe=64AC3B1F\" alt=\"\" \/><\/div>\n<\/div>\n<div class=\"xua58t2 xzg4506 x1ey2m1c x9f619 xds687c x47corl x10l6tqk x17qophe x13vifvy\"><\/div>\n<\/div>\n<div class=\"x1o1ewxj x3x9cwd x1e5q0jg x13rtm0m x1ey2m1c xds687c xg01cxk x47corl x10l6tqk x17qophe x13vifvy x1ebt8du x19991ni x1dhq9h\" data-visualcompletion=\"ignore\"><\/div>\n<\/div>\n<div class=\"x6ikm8r x10wlt62 x10l6tqk\">\n<div class=\"x6ikm8r x10wlt62\">\n<div class=\"xqtp20y x6ikm8r x10wlt62 x1n2onr6\">\n<div class=\"x10l6tqk x13vifvy\"><img class=\"x1ey2m1c xds687c x5yr21d x10l6tqk x17qophe x13vifvy xh8yej3\" src=\"https:\/\/scontent.fros2-1.fna.fbcdn.net\/v\/t39.30808-6\/356835458_610596257833029_7643515106204110276_n.jpg?stp=dst-jpg_s600x600&amp;_nc_cat=101&amp;ccb=1-7&amp;_nc_sid=730e14&amp;_nc_ohc=_GvnDfxuUIgAX-OFCAv&amp;_nc_ht=scontent.fros2-1.fna&amp;oh=00_AfAk5FYgmjCOd9yMlX8UO0mftE0XcLozETq7YvXrRaNvkQ&amp;oe=64AB1595\" alt=\"\" \/><\/div>\n<\/div>\n<div class=\"xua58t2 xzg4506 x1ey2m1c x9f619 xds687c x47corl x10l6tqk x17qophe x13vifvy\"><\/div>\n<\/div>\n<div class=\"x1o1ewxj x3x9cwd x1e5q0jg x13rtm0m x1ey2m1c xds687c xg01cxk x47corl x10l6tqk x17qophe x13vifvy x1ebt8du x19991ni x1dhq9h\" data-visualcompletion=\"ignore\"><\/div>\n<\/div>\n<div class=\"x6ikm8r x10wlt62 x10l6tqk\">\n<div class=\"x6ikm8r x10wlt62\">\n<div class=\"xqtp20y x6ikm8r x10wlt62 x1n2onr6\">\n<div class=\"x10l6tqk x13vifvy\"><img class=\"x1ey2m1c xds687c x5yr21d x10l6tqk x17qophe x13vifvy xh8yej3\" src=\"https:\/\/scontent.fros2-2.fna.fbcdn.net\/v\/t39.30808-6\/355894096_610596314499690_91786198574374037_n.jpg?stp=dst-jpg_s600x600&amp;_nc_cat=109&amp;ccb=1-7&amp;_nc_sid=730e14&amp;_nc_ohc=oDBEtRwGfQ8AX8B6drj&amp;_nc_ht=scontent.fros2-2.fna&amp;oh=00_AfBjmYzpQlFHp1ifZ3ztbJl50clSpjudjyWOCkxItZgTBw&amp;oe=64AC0969\" alt=\"\" \/><\/div>\n<\/div>\n<div class=\"xua58t2 xzg4506 x1ey2m1c x9f619 xds687c x47corl x10l6tqk x17qophe x13vifvy\"><\/div>\n<\/div>\n<div class=\"x1o1ewxj x3x9cwd x1e5q0jg x13rtm0m x1ey2m1c xds687c xg01cxk x47corl x10l6tqk x17qophe x13vifvy x1ebt8du x19991ni x1dhq9h\" data-visualcompletion=\"ignore\"><\/div>\n<\/div>\n<\/div>\n<\/div>\n<\/div>\n<\/div>\n<div class=\"x6ikm8r x10wlt62\"><\/div>\n<\/div>\n<\/div>\n<div class=\"x8gbvx8 xdppsyt x1n2xptk x78zum5 x1q0g3np x1qughib xz9dl7a xn6708d xsag5q8 xpkgp8e\">\n<div class=\"x6s0dn4 x78zum5 x1nhvcw1\"><\/div>\n<\/div>\n<div>\n<div class=\"x168nmei x13lgxp2 x30kzoy x9jhf4c x6ikm8r x10wlt62\" data-visualcompletion=\"ignore-dynamic\">\n<div>\n<div>\n<div>\n<div class=\"x1n2onr6\">\n<div class=\"x6s0dn4 xi81zsa x78zum5 x6prxxf x13a6bvl xvq8zen xdj266r xktsk01 xat24cr x1d52u69 x889kno x4uap5 x1a8lsjc xkhd6sd xdppsyt\">\n<div class=\"x1c4vz4f x2lah0s xci0xqf\"><\/div>\n<div class=\"x9f619 x1n2onr6 x1ja2u2z x78zum5 x2lah0s x1qughib x1qjc9v5 xozqiw3 x1q0g3np xykv574 xbmpl8g x4cne27 xifccgj\"><\/div>\n<\/div>\n<\/div>\n<\/div>\n<\/div>\n<\/div>\n<\/div>\n<\/div>\n","protected":false},"excerpt":{"rendered":"<p>Como parte de las actividades por los 20 a\u00f1os de la Defensor\u00eda del Pueblo de la Ciudad de Paran\u00e1, este jueves por la ma\u00f1ana se llev\u00f3 a cabo la charla \u201cConflictos sociales. Una mirada desde el di\u00e1logo y el encuentro\u201d, en la sede de la Facultad de Ciencias Econ\u00f3micas. Unas 50 personas participaron de la [&hellip;]<\/p>\n","protected":false},"author":2,"featured_media":4843,"comment_status":"open","ping_status":"open","sticky":false,"template":"","format":"standard","meta":{"om_disable_all_campaigns":false,"_monsterinsights_skip_tracking":false,"_monsterinsights_sitenote_active":false,"_monsterinsights_sitenote_note":"","_monsterinsights_sitenote_category":0},"categories":[1],"tags":[],"_links":{"self":[{"href":"https:\/\/defensoriaparana.com.ar\/index.php\/wp-json\/wp\/v2\/posts\/4842"}],"collection":[{"href":"https:\/\/defensoriaparana.com.ar\/index.php\/wp-json\/wp\/v2\/posts"}],"about":[{"href":"https:\/\/defensoriaparana.com.ar\/index.php\/wp-json\/wp\/v2\/types\/post"}],"author":[{"embeddable":true,"href":"https:\/\/defensoriaparana.com.ar\/index.php\/wp-json\/wp\/v2\/users\/2"}],"replies":[{"embeddable":true,"href":"https:\/\/defensoriaparana.com.ar\/index.php\/wp-json\/wp\/v2\/comments?post=4842"}],"version-history":[{"count":1,"href":"https:\/\/defensoriaparana.com.ar\/index.php\/wp-json\/wp\/v2\/posts\/4842\/revisions"}],"predecessor-version":[{"id":4844,"href":"https:\/\/defensoriaparana.com.ar\/index.php\/wp-json\/wp\/v2\/posts\/4842\/revisions\/4844"}],"wp:featuredmedia":[{"embeddable":true,"href":"https:\/\/defensoriaparana.com.ar\/index.php\/wp-json\/wp\/v2\/media\/4843"}],"wp:attachment":[{"href":"https:\/\/defensoriaparana.com.ar\/index.php\/wp-json\/wp\/v2\/media?parent=4842"}],"wp:term":[{"taxonomy":"category","embeddable":true,"href":"https:\/\/defensoriaparana.com.ar\/index.php\/wp-json\/wp\/v2\/categories?post=4842"},{"taxonomy":"post_tag","embeddable":true,"href":"https:\/\/defensoriaparana.com.ar\/index.php\/wp-json\/wp\/v2\/tags?post=4842"}],"curies":[{"name":"wp","href":"https:\/\/api.w.org\/{rel}","templated":true}]}}