{"id":4848,"date":"2023-06-30T18:36:59","date_gmt":"2023-06-30T18:36:59","guid":{"rendered":"http:\/\/defensoriaparana.com.ar\/?p=4848"},"modified":"2023-07-24T12:25:27","modified_gmt":"2023-07-24T12:25:27","slug":"el-acto-aniversario-de-la-defensoria-del-pueblo-conto-con-la-presencia-de-mas-de-veinte-instituciones-del-pais","status":"publish","type":"post","link":"https:\/\/defensoriaparana.com.ar\/index.php\/2023\/06\/30\/el-acto-aniversario-de-la-defensoria-del-pueblo-conto-con-la-presencia-de-mas-de-veinte-instituciones-del-pais\/","title":{"rendered":"El acto aniversario de la Defensor\u00eda del Pueblo cont\u00f3 con la presencia de m\u00e1s de veinte instituciones del pa\u00eds"},"content":{"rendered":"<div class=\"xdj266r x11i5rnm xat24cr x1mh8g0r x1vvkbs x126k92a\">\n<div dir=\"auto\"><\/div>\n<\/div>\n<div class=\"x11i5rnm xat24cr x1mh8g0r x1vvkbs xtlvy1s x126k92a\">\n<div dir=\"auto\">Con un importante marco de p\u00fablico que colm\u00f3 el sal\u00f3n del Centro Cultural y de Convenciones La Vieja Usina, se desarroll\u00f3 esta ma\u00f1ana el acto central de las actividades conmemorativas por los 20 a\u00f1os de las Defensor\u00eda del Pueblo de Paran\u00e1.<\/div>\n<div dir=\"auto\">Entre los asistentes estuvieron autoridades de veinticinco Defensor\u00edas del Pueblo del pa\u00eds, quienes \u2013tras la ceremonia- iniciaron una reuni\u00f3n plenaria en el marco de la asociaci\u00f3n que las agrupa. Se trata de la Asociaci\u00f3n de Defensor\u00edas del Pueblo de la Rep\u00fablica Argentina (Adpra), de la que Paran\u00e1 es parte desde sus inicios.<\/div>\n<div dir=\"auto\">Tambi\u00e9n estuvieron presentes los ex Defensores del Pueblo Luis Garay y Pablo Donad\u00edo, quienes fueron autoridades de la instituci\u00f3n en los per\u00edodos 2009-2014 y 2014-2019, y la ex Coordinadora del Centro de Mediaci\u00f3n, Martha Arr\u00edas Pab\u00f3n (2003-2008). Adem\u00e1s, fue especialmente invitado el ex concejal Carlos Duhalde, autor de la norma de creaci\u00f3n junto a Pablo Donad\u00edo, edil en el per\u00edodo 1999-2003.<\/div>\n<\/div>\n<div dir=\"auto\">\n<figure id=\"attachment_4851\" aria-describedby=\"caption-attachment-4851\" style=\"width: 960px\" class=\"wp-caption alignnone\"><img loading=\"lazy\" class=\"wp-image-4851 size-large\" src=\"http:\/\/defensoriaparana.com.ar\/wp-content\/uploads\/2023\/07\/acto1-1024x768.jpg\" alt=\"\" width=\"960\" height=\"720\" srcset=\"https:\/\/defensoriaparana.com.ar\/wp-content\/uploads\/2023\/07\/acto1-1024x768.jpg 1024w, https:\/\/defensoriaparana.com.ar\/wp-content\/uploads\/2023\/07\/acto1-300x225.jpg 300w, https:\/\/defensoriaparana.com.ar\/wp-content\/uploads\/2023\/07\/acto1-768x576.jpg 768w, https:\/\/defensoriaparana.com.ar\/wp-content\/uploads\/2023\/07\/acto1.jpg 1280w\" sizes=\"(max-width: 960px) 100vw, 960px\" \/><figcaption id=\"caption-attachment-4851\" class=\"wp-caption-text\">Un importante cantidad de p\u00fablico en el acto institucional.<\/figcaption><\/figure>\n<p>&nbsp;<\/p>\n<\/div>\n<div class=\"x11i5rnm xat24cr x1mh8g0r x1vvkbs xtlvy1s x126k92a\">\n<div dir=\"auto\">El acto comenz\u00f3 con un recorrido hist\u00f3rico \u2013a trav\u00e9s de un video- de la Defensor\u00eda del Pueblo de Paran\u00e1, instituida por ordenanza municipal a fines de 2002 y constituida en junio de 2003, a partir de la designaci\u00f3n \u2013a trav\u00e9s de concurso p\u00fablico- de los primeros Defensores del Pueblo: Jorge Kerz y Martha Benedetto.<\/div>\n<div dir=\"auto\">Luego, fue el turno de las palabras que estuvieron a cargo de la Defensora del Pueblo de Paran\u00e1, Marcia L\u00f3pez, quien comparti\u00f3 la mesa junto a su par de Santiago del Estero y presidente de Adpra, Lionel Su\u00e1rez, y la Defensora Adjunta, Cecilia Pautaso.<\/div>\n<div dir=\"auto\">.<\/div>\n<div dir=\"auto\"><span class=\"x3nfvp2 x1j61x8r x1fcty0u xdj266r xhhsvwb xat24cr xgzva0m xxymvpz xlup9mm x1kky2od\"><img loading=\"lazy\" src=\"https:\/\/static.xx.fbcdn.net\/images\/emoji.php\/v9\/t39\/1\/16\/2b55.png\" alt=\"\u2b55\ufe0f\" width=\"16\" height=\"16\" \/><\/span>Instituci\u00f3n de la democracia<\/div>\n<div dir=\"auto\">.<\/div>\n<div dir=\"auto\">La Defensora Marcia L\u00f3pez dio la bienvenida a los presentes, a los Defensores de distintos puntos del pa\u00eds y funcionarios municipales y provinciales y especialmente mencion\u00f3 y agradeci\u00f3 a los autores de la ordenanza de creaci\u00f3n de la Defensor\u00eda, Carlos Duhalde y Pablo Donad\u00edo.<\/div>\n<div dir=\"auto\">\u201cLa Defensor\u00eda del Pueblo es una instituci\u00f3n que tiene que ver mucho con la democracia\u201d, destac\u00f3 la Defensora Marcia L\u00f3pez, tras enmarcar este concepto en la conmemoraci\u00f3n de los 40 a\u00f1os de su recuperaci\u00f3n.<\/div>\n<div dir=\"auto\">Seguidamente, mencion\u00f3 que hay distintas denominaciones asignadas a la instituci\u00f3n, como Defensor\u00edas del Vecino, Defensor\u00edas del Pueblo, \u201cpero todas tienen algo en com\u00fan que nos une y es la defensa, promoci\u00f3n y protecci\u00f3n de los derechos humanos. Para eso trabajamos y ah\u00ed debemos estar cada vez que haya una vulneraci\u00f3n de derechos. Ah\u00ed debemos estar acompa\u00f1ando y gestionando\u201d.<\/div>\n<div dir=\"auto\">En otro tramo de su alocuci\u00f3n, se refiri\u00f3 a la democracia participativa, en la que situ\u00f3 a los Defensores como un \u201ccanal para la participaci\u00f3n\u201d, en el cual \u201cla voz de los ciudadanos sea escuchada por quienes deban escuchar y por quienes deban responder a las situaciones concretas\u201d, puntualiz\u00f3.<\/div>\n<div dir=\"auto\">En vista del rol y la importancia de las Defensor\u00edas como instituciones de la democracia, la Defensora se expidi\u00f3 para que se instrumente la Defensor\u00eda del Pueblo de la provincia de Entre R\u00edos, instituto introducido en la reforma constitucional de 2008, todav\u00eda pendiente de conformaci\u00f3n.<\/div>\n<div dir=\"auto\">.<\/div>\n<div dir=\"auto\"><span class=\"x3nfvp2 x1j61x8r x1fcty0u xdj266r xhhsvwb xat24cr xgzva0m xxymvpz xlup9mm x1kky2od\"><img loading=\"lazy\" src=\"https:\/\/static.xx.fbcdn.net\/images\/emoji.php\/v9\/t39\/1\/16\/2b55.png\" alt=\"\u2b55\ufe0f\" width=\"16\" height=\"16\" \/><\/span>Por la designaci\u00f3n de Defensor del Pueblo de la Naci\u00f3n<\/div>\n<div dir=\"auto\">.<\/div>\n<div dir=\"auto\">\u201cEs nuestro trabajo saber encauzar el reclamo, saber bajar los decibeles del conflicto social para lograr en definitiva el goce de los derechos que nuestra manda constitucional establece\u201d, dijo el titular de Adpra, Lionel Su\u00e1rez, en relaci\u00f3n al papel de las Defensor\u00edas y sus representantes.<\/div>\n<div dir=\"auto\">A continuaci\u00f3n, y en consonancia con el pedido de la Defensora Marcia L\u00f3pez en relaci\u00f3n a Entre R\u00edos, el titular de Adpra afirm\u00f3: \u201cEn este contexto, en donde surgen las Defensor\u00edas del Pueblo como un hito en las reformas constitucionales, parad\u00f3jicamente este es un a\u00f1o m\u00e1s que dejamos de tener con nosotros la figura del Defensor del Pueblo de la Naci\u00f3n\u201d. Cabe recordar que esa instituci\u00f3n permanece ac\u00e9fala desde 2009. \u201cHagamos voto para instar en este contexto de precandidatos y candidatos a que en sus plataformas electorales y sus decisiones pol\u00edticas ulteriores est\u00e9n los consensos necesarios para la elecci\u00f3n definitiva del Defensor del Pueblo de la Naci\u00f3n\u201d, exhort\u00f3 por \u00faltimo, tras agradecer la posibilidad de realizar en Paran\u00e1 el I Plenario de 2023 de Adpra y la presencia de un grupo nutrido de instituciones de distintos puntos.<\/div>\n<div dir=\"auto\">Luego, fue el turno de los reconocimientos. La Defensora Cecilia Pautaso tuvo a su cargo las palabras alusivas a los ex Defensores y a la ex Coordinadora.<\/div>\n<div dir=\"auto\">.<\/div>\n<div dir=\"auto\"><span class=\"x3nfvp2 x1j61x8r x1fcty0u xdj266r xhhsvwb xat24cr xgzva0m xxymvpz xlup9mm x1kky2od\"><img loading=\"lazy\" src=\"https:\/\/static.xx.fbcdn.net\/images\/emoji.php\/v9\/t39\/1\/16\/2b55.png\" alt=\"\u2b55\ufe0f\" width=\"16\" height=\"16\" \/><\/span>Charla abierta<\/div>\n<div dir=\"auto\">.<\/div>\n<div dir=\"auto\">Tras el acto, se realiz\u00f3 la charla abierta \u201cDemocracia y participaci\u00f3n ciudadana. Aprendizajes y Desaf\u00edos\u201d, que tuvo como disertante a Alejandro Nat\u00f3, un reconocido especialista en mediaci\u00f3n comunitaria y conflictos p\u00fablicos de vasta trayectoria nacional e internacional.<\/div>\n<div dir=\"auto\">Adem\u00e1s de su extenso curr\u00edculum, Nat\u00f3 fue presentado como \u201cuno de los \u2018padrinos\u2019 de la Defensor\u00eda del Pueblo de Paran\u00e1, porque la acompa\u00f1a desde su nacimiento, y tambi\u00e9n un amigo de la instituci\u00f3n, y un gran maestro para los mediadores comunitarios\u201d.<\/div>\n<\/div>\n<div class=\"x11i5rnm xat24cr x1mh8g0r x1vvkbs xtlvy1s x126k92a\">\n<div dir=\"auto\">Entre las instituciones presentes est\u00e1n las Defensor\u00edas del Pueblo de la Naci\u00f3n, Avellaneda, Centenario, Chaco, Chubut, Ciudad de Buenos Aires, C\u00f3rdoba, Corrientes (provincial y municipal), Formosa, Jujuy, La Plata, La Rioja, Lan\u00fas, Mar del Plata, Mor\u00f3n, Posadas, R\u00edo Cuarto, San Mart\u00edn de los Andes, Santa Fe, Tucum\u00e1n y Viedma.<\/div>\n<div dir=\"auto\">\n<p><img loading=\"lazy\" class=\"alignnone wp-image-4850 size-large\" src=\"http:\/\/defensoriaparana.com.ar\/wp-content\/uploads\/2023\/07\/acto2-1024x768.jpg\" alt=\"\" width=\"960\" height=\"720\" srcset=\"https:\/\/defensoriaparana.com.ar\/wp-content\/uploads\/2023\/07\/acto2-1024x768.jpg 1024w, https:\/\/defensoriaparana.com.ar\/wp-content\/uploads\/2023\/07\/acto2-300x225.jpg 300w, https:\/\/defensoriaparana.com.ar\/wp-content\/uploads\/2023\/07\/acto2-768x576.jpg 768w, https:\/\/defensoriaparana.com.ar\/wp-content\/uploads\/2023\/07\/acto2.jpg 1280w\" sizes=\"(max-width: 960px) 100vw, 960px\" \/><\/p>\n<figure id=\"attachment_4849\" aria-describedby=\"caption-attachment-4849\" style=\"width: 960px\" class=\"wp-caption alignnone\"><img loading=\"lazy\" class=\"wp-image-4849 size-large\" src=\"http:\/\/defensoriaparana.com.ar\/wp-content\/uploads\/2023\/07\/acto3-1024x768.jpg\" alt=\"\" width=\"960\" height=\"720\" srcset=\"https:\/\/defensoriaparana.com.ar\/wp-content\/uploads\/2023\/07\/acto3-1024x768.jpg 1024w, https:\/\/defensoriaparana.com.ar\/wp-content\/uploads\/2023\/07\/acto3-300x225.jpg 300w, https:\/\/defensoriaparana.com.ar\/wp-content\/uploads\/2023\/07\/acto3-768x576.jpg 768w, https:\/\/defensoriaparana.com.ar\/wp-content\/uploads\/2023\/07\/acto3.jpg 1280w\" sizes=\"(max-width: 960px) 100vw, 960px\" \/><figcaption id=\"caption-attachment-4849\" class=\"wp-caption-text\">Alejandro Nat\u00f3, durante la charla.<\/figcaption><\/figure>\n<\/div>\n<div dir=\"auto\"><\/div>\n<\/div>\n<div dir=\"auto\">Video del acto <a href=\"https:\/\/www.facebook.com\/defensoriadelpuebloparana\/videos\/1648446942290216\">https:\/\/www.facebook.com\/defensoriadelpuebloparana\/videos\/1648446942290216<\/a><\/div>\n<div dir=\"auto\"><\/div>\n","protected":false},"excerpt":{"rendered":"<p>Con un importante marco de p\u00fablico que colm\u00f3 el sal\u00f3n del Centro Cultural y de Convenciones La Vieja Usina, se desarroll\u00f3 esta ma\u00f1ana el acto central de las actividades conmemorativas por los 20 a\u00f1os de las Defensor\u00eda del Pueblo de Paran\u00e1. Entre los asistentes estuvieron autoridades de veinticinco Defensor\u00edas del Pueblo del pa\u00eds, quienes \u2013tras [&hellip;]<\/p>\n","protected":false},"author":2,"featured_media":4852,"comment_status":"open","ping_status":"open","sticky":false,"template":"","format":"standard","meta":{"om_disable_all_campaigns":false,"_monsterinsights_skip_tracking":false,"_monsterinsights_sitenote_active":false,"_monsterinsights_sitenote_note":"","_monsterinsights_sitenote_category":0},"categories":[14,1],"tags":[],"_links":{"self":[{"href":"https:\/\/defensoriaparana.com.ar\/index.php\/wp-json\/wp\/v2\/posts\/4848"}],"collection":[{"href":"https:\/\/defensoriaparana.com.ar\/index.php\/wp-json\/wp\/v2\/posts"}],"about":[{"href":"https:\/\/defensoriaparana.com.ar\/index.php\/wp-json\/wp\/v2\/types\/post"}],"author":[{"embeddable":true,"href":"https:\/\/defensoriaparana.com.ar\/index.php\/wp-json\/wp\/v2\/users\/2"}],"replies":[{"embeddable":true,"href":"https:\/\/defensoriaparana.com.ar\/index.php\/wp-json\/wp\/v2\/comments?post=4848"}],"version-history":[{"count":2,"href":"https:\/\/defensoriaparana.com.ar\/index.php\/wp-json\/wp\/v2\/posts\/4848\/revisions"}],"predecessor-version":[{"id":4868,"href":"https:\/\/defensoriaparana.com.ar\/index.php\/wp-json\/wp\/v2\/posts\/4848\/revisions\/4868"}],"wp:featuredmedia":[{"embeddable":true,"href":"https:\/\/defensoriaparana.com.ar\/index.php\/wp-json\/wp\/v2\/media\/4852"}],"wp:attachment":[{"href":"https:\/\/defensoriaparana.com.ar\/index.php\/wp-json\/wp\/v2\/media?parent=4848"}],"wp:term":[{"taxonomy":"category","embeddable":true,"href":"https:\/\/defensoriaparana.com.ar\/index.php\/wp-json\/wp\/v2\/categories?post=4848"},{"taxonomy":"post_tag","embeddable":true,"href":"https:\/\/defensoriaparana.com.ar\/index.php\/wp-json\/wp\/v2\/tags?post=4848"}],"curies":[{"name":"wp","href":"https:\/\/api.w.org\/{rel}","templated":true}]}}