{"id":4854,"date":"2023-07-01T18:43:55","date_gmt":"2023-07-01T18:43:55","guid":{"rendered":"http:\/\/defensoriaparana.com.ar\/?p=4854"},"modified":"2023-07-24T12:18:20","modified_gmt":"2023-07-24T12:18:20","slug":"los-defensores-del-pueblo-del-pais-se-pronunciaron-por-la-constitucion-de-la-defensoria-del-pueblo-de-entre-rios","status":"publish","type":"post","link":"https:\/\/defensoriaparana.com.ar\/index.php\/2023\/07\/01\/los-defensores-del-pueblo-del-pais-se-pronunciaron-por-la-constitucion-de-la-defensoria-del-pueblo-de-entre-rios\/","title":{"rendered":"Los Defensores del Pueblo del pa\u00eds se pronunciaron por la constituci\u00f3n de la Defensor\u00eda del Pueblo de Entre R\u00edos"},"content":{"rendered":"<div class=\"xdj266r x11i5rnm xat24cr x1mh8g0r x1vvkbs x126k92a\">\n<div dir=\"auto\"><\/div>\n<div dir=\"auto\"><\/div>\n<\/div>\n<div class=\"x11i5rnm xat24cr x1mh8g0r x1vvkbs xtlvy1s x126k92a\">\n<div dir=\"auto\">La Asociaci\u00f3n de Defensor\u00edas del Pueblo de la Rep\u00fablica Argentina (Adpra), que agrupa a m\u00e1s de cincuenta integrantes de distintos puntos del pa\u00eds, se reuni\u00f3 este viernes en Paran\u00e1 en el marco de los 20 a\u00f1os de la instituci\u00f3n local.<\/div>\n<\/div>\n<div class=\"x11i5rnm xat24cr x1mh8g0r x1vvkbs xtlvy1s x126k92a\">\n<div dir=\"auto\">Se trat\u00f3 del I Plenario del \u00e1mbito nacional, con un agenda nutrida que incluy\u00f3 diferentes tem\u00e1ticas, entre las que sobresali\u00f3 la referida al reclamo por la falta de designaci\u00f3n de autoridades en la Defensor\u00eda del Pueblo de la Naci\u00f3n, ac\u00e9fala desde 2009, y de constituci\u00f3n de la Defensor\u00eda del Pueblo de la Provincia de Entre R\u00edos, pendiente desde 2008 cuando se incorpor\u00f3 la figura a la Constituci\u00f3n.<\/div>\n<\/div>\n<div dir=\"auto\"><img loading=\"lazy\" class=\"alignnone wp-image-4857 size-large\" src=\"http:\/\/defensoriaparana.com.ar\/wp-content\/uploads\/2023\/07\/plenario-1-1024x461.jpg\" alt=\"\" width=\"960\" height=\"432\" srcset=\"https:\/\/defensoriaparana.com.ar\/wp-content\/uploads\/2023\/07\/plenario-1-1024x461.jpg 1024w, https:\/\/defensoriaparana.com.ar\/wp-content\/uploads\/2023\/07\/plenario-1-300x135.jpg 300w, https:\/\/defensoriaparana.com.ar\/wp-content\/uploads\/2023\/07\/plenario-1-768x346.jpg 768w, https:\/\/defensoriaparana.com.ar\/wp-content\/uploads\/2023\/07\/plenario-1-1536x691.jpg 1536w, https:\/\/defensoriaparana.com.ar\/wp-content\/uploads\/2023\/07\/plenario-1.jpg 1600w\" sizes=\"(max-width: 960px) 100vw, 960px\" \/><\/div>\n<div class=\"x11i5rnm xat24cr x1mh8g0r x1vvkbs xtlvy1s x126k92a\">\n<div dir=\"auto\">Concretamente, acordaron \u201csolicitar por nota institucional al Congreso de la Naci\u00f3n la designaci\u00f3n del Defensor del Pueblo de la Naci\u00f3n y sus adjuntos, como as\u00ed tambi\u00e9n realizar el pedido por la Defensor\u00eda del Pueblo de la Provincia de Entre R\u00edos\u201d. La propuesta fue de las Defensor\u00edas del Pueblo de Paran\u00e1 y de Santa Fe y obtuvo el apoyo un\u00e1nime.<\/div>\n<\/div>\n<div class=\"x11i5rnm xat24cr x1mh8g0r x1vvkbs xtlvy1s x126k92a\">\n<div dir=\"auto\">A la par, los integrantes de Adpra reafirmaron el pedido mediante un pronunciamiento en el que se insta la designaci\u00f3n de autoridades en relaci\u00f3n a la Defensor\u00eda de la Naci\u00f3n y se \u201cexhorta al Gobierno de la Provincia de Entre R\u00edos a poner en funcionamiento la Defensor\u00eda del Pueblo provincial creada constitucionalmente con la Reforma de la Carta Org\u00e1nica de 2008\u201d.<\/div>\n<\/div>\n<div class=\"x11i5rnm xat24cr x1mh8g0r x1vvkbs xtlvy1s x126k92a\">\n<div dir=\"auto\">El texto a\u00f1ade que \u201cla instrumentaci\u00f3n de las Defensor\u00edas del Pueblo instituidas y la designaci\u00f3n de las autoridades en aquellas que se encuentran ac\u00e9falas, se plantean como una necesidad preponderante en virtud del objetivo de las mismas, cual es la defensa y protecci\u00f3n de los derechos humanos de los habitantes\u201d.<\/div>\n<\/div>\n<div class=\"x11i5rnm xat24cr x1mh8g0r x1vvkbs xtlvy1s x126k92a\">\n<div dir=\"auto\">A continuaci\u00f3n, se plantea que el pedido de la Asociaci\u00f3n \u201cse resignifica a\u00fan m\u00e1s en vistas a los 40 a\u00f1os de democracia que transita nuestro pa\u00eds, siendo las Defensor\u00edas del Pueblo fruto y parte esencial de este sistema\u201d.<\/div>\n<div dir=\"auto\"><img loading=\"lazy\" class=\"alignnone wp-image-4856 size-large\" src=\"http:\/\/defensoriaparana.com.ar\/wp-content\/uploads\/2023\/07\/plenario-2-1024x461.jpg\" alt=\"\" width=\"960\" height=\"432\" srcset=\"https:\/\/defensoriaparana.com.ar\/wp-content\/uploads\/2023\/07\/plenario-2-1024x461.jpg 1024w, https:\/\/defensoriaparana.com.ar\/wp-content\/uploads\/2023\/07\/plenario-2-300x135.jpg 300w, https:\/\/defensoriaparana.com.ar\/wp-content\/uploads\/2023\/07\/plenario-2-768x346.jpg 768w, https:\/\/defensoriaparana.com.ar\/wp-content\/uploads\/2023\/07\/plenario-2.jpg 1280w\" sizes=\"(max-width: 960px) 100vw, 960px\" \/><\/div>\n<div dir=\"auto\"><\/div>\n<\/div>\n<div class=\"x11i5rnm xat24cr x1mh8g0r x1vvkbs xtlvy1s x126k92a\">\n<div dir=\"auto\"><span class=\"x3nfvp2 x1j61x8r x1fcty0u xdj266r xhhsvwb xat24cr xgzva0m xxymvpz xlup9mm x1kky2od\"><img loading=\"lazy\" src=\"https:\/\/static.xx.fbcdn.net\/images\/emoji.php\/v9\/t51\/1\/16\/1f449.png\" alt=\"\ud83d\udc49\" width=\"16\" height=\"16\" \/><\/span><span class=\"x3nfvp2 x1j61x8r x1fcty0u xdj266r xhhsvwb xat24cr xgzva0m xxymvpz xlup9mm x1kky2od\"><img loading=\"lazy\" src=\"https:\/\/static.xx.fbcdn.net\/images\/emoji.php\/v9\/t51\/1\/16\/1f449.png\" alt=\"\ud83d\udc49\" width=\"16\" height=\"16\" \/><\/span>Otros de los temas abordados por el plenario fueron los relacionados a los planes de autoahorro para acceder a 0 Km y los problemas que tienen los titulares, la necesidad de mayor accesibilidad al Programa Hogar o sistema de tarifas diferencial para garrafas en el NEA y un Proyecto de Ley de Tarifa Regional Diferenciada para zonas c\u00e1lidas.<\/div>\n<div dir=\"auto\"><img loading=\"lazy\" class=\"alignnone wp-image-4855 size-large\" src=\"http:\/\/defensoriaparana.com.ar\/wp-content\/uploads\/2023\/07\/plenario-3-1024x461.jpg\" alt=\"\" width=\"960\" height=\"432\" srcset=\"https:\/\/defensoriaparana.com.ar\/wp-content\/uploads\/2023\/07\/plenario-3-1024x461.jpg 1024w, https:\/\/defensoriaparana.com.ar\/wp-content\/uploads\/2023\/07\/plenario-3-300x135.jpg 300w, https:\/\/defensoriaparana.com.ar\/wp-content\/uploads\/2023\/07\/plenario-3-768x346.jpg 768w, https:\/\/defensoriaparana.com.ar\/wp-content\/uploads\/2023\/07\/plenario-3-1536x691.jpg 1536w, https:\/\/defensoriaparana.com.ar\/wp-content\/uploads\/2023\/07\/plenario-3.jpg 2000w\" sizes=\"(max-width: 960px) 100vw, 960px\" \/><\/div>\n<div dir=\"auto\"><\/div>\n<\/div>\n<div class=\"x11i5rnm xat24cr x1mh8g0r x1vvkbs xtlvy1s x126k92a\">\n<div dir=\"auto\">Tambi\u00e9n se analiz\u00f3 el aumento de peajes en tramos concesionados y la falta de mecanismo de audiencias p\u00fablicas y se plante\u00f3 adem\u00e1s un proyecto referido a las problem\u00e1ticas de las agencias de seguridad privada, entre otros.<\/div>\n<\/div>\n<div class=\"x11i5rnm xat24cr x1mh8g0r x1vvkbs xtlvy1s x126k92a\">\n<div dir=\"auto\">Autoridades de Defensor\u00edas del Pueblo del pa\u00eds llegaron el viernes a Paran\u00e1 para participar por la ma\u00f1ana de la celebraci\u00f3n del aniversario de la instituci\u00f3n local y realizar el primer plenario del a\u00f1o. Estuvieron presentes representantes de veinticinco instituciones y otro n\u00famero similar se comunic\u00f3 a trav\u00e9s de Zoom, sistema que funcion\u00f3 en el sal\u00f3n Manuel Antequeda, ubicado en Alameda de la Federaci\u00f3n 557, donde se desarroll\u00f3 el encuentro de Adpra.<\/div>\n<\/div>\n<div class=\"x11i5rnm xat24cr x1mh8g0r x1vvkbs xtlvy1s x126k92a\">\n<div dir=\"auto\">Estuvieron en Paran\u00e1 representantes de la Defensor\u00eda del Pueblo de la Naci\u00f3n, CABA, Gral. Pueyrred\u00f3n, La Plata, Lan\u00fas, Mor\u00f3n, Chaco, C\u00f3rdoba, R\u00edo Cuarto, Villa Mar\u00eda, Corrientes (ciudad), Chubut, Formosa, Jujuy, Misiones, Centenario, San Mart\u00edn de los Andes, Viedma, Santa Fe, La Banda, Tucum\u00e1n, Posadas.<\/div>\n<\/div>\n","protected":false},"excerpt":{"rendered":"<p>La Asociaci\u00f3n de Defensor\u00edas del Pueblo de la Rep\u00fablica Argentina (Adpra), que agrupa a m\u00e1s de cincuenta integrantes de distintos puntos del pa\u00eds, se reuni\u00f3 este viernes en Paran\u00e1 en el marco de los 20 a\u00f1os de la instituci\u00f3n local. Se trat\u00f3 del I Plenario del \u00e1mbito nacional, con un agenda nutrida que incluy\u00f3 diferentes [&hellip;]<\/p>\n","protected":false},"author":2,"featured_media":4858,"comment_status":"open","ping_status":"open","sticky":false,"template":"","format":"standard","meta":{"om_disable_all_campaigns":false,"_monsterinsights_skip_tracking":false,"_monsterinsights_sitenote_active":false,"_monsterinsights_sitenote_note":"","_monsterinsights_sitenote_category":0},"categories":[14,1],"tags":[],"_links":{"self":[{"href":"https:\/\/defensoriaparana.com.ar\/index.php\/wp-json\/wp\/v2\/posts\/4854"}],"collection":[{"href":"https:\/\/defensoriaparana.com.ar\/index.php\/wp-json\/wp\/v2\/posts"}],"about":[{"href":"https:\/\/defensoriaparana.com.ar\/index.php\/wp-json\/wp\/v2\/types\/post"}],"author":[{"embeddable":true,"href":"https:\/\/defensoriaparana.com.ar\/index.php\/wp-json\/wp\/v2\/users\/2"}],"replies":[{"embeddable":true,"href":"https:\/\/defensoriaparana.com.ar\/index.php\/wp-json\/wp\/v2\/comments?post=4854"}],"version-history":[{"count":1,"href":"https:\/\/defensoriaparana.com.ar\/index.php\/wp-json\/wp\/v2\/posts\/4854\/revisions"}],"predecessor-version":[{"id":4859,"href":"https:\/\/defensoriaparana.com.ar\/index.php\/wp-json\/wp\/v2\/posts\/4854\/revisions\/4859"}],"wp:featuredmedia":[{"embeddable":true,"href":"https:\/\/defensoriaparana.com.ar\/index.php\/wp-json\/wp\/v2\/media\/4858"}],"wp:attachment":[{"href":"https:\/\/defensoriaparana.com.ar\/index.php\/wp-json\/wp\/v2\/media?parent=4854"}],"wp:term":[{"taxonomy":"category","embeddable":true,"href":"https:\/\/defensoriaparana.com.ar\/index.php\/wp-json\/wp\/v2\/categories?post=4854"},{"taxonomy":"post_tag","embeddable":true,"href":"https:\/\/defensoriaparana.com.ar\/index.php\/wp-json\/wp\/v2\/tags?post=4854"}],"curies":[{"name":"wp","href":"https:\/\/api.w.org\/{rel}","templated":true}]}}