{"id":4860,"date":"2023-07-01T21:51:54","date_gmt":"2023-07-01T21:51:54","guid":{"rendered":"http:\/\/defensoriaparana.com.ar\/?p=4860"},"modified":"2023-07-06T21:57:01","modified_gmt":"2023-07-06T21:57:01","slug":"un-video-institucional-resume-los-20-anos-de-historia-de-la-defensoria","status":"publish","type":"post","link":"https:\/\/defensoriaparana.com.ar\/index.php\/2023\/07\/01\/un-video-institucional-resume-los-20-anos-de-historia-de-la-defensoria\/","title":{"rendered":"Un video institucional resume los 20 a\u00f1os de historia de la Defensor\u00eda"},"content":{"rendered":"<p>Un video institucional refleja el transcurso de las dos d\u00e9cadas de existencia de la Defensor\u00eda del Pueblo de la Ciudad de Paran\u00e1. \u00a0El comienzo, en diciembre de 2002 con la sanci\u00f3n de la ordenanza 8391 de creaci\u00f3n de la instituci\u00f3n, junto a otras normas de alto contenido social, participativo y democr\u00e1tico, como el Incinipa, programa municipal que buscaba atender la situaci\u00f3n de ni\u00f1os de hogares carentes de recursos.<\/p>\n<p>Luego, el 25 de junio de 2003, D\u00eda de la Ciudad y del Vecino, la elecci\u00f3n de los primeros defensores del Pueblo: Jorge Kerz y Martha Benedetto (Adjunta).<\/p>\n<p>Tambi\u00e9n, la ordenanza 8391 introduc\u00eda un aspecto novedoso: la incorporaci\u00f3n de un Centro de Mediaci\u00f3n Comunitaria. \u00a0Y la elecci\u00f3n, en septiembre de ese a\u00f1o, de la primera Coordinadora del Centro de Mediaci\u00f3n, Martha Arr\u00edas Pab\u00f3n. El 4 de agosto de ese a\u00f1o comenz\u00f3 el trabajo propiamente dicho, con la recepci\u00f3n del primer reclamo de un vecino.<\/p>\n<p>Kerz, Benedetto y Arr\u00edas de Pab\u00f3n dan su testimonio en este video, junto a los defensores que continuaron la historia durante una d\u00e9cada: Luis Garay y Pablo Donad\u00edo (Adjunto). Ambos fueron reelectos, tal como lo prev\u00e9 la norma, y estuvieron desde 2009 a 2014 y desde 2014 a 2019.<\/p>\n<p>Luego, el relato queda en la voz de ciudadanas que llegaron a la Defensor\u00eda con un reclamo y que son parte de las casi 40.000 actuaciones que acumula la instituci\u00f3n en estos 20 a\u00f1os, siendo la \u00fanica en su tipo en la provincia de Entre R\u00edos.<\/p>\n<p>En el transcurso de este tiempo y de la vida institucional pasaron muchas personas y, entre ellos, se record\u00f3 especialmente a Horacio Gait\u00e1n y Cecilia Greca, quienes fallecieron en distintos momentos de la historia.<\/p>\n<p>El cambio de sede a una que garantice la accesibilidad de la ciudadan\u00eda y la incorporaci\u00f3n \u2013tambi\u00e9n por ordenanza- de la Defensor\u00eda de los Derechos de las Personas Mayores son dos aspectos marcados. Las actuales autoridades tuvieron a cargo de las palabras de cierre.<\/p>\n<p>El video que consta de dos partes fue posible gracias a la colaboraci\u00f3n de los invitados y a la invalorable labor de Carolina Campo y Claudio Gianelli, personal del Concejo Deliberante.<\/p>\n<p><a href=\"https:\/\/www.youtube.com\/watch?v=XhHrjzwDd90\">https:\/\/www.youtube.com\/watch?v=XhHrjzwDd90<\/a><\/p>\n<p><a href=\"https:\/\/www.youtube.com\/watch?v=PXw5mQPI-6k\">https:\/\/www.youtube.com\/watch?v=PXw5mQPI-6k<\/a><\/p>\n<p>&nbsp;<\/p>\n","protected":false},"excerpt":{"rendered":"<p>Un video institucional refleja el transcurso de las dos d\u00e9cadas de existencia de la Defensor\u00eda del Pueblo de la Ciudad de Paran\u00e1. \u00a0El comienzo, en diciembre de 2002 con la sanci\u00f3n de la ordenanza 8391 de creaci\u00f3n de la instituci\u00f3n, junto a otras normas de alto contenido social, participativo y democr\u00e1tico, como el Incinipa, programa [&hellip;]<\/p>\n","protected":false},"author":2,"featured_media":4861,"comment_status":"open","ping_status":"open","sticky":false,"template":"","format":"standard","meta":{"om_disable_all_campaigns":false,"_monsterinsights_skip_tracking":false,"_monsterinsights_sitenote_active":false,"_monsterinsights_sitenote_note":"","_monsterinsights_sitenote_category":0},"categories":[1],"tags":[],"_links":{"self":[{"href":"https:\/\/defensoriaparana.com.ar\/index.php\/wp-json\/wp\/v2\/posts\/4860"}],"collection":[{"href":"https:\/\/defensoriaparana.com.ar\/index.php\/wp-json\/wp\/v2\/posts"}],"about":[{"href":"https:\/\/defensoriaparana.com.ar\/index.php\/wp-json\/wp\/v2\/types\/post"}],"author":[{"embeddable":true,"href":"https:\/\/defensoriaparana.com.ar\/index.php\/wp-json\/wp\/v2\/users\/2"}],"replies":[{"embeddable":true,"href":"https:\/\/defensoriaparana.com.ar\/index.php\/wp-json\/wp\/v2\/comments?post=4860"}],"version-history":[{"count":1,"href":"https:\/\/defensoriaparana.com.ar\/index.php\/wp-json\/wp\/v2\/posts\/4860\/revisions"}],"predecessor-version":[{"id":4862,"href":"https:\/\/defensoriaparana.com.ar\/index.php\/wp-json\/wp\/v2\/posts\/4860\/revisions\/4862"}],"wp:featuredmedia":[{"embeddable":true,"href":"https:\/\/defensoriaparana.com.ar\/index.php\/wp-json\/wp\/v2\/media\/4861"}],"wp:attachment":[{"href":"https:\/\/defensoriaparana.com.ar\/index.php\/wp-json\/wp\/v2\/media?parent=4860"}],"wp:term":[{"taxonomy":"category","embeddable":true,"href":"https:\/\/defensoriaparana.com.ar\/index.php\/wp-json\/wp\/v2\/categories?post=4860"},{"taxonomy":"post_tag","embeddable":true,"href":"https:\/\/defensoriaparana.com.ar\/index.php\/wp-json\/wp\/v2\/tags?post=4860"}],"curies":[{"name":"wp","href":"https:\/\/api.w.org\/{rel}","templated":true}]}}