{"id":4874,"date":"2023-07-27T15:53:50","date_gmt":"2023-07-27T15:53:50","guid":{"rendered":"http:\/\/defensoriaparana.com.ar\/?p=4874"},"modified":"2023-07-27T15:53:50","modified_gmt":"2023-07-27T15:53:50","slug":"charla-en-el-concejo-deliberante-estudiantil-sobre-la-mediacion-y-los-conflictos-de-convivencia","status":"publish","type":"post","link":"https:\/\/defensoriaparana.com.ar\/index.php\/2023\/07\/27\/charla-en-el-concejo-deliberante-estudiantil-sobre-la-mediacion-y-los-conflictos-de-convivencia\/","title":{"rendered":"Charla en el Concejo Deliberante Estudiantil sobre la mediaci\u00f3n y los conflictos de convivencia"},"content":{"rendered":"<div class=\"xdj266r x11i5rnm xat24cr x1mh8g0r x1vvkbs x126k92a\">\n<div dir=\"auto\"><\/div>\n<div dir=\"auto\">Irina Chausovsky, Coordinadora del Centro de Mediaci\u00f3n de la Defensor\u00eda del Pueblo de Paran\u00e1, fue invitada a participar de un ciclo de charlas organizadas por el Concejo Deliberante Estudiantil de la ciudad.<\/div>\n<div dir=\"auto\"><\/div>\n<div dir=\"auto\">\u201cDeliberantes\u201d es el t\u00edtulo de la propuesta que se emite hasta el 28 de este mes, de manera abierta, por stream en el canal de <a class=\"x1i10hfl xjbqb8w x6umtig x1b1mbwd xaqea5y xav7gou x9f619 x1ypdohk xt0psk2 xe8uvvx xdj266r x11i5rnm xat24cr x1mh8g0r xexx8yu x4uap5 x18d9i69 xkhd6sd x16tdsg8 x1hl2dhg xggy1nq x1a2a7pz xt0b8zv x1fey0fg\" tabindex=\"0\" role=\"link\" href=\"https:\/\/l.facebook.com\/l.php?u=http%3A%2F%2Ftwitch.tv%2Fcdeparana%3Ffbclid%3DIwAR2bq7rOD7As2lGOsD-l2ruwSajnTtjww2WVMg_pED0gfSmBQfuyxxe3RHQ&amp;h=AT2-CvoeDgYO2TTZuMFRcGqzuWBYYV1Yz7cfzHS5sDVlQG1Ocmyar32bh1Z46zDElPDVmLdLgKDXg6ZU-HOyscv0dB_x2oYVdUeF9miLy6RYjdsIzr867wiX52T6S_UC2Rze&amp;__tn__=-UK-R&amp;c[0]=AT3PtqU1QV0zHmXJVhfHAIb97-Bt5A42Rft_vGhfxz2-SQ4HWZNeMWABaQ8dfWw6aukdY7fsEgBSqUF6NDQPBaT-6xYc7s0NxXoTYKnksyOsyJ3Bcrf_ZjUzL7bzmyXfxR67fcFbrFeRgdCs3euqjX5331plRbtDgANis505KiTbMSYS7P8y_hWntHmcD2WfaWCwXMmBtha_\" target=\"_blank\" rel=\"nofollow noopener\">twitch.tv\/cdeparana<\/a>, y se basa en tem\u00e1ticas sugeridas por los estudiantes cuyo tratamiento puede derivar en la presentaci\u00f3n de proyectos de ordenanza por parte de los participantes.<\/div>\n<div dir=\"auto\"><img loading=\"lazy\" class=\"alignnone wp-image-4877 size-full\" src=\"http:\/\/defensoriaparana.com.ar\/wp-content\/uploads\/2023\/07\/Irina2.jpg\" alt=\"\" width=\"1014\" height=\"604\" srcset=\"https:\/\/defensoriaparana.com.ar\/wp-content\/uploads\/2023\/07\/Irina2.jpg 1014w, https:\/\/defensoriaparana.com.ar\/wp-content\/uploads\/2023\/07\/Irina2-300x179.jpg 300w, https:\/\/defensoriaparana.com.ar\/wp-content\/uploads\/2023\/07\/Irina2-768x457.jpg 768w\" sizes=\"(max-width: 1014px) 100vw, 1014px\" \/><\/div>\n<div dir=\"auto\"><\/div>\n<div dir=\"auto\">La charla sobre mediaci\u00f3n y la experiencia en Paran\u00e1 fue una iniciativa de los estudiantes, quienes manifestaron el inter\u00e9s de conocer sobre la disciplina y el trabajo realizado por la Defensor\u00eda del Pueblo.<\/div>\n<div dir=\"auto\"><\/div>\n<div dir=\"auto\">Una mancha de humedad en la medianera, el ladrido constante de un perro, el juego de chicos con una pelota a la siesta, la m\u00fasica fuerte en la casa de al lado, el lugar donde se deja la basura suelen ser algunos de los motivos desencadenantes de conflictos entre vecinos, enfrentados por sentimientos de enojo, resentimiento, desencuentros, malos entendidos y hasta agresiones y hechos de violencia.<\/div>\n<div dir=\"auto\"><\/div>\n<div dir=\"auto\">Ante este tipo de situaciones que afectan la convivencia de las personas, de una cuadra o de un barrio, Irina Chausovsky, en di\u00e1logo con Ingrid Dening, Coordinadora del Concejo Estudiantil, se refiri\u00f3 al rol de la mediaci\u00f3n y al trabajo de la Defensor\u00eda del Pueblo tanto frente al conflicto en s\u00ed como en una etapa previa, preventiva.<\/div>\n<div dir=\"auto\"><\/div>\n<div dir=\"auto\">La instituci\u00f3n cuenta con el Centro de Mediaci\u00f3n Comunitaria que brinda a la ciudadan\u00eda un espacio de conversaci\u00f3n y un lugar de encuentro. Esta instancia \u2013explic\u00f3 la Coordinadora- contempla la asistencia de mediadores que se dedican a \u201cacompa\u00f1ar conversaciones\u201d. El grupo, que ronda los cien integrantes, trabaja ad honorem en la Defensor\u00eda y tiene una formaci\u00f3n en la disciplina. El servicio que se brinda en materia de mediaci\u00f3n es gratuito y persigue el objetivo de m\u00e1xima que es contribuir a la paz social, que significa un trabajo \u201ccuadra a cuadra\u201d y redunda en estar bien con el vecino, en poder vivir tranquilo y en comunidad.<\/div>\n<div dir=\"auto\"><img loading=\"lazy\" class=\"alignnone wp-image-4876 size-large\" src=\"http:\/\/defensoriaparana.com.ar\/wp-content\/uploads\/2023\/07\/Irina1-1024x610.jpg\" alt=\"\" width=\"960\" height=\"572\" srcset=\"https:\/\/defensoriaparana.com.ar\/wp-content\/uploads\/2023\/07\/Irina1-1024x610.jpg 1024w, https:\/\/defensoriaparana.com.ar\/wp-content\/uploads\/2023\/07\/Irina1-300x179.jpg 300w, https:\/\/defensoriaparana.com.ar\/wp-content\/uploads\/2023\/07\/Irina1-768x458.jpg 768w, https:\/\/defensoriaparana.com.ar\/wp-content\/uploads\/2023\/07\/Irina1.jpg 1032w\" sizes=\"(max-width: 960px) 100vw, 960px\" \/><\/div>\n<div dir=\"auto\">La charla se extendi\u00f3 durante m\u00e1s de media hora y se puede acceder en el siguiente link <a class=\"x1i10hfl xjbqb8w x6umtig x1b1mbwd xaqea5y xav7gou x9f619 x1ypdohk xt0psk2 xe8uvvx xdj266r x11i5rnm xat24cr x1mh8g0r xexx8yu x4uap5 x18d9i69 xkhd6sd x16tdsg8 x1hl2dhg xggy1nq x1a2a7pz xt0b8zv x1fey0fg\" tabindex=\"0\" role=\"link\" href=\"https:\/\/l.facebook.com\/l.php?u=https%3A%2F%2Fm.twitch.tv%2Fvideos%2F1882080285%3Ffbclid%3DIwAR1e0Gu0X4vV6QQ88oCbiDkJHHRrB0bvYf5snYHMpZXzvzq1hxn0RR-gpP0&amp;h=AT1KJ-n8XthTHiyfWn9MYStN67u2hf5ol5jmPuiGUFFTEa8cwhVxS7JoUAEK9mfWupl_9woHf55vWW68YFgLAJGsXKiSLYK37kksB_79mi_gml8QREomUyszyE99gsZsADP3&amp;__tn__=-UK-R&amp;c[0]=AT3PtqU1QV0zHmXJVhfHAIb97-Bt5A42Rft_vGhfxz2-SQ4HWZNeMWABaQ8dfWw6aukdY7fsEgBSqUF6NDQPBaT-6xYc7s0NxXoTYKnksyOsyJ3Bcrf_ZjUzL7bzmyXfxR67fcFbrFeRgdCs3euqjX5331plRbtDgANis505KiTbMSYS7P8y_hWntHmcD2WfaWCwXMmBtha_\" target=\"_blank\" rel=\"nofollow noopener\">https:\/\/m.twitch.tv\/videos\/1882080285<\/a>.<\/div>\n<\/div>\n<div class=\"x11i5rnm xat24cr x1mh8g0r x1vvkbs xtlvy1s x126k92a\">\n<div dir=\"auto\">A continuaci\u00f3n, se mencionan algunos conceptos expresados por Irina Chausovsky.<\/div>\n<div dir=\"auto\"><\/div>\n<div dir=\"auto\">* \u201cLo que falla no es tanto el conflicto en s\u00ed -el perro, la humedad, la basura, la medianera-, sino el hecho de que las personas no se est\u00e1n pudiendo comunicar de una manera productiva, en t\u00e9rminos de abordar un problema que tienen en com\u00fan. Y el problema siempre est\u00e1 en la comunicaci\u00f3n porque si lo pueden hablar y entender, se diluye\u201d.<\/div>\n<div dir=\"auto\"><\/div>\n<div dir=\"auto\">* \u201cLa mediaci\u00f3n implica un protagonismo en, por ejemplo, hacerme cargo de que la convivencia somos dos o m\u00e1s -cada uno aporta su granito de arena a la situaci\u00f3n- y (en decidir) qu\u00e9 ponemos a partir de ahora para que todo mejore. Entonces empezamos a abrir ese panorama de opciones, de posibilidades, de pensar cosas que no hab\u00edamos pensado hasta ahora. De hecho a veces las relaciones con nuestros vecinos son m\u00e1s intensas de las que vivimos con nuestra propia familia, tenemos mucha cotidianeidad. Y como son as\u00ed de intensas las relaciones, muchas veces son as\u00ed de intensos los conflictos\u201d.<\/div>\n<div dir=\"auto\"><\/div>\n<div dir=\"auto\">* La mediaci\u00f3n comunitaria tiene como caracter\u00edstica fundamental el trabajo por el fortalecimiento de los lazos sociales.<\/div>\n<div dir=\"auto\"><\/div>\n<div dir=\"auto\">* El 90% de los casos que atiende el Centro de Mediaci\u00f3n se resuelven con acuerdo de las partes. Por a\u00f1o, interviene en m\u00e1s de 500 casos.<\/div>\n<div dir=\"auto\"><\/div>\n<div dir=\"auto\">* La Defensor\u00eda cuenta con un Registro de Mediadores Comunitarios que tiene la particularidad de que sus integrantes trabajan ad honorem y de manera voluntaria. \u201cPor eso es tan valiosa la labor de los mediadores. Es una actividad de mucho compromiso social, ya que los mediadores ofrecen su tiempo y experiencia al servicio de los ciudadanos de Paran\u00e1\u201d.<\/div>\n<div dir=\"auto\"><\/div>\n<div dir=\"auto\">* Por la prevenci\u00f3n. El Centro de Mediaci\u00f3n brinda talleres en instituciones, \u00e1reas del Estado y organizaciones tendientes a fomentar las buenas conversaciones, la escucha, el manejo de las emociones (por ejemplo, el enojo) y las relaciones saludables en el trabajo, la escuela, el barrio.<\/div>\n<div dir=\"auto\"><\/div>\n<div dir=\"auto\">* \u201cLa Defensor\u00eda del Pueblo es una instituci\u00f3n estatal no gubernamental. Es particular porque pertenece al Estado Municipal pero no a la gesti\u00f3n de gobierno. Es un organismo que se dedica a la protecci\u00f3n de los ciudadanos cuando hay una vulneraci\u00f3n de derechos fundamentalmente, en nuestro caso, de parte del Estado municipal. Es una instituci\u00f3n de la democracia, un espacio de participaci\u00f3n ciudadana\u201d.<\/div>\n<div dir=\"auto\"><\/div>\n<div dir=\"auto\">* Por \u00faltimo, la Coordinadora valor\u00f3 la posibilidad de que esta charla inspire la presentaci\u00f3n de proyectos por parte de los estudiantes.<\/div>\n<div dir=\"auto\"><\/div>\n<div dir=\"auto\">*Las v\u00edas de contacto del Centro de Mediaci\u00f3n son:<\/div>\n<div dir=\"auto\">\u2022 (0343) 4211029 | 4211051<\/div>\n<div dir=\"auto\">\u2022 WhatsApp: 343 5163712<\/div>\n<div dir=\"auto\">\u2022 mediacionparana@hotmail.com<\/div>\n<div dir=\"auto\">\u2022 Calle Hip\u00f3lito Yrigoyen 236<\/div>\n<\/div>\n","protected":false},"excerpt":{"rendered":"<p>Irina Chausovsky, Coordinadora del Centro de Mediaci\u00f3n de la Defensor\u00eda del Pueblo de Paran\u00e1, fue invitada a participar de un ciclo de charlas organizadas por el Concejo Deliberante Estudiantil de la ciudad. \u201cDeliberantes\u201d es el t\u00edtulo de la propuesta que se emite hasta el 28 de este mes, de manera abierta, por stream en el [&hellip;]<\/p>\n","protected":false},"author":2,"featured_media":4875,"comment_status":"open","ping_status":"open","sticky":false,"template":"","format":"standard","meta":{"om_disable_all_campaigns":false,"_monsterinsights_skip_tracking":false,"_monsterinsights_sitenote_active":false,"_monsterinsights_sitenote_note":"","_monsterinsights_sitenote_category":0},"categories":[1],"tags":[],"_links":{"self":[{"href":"https:\/\/defensoriaparana.com.ar\/index.php\/wp-json\/wp\/v2\/posts\/4874"}],"collection":[{"href":"https:\/\/defensoriaparana.com.ar\/index.php\/wp-json\/wp\/v2\/posts"}],"about":[{"href":"https:\/\/defensoriaparana.com.ar\/index.php\/wp-json\/wp\/v2\/types\/post"}],"author":[{"embeddable":true,"href":"https:\/\/defensoriaparana.com.ar\/index.php\/wp-json\/wp\/v2\/users\/2"}],"replies":[{"embeddable":true,"href":"https:\/\/defensoriaparana.com.ar\/index.php\/wp-json\/wp\/v2\/comments?post=4874"}],"version-history":[{"count":1,"href":"https:\/\/defensoriaparana.com.ar\/index.php\/wp-json\/wp\/v2\/posts\/4874\/revisions"}],"predecessor-version":[{"id":4878,"href":"https:\/\/defensoriaparana.com.ar\/index.php\/wp-json\/wp\/v2\/posts\/4874\/revisions\/4878"}],"wp:featuredmedia":[{"embeddable":true,"href":"https:\/\/defensoriaparana.com.ar\/index.php\/wp-json\/wp\/v2\/media\/4875"}],"wp:attachment":[{"href":"https:\/\/defensoriaparana.com.ar\/index.php\/wp-json\/wp\/v2\/media?parent=4874"}],"wp:term":[{"taxonomy":"category","embeddable":true,"href":"https:\/\/defensoriaparana.com.ar\/index.php\/wp-json\/wp\/v2\/categories?post=4874"},{"taxonomy":"post_tag","embeddable":true,"href":"https:\/\/defensoriaparana.com.ar\/index.php\/wp-json\/wp\/v2\/tags?post=4874"}],"curies":[{"name":"wp","href":"https:\/\/api.w.org\/{rel}","templated":true}]}}