{"id":4885,"date":"2023-08-08T17:01:55","date_gmt":"2023-08-08T17:01:55","guid":{"rendered":"http:\/\/defensoriaparana.com.ar\/?p=4885"},"modified":"2023-08-08T17:02:37","modified_gmt":"2023-08-08T17:02:37","slug":"gas-preocupacion-de-la-defensoria-del-pueblo-y-pedido-de-que-sea-declarado-servicio-esencial","status":"publish","type":"post","link":"https:\/\/defensoriaparana.com.ar\/index.php\/2023\/08\/08\/gas-preocupacion-de-la-defensoria-del-pueblo-y-pedido-de-que-sea-declarado-servicio-esencial\/","title":{"rendered":"Gas: preocupaci\u00f3n de la Defensor\u00eda del Pueblo y pedido para sea declarado servicio esencial"},"content":{"rendered":"<p>La Defensora del Pueblo Adjunta de Paran\u00e1, Cecilia Pautaso, expres\u00f3 la preocupaci\u00f3n de la instituci\u00f3n respecto a cuestiones relacionadas al gas envasado.<\/p>\n<p>Su uso demanda controles en los reguladores, las cargas y en el funcionamiento de estufas y pantallas de calor, ya que \u2013se\u00f1al\u00f3- resultan frecuentes los casos que ponen en riesgo la vida y los bienes de los usuarios al iniciarse incendios o explosiones con da\u00f1os irreparables o por la emanaci\u00f3n de mon\u00f3xido de carbono, algo tan nocivo y t\u00f3xico para los seres vivos.<\/p>\n<p>Cabe mencionar que el 60% de la poblaci\u00f3n argentina es usuaria del servicio de gas envasado y s\u00f3lo el 40% de ese n\u00famero accede a programa social espec\u00edfico.<\/p>\n<p>Los inconvenientes recrudecen con las temperaturas invernales y ante los ingresos econ\u00f3micos de los hogares en relaci\u00f3n al nivel de inflaci\u00f3n. Por ello, detall\u00f3 que se suele recurrir a otras formas para generar calor y en la cocci\u00f3n de los alimentos, como la utilizaci\u00f3n de artefactos el\u00e9ctricos de gran consumo mediante instalaciones indebidas y precarias o combustibles no aconsejados en ambientes peque\u00f1os o poco ventilados.<\/p>\n<p>Para reflejar el impacto de los costos en la econom\u00eda familiar, la Defensora Pautaso mencion\u00f3 -a modo de ejemplo- que el envase de una garrafa de 10 kg cuesta alrededor de $25 mil m\u00e1s unos $3 mil en concepto de la carga, un regulador $5 mil, una estufa de pantalla unos $10 mil y una estufa de gas ronda los $50 mil.<\/p>\n<p>\u201cEstamos preocupad\u00edsimos por esta situaci\u00f3n\u201d, dijo la Defensora en declaraciones al programa No tan temprano de Radio LT14 General Urquiza, tras mencionar que \u201cante los costos de la garrafa de gas muchas personas (integrantes de familias vulnerables) est\u00e1n sin acceso al mismo o en riegos por lo antes mencionado&#8221;.<\/p>\n<p>Al respecto record\u00f3 que la Defensor\u00eda de Paran\u00e1, en el marco de la asociaci\u00f3n que nuclea a instituciones del pa\u00eds, viene solicitando al Estado nacional que se declare al gas como un servicio esencial.<\/p>\n<p><img loading=\"lazy\" class=\"alignnone size-medium wp-image-4886\" src=\"http:\/\/defensoriaparana.com.ar\/wp-content\/uploads\/2023\/08\/garrafa-300x196.webp\" alt=\"\" width=\"300\" height=\"196\" srcset=\"https:\/\/defensoriaparana.com.ar\/wp-content\/uploads\/2023\/08\/garrafa-300x196.webp 300w, https:\/\/defensoriaparana.com.ar\/wp-content\/uploads\/2023\/08\/garrafa-768x502.webp 768w, https:\/\/defensoriaparana.com.ar\/wp-content\/uploads\/2023\/08\/garrafa.webp 980w\" sizes=\"(max-width: 300px) 100vw, 300px\" \/><\/p>\n<p>Por ello, la Defensora adjunta Pautaso reafirm\u00f3: \u201cNecesitamos que sea declarado en forma urgente un bien esencial, que el precio del gas natural sea un precio testigo y que haya un precio uniforme en las garrafas de 10, 12 y 15 kilos en todo el pa\u00eds. Ese fue el pedido contundente que se present\u00f3 en el \u00faltimo plenario de ADPRA (Asociaci\u00f3n de Defensor\u00edas del Pueblo de la Rep\u00fablica Argentina) que se llev\u00f3 a cabo en Paran\u00e1. Adem\u00e1s, se requiri\u00f3 la regulaci\u00f3n de las tarifa y que se garantice la distribuci\u00f3n, asistencia y acceso a m\u00e1s hogares en todo el pa\u00eds, solicitud que fue elevado ante la Naci\u00f3n.<\/p>\n<p>Tambi\u00e9n mencion\u00f3 que por pedido del Ente Nacional Regulador del Gas (Enargas), la Defensor\u00eda del Pueblo adhiere a la campa\u00f1a de difusi\u00f3n sobre ahorro y prevenci\u00f3n en el uso de este elemento, en la que el organismo brinda recomendaciones para la utilizaci\u00f3n adecuada y segura en los hogares.<\/p>\n","protected":false},"excerpt":{"rendered":"<p>La Defensora del Pueblo Adjunta de Paran\u00e1, Cecilia Pautaso, expres\u00f3 la preocupaci\u00f3n de la instituci\u00f3n respecto a cuestiones relacionadas al gas envasado. Su uso demanda controles en los reguladores, las cargas y en el funcionamiento de estufas y pantallas de calor, ya que \u2013se\u00f1al\u00f3- resultan frecuentes los casos que ponen en riesgo la vida y [&hellip;]<\/p>\n","protected":false},"author":2,"featured_media":4886,"comment_status":"open","ping_status":"open","sticky":false,"template":"","format":"standard","meta":{"om_disable_all_campaigns":false,"_monsterinsights_skip_tracking":false,"_monsterinsights_sitenote_active":false,"_monsterinsights_sitenote_note":"","_monsterinsights_sitenote_category":0},"categories":[1],"tags":[],"_links":{"self":[{"href":"https:\/\/defensoriaparana.com.ar\/index.php\/wp-json\/wp\/v2\/posts\/4885"}],"collection":[{"href":"https:\/\/defensoriaparana.com.ar\/index.php\/wp-json\/wp\/v2\/posts"}],"about":[{"href":"https:\/\/defensoriaparana.com.ar\/index.php\/wp-json\/wp\/v2\/types\/post"}],"author":[{"embeddable":true,"href":"https:\/\/defensoriaparana.com.ar\/index.php\/wp-json\/wp\/v2\/users\/2"}],"replies":[{"embeddable":true,"href":"https:\/\/defensoriaparana.com.ar\/index.php\/wp-json\/wp\/v2\/comments?post=4885"}],"version-history":[{"count":2,"href":"https:\/\/defensoriaparana.com.ar\/index.php\/wp-json\/wp\/v2\/posts\/4885\/revisions"}],"predecessor-version":[{"id":4888,"href":"https:\/\/defensoriaparana.com.ar\/index.php\/wp-json\/wp\/v2\/posts\/4885\/revisions\/4888"}],"wp:featuredmedia":[{"embeddable":true,"href":"https:\/\/defensoriaparana.com.ar\/index.php\/wp-json\/wp\/v2\/media\/4886"}],"wp:attachment":[{"href":"https:\/\/defensoriaparana.com.ar\/index.php\/wp-json\/wp\/v2\/media?parent=4885"}],"wp:term":[{"taxonomy":"category","embeddable":true,"href":"https:\/\/defensoriaparana.com.ar\/index.php\/wp-json\/wp\/v2\/categories?post=4885"},{"taxonomy":"post_tag","embeddable":true,"href":"https:\/\/defensoriaparana.com.ar\/index.php\/wp-json\/wp\/v2\/tags?post=4885"}],"curies":[{"name":"wp","href":"https:\/\/api.w.org\/{rel}","templated":true}]}}