{"id":4890,"date":"2023-08-11T16:05:10","date_gmt":"2023-08-11T16:05:10","guid":{"rendered":"http:\/\/defensoriaparana.com.ar\/?p=4890"},"modified":"2023-08-11T16:05:10","modified_gmt":"2023-08-11T16:05:10","slug":"las-defensoras-del-pueblo-se-reunieron-con-la-directora-del-iosper-que-representa-a-jubilados-de-la-provincia","status":"publish","type":"post","link":"https:\/\/defensoriaparana.com.ar\/index.php\/2023\/08\/11\/las-defensoras-del-pueblo-se-reunieron-con-la-directora-del-iosper-que-representa-a-jubilados-de-la-provincia\/","title":{"rendered":"Las Defensoras del Pueblo se reunieron con la directora del Iosper que representa a jubilados de la provincia"},"content":{"rendered":"<p>Las Defensoras del Pueblo de la Ciudad de Paran\u00e1, Marcia L\u00f3pez y Cecilia Pautaso (Adjunta), junto a la Defensora de los Derechos de las Personas Mayores, Ligia Blanco, se reunieron con la directora de la obra social por el agrupamiento de jubilados y pensionados de la provincia, Clara Luz del Valle Quintero.<\/p>\n<p>La intenci\u00f3n del encuentro consisti\u00f3 en profundizar la relaci\u00f3n y las v\u00edas de contacto entre ambas instituciones, con el objetivo de continuar realizando un trabajo conjunto que contribuya a brindar respuestas a la ciudadan\u00eda, que acude a la Defensor\u00eda del Pueblo con reclamos a la obra social en casos complejos.<\/p>\n<p><img loading=\"lazy\" class=\"alignnone wp-image-4894 size-large\" src=\"http:\/\/defensoriaparana.com.ar\/wp-content\/uploads\/2023\/08\/Marcia-Iosper-1024x768.jpg\" alt=\"\" width=\"960\" height=\"720\" srcset=\"https:\/\/defensoriaparana.com.ar\/wp-content\/uploads\/2023\/08\/Marcia-Iosper-1024x768.jpg 1024w, https:\/\/defensoriaparana.com.ar\/wp-content\/uploads\/2023\/08\/Marcia-Iosper-300x225.jpg 300w, https:\/\/defensoriaparana.com.ar\/wp-content\/uploads\/2023\/08\/Marcia-Iosper-768x576.jpg 768w, https:\/\/defensoriaparana.com.ar\/wp-content\/uploads\/2023\/08\/Marcia-Iosper-1536x1152.jpg 1536w, https:\/\/defensoriaparana.com.ar\/wp-content\/uploads\/2023\/08\/Marcia-Iosper.jpg 1600w\" sizes=\"(max-width: 960px) 100vw, 960px\" \/><\/p>\n<p>Al respecto, las Defensoras llevaron a la reuni\u00f3n una carpeta con distintas presentaciones de afiliados, que recurrieron a la instituci\u00f3n con el fin de que intermedie en pos de una respuesta a sus situaciones.<\/p>\n<p>En un intercambio ameno y productivo con la directora Quintero y personal de la obra social, se analizaron los planteos -la mayor\u00eda de personas mayores y otras con discapacidad- y se acord\u00f3 seguir manteniendo un contacto habitual y fluido.<\/p>\n<p><img loading=\"lazy\" class=\"alignnone wp-image-4892 size-large\" src=\"http:\/\/defensoriaparana.com.ar\/wp-content\/uploads\/2023\/08\/Ceci-Iosper-1024x768.jpg\" alt=\"\" width=\"960\" height=\"720\" srcset=\"https:\/\/defensoriaparana.com.ar\/wp-content\/uploads\/2023\/08\/Ceci-Iosper-1024x768.jpg 1024w, https:\/\/defensoriaparana.com.ar\/wp-content\/uploads\/2023\/08\/Ceci-Iosper-300x225.jpg 300w, https:\/\/defensoriaparana.com.ar\/wp-content\/uploads\/2023\/08\/Ceci-Iosper-768x576.jpg 768w, https:\/\/defensoriaparana.com.ar\/wp-content\/uploads\/2023\/08\/Ceci-Iosper-1536x1152.jpg 1536w, https:\/\/defensoriaparana.com.ar\/wp-content\/uploads\/2023\/08\/Ceci-Iosper.jpg 1600w\" sizes=\"(max-width: 960px) 100vw, 960px\" \/><\/p>\n<p>Tambi\u00e9n, la directora del Iosper brind\u00f3 informaci\u00f3n respecto a los servicios y coberturas relacionadas a \u00f3ptica y audiometr\u00eda, entre otras, as\u00ed como tambi\u00e9n sobre la atenci\u00f3n de la obra social a los afiliados.<\/p>\n<p><img loading=\"lazy\" class=\"alignnone wp-image-4895 size-large\" src=\"http:\/\/defensoriaparana.com.ar\/wp-content\/uploads\/2023\/08\/Ligia-Iosper-1024x768.jpg\" alt=\"\" width=\"960\" height=\"720\" srcset=\"https:\/\/defensoriaparana.com.ar\/wp-content\/uploads\/2023\/08\/Ligia-Iosper-1024x768.jpg 1024w, https:\/\/defensoriaparana.com.ar\/wp-content\/uploads\/2023\/08\/Ligia-Iosper-300x225.jpg 300w, https:\/\/defensoriaparana.com.ar\/wp-content\/uploads\/2023\/08\/Ligia-Iosper-768x576.jpg 768w, https:\/\/defensoriaparana.com.ar\/wp-content\/uploads\/2023\/08\/Ligia-Iosper-1536x1152.jpg 1536w, https:\/\/defensoriaparana.com.ar\/wp-content\/uploads\/2023\/08\/Ligia-Iosper.jpg 1600w\" sizes=\"(max-width: 960px) 100vw, 960px\" \/><\/p>\n<p>Por \u00faltimo, se destac\u00f3 el resultado del encuentro y las Defensoras anunciaron que continuar\u00e1n gestionando reuniones con el resto de los directores de la obra social \u2013son siete en total-, quienes representan a distintos agrupamientos de empleados p\u00fablicos. En este punto, se record\u00f3 que est\u00e1 pendiente de concreci\u00f3n una reuni\u00f3n solicitada desde el a\u00f1o pasado por la Defensor\u00eda con el presidente del Iosper, Fernando Ca\u00f1ete.<\/p>\n<p><img loading=\"lazy\" class=\"alignnone wp-image-4893 size-large\" src=\"http:\/\/defensoriaparana.com.ar\/wp-content\/uploads\/2023\/08\/Clara-Iosper-1024x768.jpg\" alt=\"\" width=\"960\" height=\"720\" srcset=\"https:\/\/defensoriaparana.com.ar\/wp-content\/uploads\/2023\/08\/Clara-Iosper-1024x768.jpg 1024w, https:\/\/defensoriaparana.com.ar\/wp-content\/uploads\/2023\/08\/Clara-Iosper-300x225.jpg 300w, https:\/\/defensoriaparana.com.ar\/wp-content\/uploads\/2023\/08\/Clara-Iosper-768x576.jpg 768w, https:\/\/defensoriaparana.com.ar\/wp-content\/uploads\/2023\/08\/Clara-Iosper-1536x1152.jpg 1536w, https:\/\/defensoriaparana.com.ar\/wp-content\/uploads\/2023\/08\/Clara-Iosper.jpg 1600w\" sizes=\"(max-width: 960px) 100vw, 960px\" \/><\/p>\n","protected":false},"excerpt":{"rendered":"<p>Las Defensoras del Pueblo de la Ciudad de Paran\u00e1, Marcia L\u00f3pez y Cecilia Pautaso (Adjunta), junto a la Defensora de los Derechos de las Personas Mayores, Ligia Blanco, se reunieron con la directora de la obra social por el agrupamiento de jubilados y pensionados de la provincia, Clara Luz del Valle Quintero. La intenci\u00f3n del [&hellip;]<\/p>\n","protected":false},"author":2,"featured_media":4891,"comment_status":"open","ping_status":"open","sticky":false,"template":"","format":"standard","meta":{"om_disable_all_campaigns":false,"_monsterinsights_skip_tracking":false,"_monsterinsights_sitenote_active":false,"_monsterinsights_sitenote_note":"","_monsterinsights_sitenote_category":0},"categories":[1],"tags":[],"_links":{"self":[{"href":"https:\/\/defensoriaparana.com.ar\/index.php\/wp-json\/wp\/v2\/posts\/4890"}],"collection":[{"href":"https:\/\/defensoriaparana.com.ar\/index.php\/wp-json\/wp\/v2\/posts"}],"about":[{"href":"https:\/\/defensoriaparana.com.ar\/index.php\/wp-json\/wp\/v2\/types\/post"}],"author":[{"embeddable":true,"href":"https:\/\/defensoriaparana.com.ar\/index.php\/wp-json\/wp\/v2\/users\/2"}],"replies":[{"embeddable":true,"href":"https:\/\/defensoriaparana.com.ar\/index.php\/wp-json\/wp\/v2\/comments?post=4890"}],"version-history":[{"count":1,"href":"https:\/\/defensoriaparana.com.ar\/index.php\/wp-json\/wp\/v2\/posts\/4890\/revisions"}],"predecessor-version":[{"id":4896,"href":"https:\/\/defensoriaparana.com.ar\/index.php\/wp-json\/wp\/v2\/posts\/4890\/revisions\/4896"}],"wp:featuredmedia":[{"embeddable":true,"href":"https:\/\/defensoriaparana.com.ar\/index.php\/wp-json\/wp\/v2\/media\/4891"}],"wp:attachment":[{"href":"https:\/\/defensoriaparana.com.ar\/index.php\/wp-json\/wp\/v2\/media?parent=4890"}],"wp:term":[{"taxonomy":"category","embeddable":true,"href":"https:\/\/defensoriaparana.com.ar\/index.php\/wp-json\/wp\/v2\/categories?post=4890"},{"taxonomy":"post_tag","embeddable":true,"href":"https:\/\/defensoriaparana.com.ar\/index.php\/wp-json\/wp\/v2\/tags?post=4890"}],"curies":[{"name":"wp","href":"https:\/\/api.w.org\/{rel}","templated":true}]}}