{"id":4897,"date":"2023-08-14T20:29:21","date_gmt":"2023-08-14T20:29:21","guid":{"rendered":"http:\/\/defensoriaparana.com.ar\/?p=4897"},"modified":"2023-08-14T20:29:21","modified_gmt":"2023-08-14T20:29:21","slug":"la-defensora-de-las-personas-mayores-se-reunio-con-el-centro-de-jubilados-19-de-septiembre","status":"publish","type":"post","link":"https:\/\/defensoriaparana.com.ar\/index.php\/2023\/08\/14\/la-defensora-de-las-personas-mayores-se-reunio-con-el-centro-de-jubilados-19-de-septiembre\/","title":{"rendered":"La Defensora de las Personas Mayores se reuni\u00f3 con el Centro de Jubilados 19 de Septiembre"},"content":{"rendered":"<p>Ligia Blanco, Defensora de los Derechos de las Personas Mayores de la Defensor\u00eda del Pueblo de Paran\u00e1, se reuni\u00f3 el viernes 11 con integrantes del Centro de Jubilados y Pensionados nacionales y provinciales 19 de Septiembre, ubicado en la zona sur de la ciudad.<\/p>\n<p>El prop\u00f3sito del encuentro fue tomar contacto y conocer la realidad del Centro y de las personas que representa y lo conforman, dijo la Defensora, quien destac\u00f3 la posibilidad de encarar trabajos y acciones en conjunto.<\/p>\n<p>Al respecto, Ligia Blanco inform\u00f3 sobre lo realizado desde su \u00e1rea y transmiti\u00f3 la invitaci\u00f3n para que desde el Centro participen del Consejo de Personas Mayores, \u00e1mbito creado por la ordenanza 10.023, con el objetivo de constituir un espacio para que esta franja etaria \u201cpueda hacer o\u00edr su voz, debatir y presentar proyectos para incidir en las pol\u00edticas p\u00fablicas de la ciudad\u201d.<\/p>\n<p><img loading=\"lazy\" class=\"alignnone wp-image-4898 size-full\" src=\"http:\/\/defensoriaparana.com.ar\/wp-content\/uploads\/2023\/08\/foto-ligia-reunion.jpg\" alt=\"\" width=\"803\" height=\"693\" srcset=\"https:\/\/defensoriaparana.com.ar\/wp-content\/uploads\/2023\/08\/foto-ligia-reunion.jpg 803w, https:\/\/defensoriaparana.com.ar\/wp-content\/uploads\/2023\/08\/foto-ligia-reunion-300x259.jpg 300w, https:\/\/defensoriaparana.com.ar\/wp-content\/uploads\/2023\/08\/foto-ligia-reunion-768x663.jpg 768w\" sizes=\"(max-width: 803px) 100vw, 803px\" \/><\/p>\n<h5>La Defensora Blanco, junto a miembros del Centro de Jubilados 19 de Septiembre.<\/h5>\n<p>Actualmente, la Defensor\u00eda de los Derechos de las Personas Mayores se encuentra abocada a la instrumentaci\u00f3n de este \u00e1mbito, en el marco de la Mesa de Pol\u00edticas P\u00fablicas Municipal. As\u00ed, desde agosto, est\u00e1 abierta la inscripci\u00f3n de instituciones y organizaciones de la ciudad para la conformaci\u00f3n del Registro de Entidades Vinculadas a las Personas Mayores, previsto por la ordenanza mencionada, y para lo cual la Defensora Blanco viene realizando las invitaciones a participar.<\/p>\n<p>Por su parte, integrantes del Centro, entre ellos su presidenta, Mar\u00eda Eva Lyardet, comentaron a la Defensora las dificultades que padecen las personas mayores de ese sector de la ciudad, en relaci\u00f3n al acceso a servicios. Entre ellos, se mencionaron inconvenientes en la sucursal del Banco Bersa, en Zanni y Almafuerte, como as\u00ed tambi\u00e9n se plantearon los problemas que afrontan con el manejo del sistema virtual para obtener servicios o informaci\u00f3n en general.<\/p>\n<p>El encuentro se realiz\u00f3 en la sede del Centro, ubicada en Gervasio M\u00e9ndez 490.<\/p>\n","protected":false},"excerpt":{"rendered":"<p>Ligia Blanco, Defensora de los Derechos de las Personas Mayores de la Defensor\u00eda del Pueblo de Paran\u00e1, se reuni\u00f3 el viernes 11 con integrantes del Centro de Jubilados y Pensionados nacionales y provinciales 19 de Septiembre, ubicado en la zona sur de la ciudad. El prop\u00f3sito del encuentro fue tomar contacto y conocer la realidad [&hellip;]<\/p>\n","protected":false},"author":2,"featured_media":4898,"comment_status":"open","ping_status":"open","sticky":false,"template":"","format":"standard","meta":{"om_disable_all_campaigns":false,"_monsterinsights_skip_tracking":false,"_monsterinsights_sitenote_active":false,"_monsterinsights_sitenote_note":"","_monsterinsights_sitenote_category":0},"categories":[1],"tags":[],"_links":{"self":[{"href":"https:\/\/defensoriaparana.com.ar\/index.php\/wp-json\/wp\/v2\/posts\/4897"}],"collection":[{"href":"https:\/\/defensoriaparana.com.ar\/index.php\/wp-json\/wp\/v2\/posts"}],"about":[{"href":"https:\/\/defensoriaparana.com.ar\/index.php\/wp-json\/wp\/v2\/types\/post"}],"author":[{"embeddable":true,"href":"https:\/\/defensoriaparana.com.ar\/index.php\/wp-json\/wp\/v2\/users\/2"}],"replies":[{"embeddable":true,"href":"https:\/\/defensoriaparana.com.ar\/index.php\/wp-json\/wp\/v2\/comments?post=4897"}],"version-history":[{"count":1,"href":"https:\/\/defensoriaparana.com.ar\/index.php\/wp-json\/wp\/v2\/posts\/4897\/revisions"}],"predecessor-version":[{"id":4899,"href":"https:\/\/defensoriaparana.com.ar\/index.php\/wp-json\/wp\/v2\/posts\/4897\/revisions\/4899"}],"wp:featuredmedia":[{"embeddable":true,"href":"https:\/\/defensoriaparana.com.ar\/index.php\/wp-json\/wp\/v2\/media\/4898"}],"wp:attachment":[{"href":"https:\/\/defensoriaparana.com.ar\/index.php\/wp-json\/wp\/v2\/media?parent=4897"}],"wp:term":[{"taxonomy":"category","embeddable":true,"href":"https:\/\/defensoriaparana.com.ar\/index.php\/wp-json\/wp\/v2\/categories?post=4897"},{"taxonomy":"post_tag","embeddable":true,"href":"https:\/\/defensoriaparana.com.ar\/index.php\/wp-json\/wp\/v2\/tags?post=4897"}],"curies":[{"name":"wp","href":"https:\/\/api.w.org\/{rel}","templated":true}]}}