{"id":4900,"date":"2023-08-18T15:37:05","date_gmt":"2023-08-18T15:37:05","guid":{"rendered":"http:\/\/defensoriaparana.com.ar\/?p=4900"},"modified":"2023-08-18T15:37:05","modified_gmt":"2023-08-18T15:37:05","slug":"la-defensoria-del-pueblo-y-la-facultad-de-ciencias-de-la-educacion-acordaron-trabajar-en-forma-conjunta","status":"publish","type":"post","link":"https:\/\/defensoriaparana.com.ar\/index.php\/2023\/08\/18\/la-defensoria-del-pueblo-y-la-facultad-de-ciencias-de-la-educacion-acordaron-trabajar-en-forma-conjunta\/","title":{"rendered":"La Defensor\u00eda del Pueblo y la Facultad de Ciencias de la Educaci\u00f3n acordaron trabajar en forma conjunta"},"content":{"rendered":"<p>Las defensoras del Pueblo de la Ciudad de Paran\u00e1, Marcia L\u00f3pez y Cecilia Pautaso (Adjunta), junto a la defensora por los Derechos de las Personas Mayores, Ligia Blanco, recibieron el mi\u00e9rcoles 16 la visita de la decana de la Facultad de Ciencias de la Educaci\u00f3n (FCEDU) de la Universidad Nacional de Entre R\u00edos (UNER), Dra. Aixa Boeykens.<\/p>\n<p>El encuentro fue para avanzar en la firma de un nuevo convenio de colaboraci\u00f3n que promueva la realizaci\u00f3n de acciones conjuntas orientadas al desarrollo de pr\u00e1cticas educativas, as\u00ed como tambi\u00e9n se convers\u00f3 sobre la posibilidad de encarar un trabajo mancomunado en temas en los que se encuentra abocada la Defensor\u00eda.<\/p>\n<p>Respecto a lo educativo, las autoridades acordaron la inclusi\u00f3n de la Defensor\u00eda del Pueblo de Paran\u00e1 como opci\u00f3n para la realizaci\u00f3n de pr\u00e1cticas curriculares de estudiantes de la Licenciatura en Comunicaci\u00f3n Social y tecnicaturas, carreras que se dictan en la FCEDU.<\/p>\n<figure id=\"attachment_4902\" aria-describedby=\"caption-attachment-4902\" style=\"width: 960px\" class=\"wp-caption alignnone\"><img loading=\"lazy\" class=\"wp-image-4902 size-large\" src=\"http:\/\/defensoriaparana.com.ar\/wp-content\/uploads\/2023\/08\/reunion-va-1024x768.jpg\" alt=\"\" width=\"960\" height=\"720\" srcset=\"https:\/\/defensoriaparana.com.ar\/wp-content\/uploads\/2023\/08\/reunion-va-1024x768.jpg 1024w, https:\/\/defensoriaparana.com.ar\/wp-content\/uploads\/2023\/08\/reunion-va-300x225.jpg 300w, https:\/\/defensoriaparana.com.ar\/wp-content\/uploads\/2023\/08\/reunion-va-768x576.jpg 768w, https:\/\/defensoriaparana.com.ar\/wp-content\/uploads\/2023\/08\/reunion-va-1536x1152.jpg 1536w, https:\/\/defensoriaparana.com.ar\/wp-content\/uploads\/2023\/08\/reunion-va.jpg 1600w\" sizes=\"(max-width: 960px) 100vw, 960px\" \/><figcaption id=\"caption-attachment-4902\" class=\"wp-caption-text\">Las defensoras se reunieron con la decana de la Facultad de Ciencias de la Educaci\u00f3n.<\/figcaption><\/figure>\n<p>\u201cComo Facultad estamos atentos y atentas a trabajar en conjunto con distintas organizaciones y entidades que forman parte de la comunidad. En este caso, la Defensor\u00eda nos parece muy importante, por el lugar que tiene en la sociedad y por el trabajo que hace, para que estudiantes de Comunicaci\u00f3n Social y de tecnicaturas con pr\u00e1cticas curriculares puedan acceder a formarse en esta instituci\u00f3n o para trabajar de manera rec\u00edproca\u201d, expres\u00f3 Boeykens.<\/p>\n<p>Por su parte, las defensoras remarcaron que \u201ces fundamental poder mantener, profundizar y enriquecer los v\u00ednculos institucionales con FCEDU, como parte de la universidad p\u00fablica, y tambi\u00e9n, la posibilidad de que sea la Defensor\u00eda del Pueblo, instituci\u00f3n de la democracia fundada en la defensa de los derechos ciudadanos, un lugar elegido por los estudiantes para realizar sus pr\u00e1cticas.<\/p>\n<p><strong>Otros temas<\/strong><\/p>\n<p>En la charla, la decana tambi\u00e9n manifest\u00f3 su inter\u00e9s en dos temas en los que viene trabajando la Defensor\u00eda del Pueblo: el servicio de transporte interurbano entre Paran\u00e1 y Santa Fe, y los inconvenientes que causa a los usuarios (en su mayor\u00eda estudiantes y docentes); y la grave situaci\u00f3n de las personas que viven en la calle en la ciudad.<\/p>\n<p>Respecto al transporte, las defensoras detallaron que se trata de una problem\u00e1tica que cada a\u00f1o recrudece, renov\u00e1ndose los reclamos de los usuarios, y explicaron las gestiones realizadas desde la instituci\u00f3n ante organismos nacionales con el fin de lograr un mejoramiento del servicio, que atienda verdaderamente las necesidades de las cientos de personas que lo utilizan diariamente.<\/p>\n<p>En ese sentido, la decana explic\u00f3 que las largas esperas del paso del colectivo afectan a estudiantes y docentes que deben viajar a la Facultad. \u201cEs una problem\u00e1tica que nos perjudica, nos impacta\u201d, dijo al fundar la preocupaci\u00f3n de la instituci\u00f3n, tras lo que expres\u00f3 el inter\u00e9s de sumarse al trabajo que se viene realizando en busca de soluciones.<\/p>\n<p>En cuanto a la problem\u00e1tica de las personas que viven en la calle, las defensoras describieron la situaci\u00f3n actual y\u00a0 mencionaron la existencia de una Red de instituciones y organizaciones de la ciudad, conformada en 2019 a instancias de la Defensor\u00eda del Pueblo ante la situaci\u00f3n angustiante de decenas de ciudadanos que permanecen a la intemperie. En ese sentido, la decana manifest\u00f3 la intenci\u00f3n de poder participar en \u201cel trabajo y la discusi\u00f3n p\u00fablica de la problem\u00e1tica con el fin de poder hacer un aporte\u201d.<\/p>\n<p>Tambi\u00e9n se analizaron cuestiones relacionadas a las personas mayores, abordadas por el \u00e1rea de la defensora Ligia Blanco y en vista de la labor que realiza el Departamento de la Mediana y Tercera Edad de la Facultad.<\/p>\n<p>Por \u00faltimo, se resolvi\u00f3 avanzar en la renovaci\u00f3n del convenio de colaboraci\u00f3n -ya que ambas instituciones ven\u00edan manteniendo acuerdos en distintos per\u00edodos- y en gestiones en conjunto.<\/p>\n","protected":false},"excerpt":{"rendered":"<p>Las defensoras del Pueblo de la Ciudad de Paran\u00e1, Marcia L\u00f3pez y Cecilia Pautaso (Adjunta), junto a la defensora por los Derechos de las Personas Mayores, Ligia Blanco, recibieron el mi\u00e9rcoles 16 la visita de la decana de la Facultad de Ciencias de la Educaci\u00f3n (FCEDU) de la Universidad Nacional de Entre R\u00edos (UNER), Dra. [&hellip;]<\/p>\n","protected":false},"author":2,"featured_media":4901,"comment_status":"open","ping_status":"open","sticky":false,"template":"","format":"standard","meta":{"om_disable_all_campaigns":false,"_monsterinsights_skip_tracking":false,"_monsterinsights_sitenote_active":false,"_monsterinsights_sitenote_note":"","_monsterinsights_sitenote_category":0},"categories":[1],"tags":[],"_links":{"self":[{"href":"https:\/\/defensoriaparana.com.ar\/index.php\/wp-json\/wp\/v2\/posts\/4900"}],"collection":[{"href":"https:\/\/defensoriaparana.com.ar\/index.php\/wp-json\/wp\/v2\/posts"}],"about":[{"href":"https:\/\/defensoriaparana.com.ar\/index.php\/wp-json\/wp\/v2\/types\/post"}],"author":[{"embeddable":true,"href":"https:\/\/defensoriaparana.com.ar\/index.php\/wp-json\/wp\/v2\/users\/2"}],"replies":[{"embeddable":true,"href":"https:\/\/defensoriaparana.com.ar\/index.php\/wp-json\/wp\/v2\/comments?post=4900"}],"version-history":[{"count":1,"href":"https:\/\/defensoriaparana.com.ar\/index.php\/wp-json\/wp\/v2\/posts\/4900\/revisions"}],"predecessor-version":[{"id":4903,"href":"https:\/\/defensoriaparana.com.ar\/index.php\/wp-json\/wp\/v2\/posts\/4900\/revisions\/4903"}],"wp:featuredmedia":[{"embeddable":true,"href":"https:\/\/defensoriaparana.com.ar\/index.php\/wp-json\/wp\/v2\/media\/4901"}],"wp:attachment":[{"href":"https:\/\/defensoriaparana.com.ar\/index.php\/wp-json\/wp\/v2\/media?parent=4900"}],"wp:term":[{"taxonomy":"category","embeddable":true,"href":"https:\/\/defensoriaparana.com.ar\/index.php\/wp-json\/wp\/v2\/categories?post=4900"},{"taxonomy":"post_tag","embeddable":true,"href":"https:\/\/defensoriaparana.com.ar\/index.php\/wp-json\/wp\/v2\/tags?post=4900"}],"curies":[{"name":"wp","href":"https:\/\/api.w.org\/{rel}","templated":true}]}}