{"id":4905,"date":"2023-08-22T23:34:46","date_gmt":"2023-08-22T23:34:46","guid":{"rendered":"http:\/\/defensoriaparana.com.ar\/?p=4905"},"modified":"2023-08-22T23:34:46","modified_gmt":"2023-08-22T23:34:46","slug":"la-defensora-ligia-blanco-participo-de-la-presentacion-de-la-informacion-para-personas-mayores-en-el-mapear-comunidad","status":"publish","type":"post","link":"https:\/\/defensoriaparana.com.ar\/index.php\/2023\/08\/22\/la-defensora-ligia-blanco-participo-de-la-presentacion-de-la-informacion-para-personas-mayores-en-el-mapear-comunidad\/","title":{"rendered":"La Defensora Ligia Blanco particip\u00f3 de la presentaci\u00f3n de la informaci\u00f3n para personas mayores en el Mapear Comunidad"},"content":{"rendered":"<p>&nbsp;<\/p>\n<p>Este jueves 22 de agosto se realiz\u00f3 la presentaci\u00f3n del Mapear Comunidad, una herramienta digital que re\u00fane datos y la referencia geogr\u00e1fica de distintas instituciones p\u00fablicas \u2013como centros de salud y escuelas-, organizaciones sociales e iniciativas comunitarias de la ciudad.<\/p>\n<p>Si bien se hizo un recorrido por la informaci\u00f3n en general que concentra el programa, la reuni\u00f3n tuvo el objetivo principal de difundir la incorporaci\u00f3n de una nueva pesta\u00f1a con datos espec\u00edficos que pueden ser de inter\u00e9s para personas mayores de 60 a\u00f1os.<\/p>\n<p><img loading=\"lazy\" class=\"alignnone wp-image-4909 size-large\" src=\"http:\/\/defensoriaparana.com.ar\/wp-content\/uploads\/2023\/08\/ligia-576x1024.jpg\" alt=\"\" width=\"576\" height=\"1024\" srcset=\"https:\/\/defensoriaparana.com.ar\/wp-content\/uploads\/2023\/08\/ligia-576x1024.jpg 576w, https:\/\/defensoriaparana.com.ar\/wp-content\/uploads\/2023\/08\/ligia-169x300.jpg 169w, https:\/\/defensoriaparana.com.ar\/wp-content\/uploads\/2023\/08\/ligia-768x1365.jpg 768w, https:\/\/defensoriaparana.com.ar\/wp-content\/uploads\/2023\/08\/ligia-864x1536.jpg 864w, https:\/\/defensoriaparana.com.ar\/wp-content\/uploads\/2023\/08\/ligia.jpg 900w\" sizes=\"(max-width: 576px) 100vw, 576px\" \/><\/p>\n<p>El agregado de esta informaci\u00f3n al Mapear fue motorizado por la Defensora de los Derechos de las Personas Mayores de la Defensor\u00eda del Pueblo de Paran\u00e1, Ligia Blanco, quien trabaj\u00f3 en la recolecci\u00f3n y organizaci\u00f3n de datos con el fin de visibilizar acciones comunitarias y estatales en el territorio que tengan relaci\u00f3n con la franja etaria en cuesti\u00f3n. Explic\u00f3 que la secci\u00f3n comprende, por ejemplo, un listado de instituciones, centros de jubilados y organizaciones con las actividades y talleres dirigidos a personas mayores, las v\u00edas de contacto y ubicaci\u00f3n en el mapa de la ciudad.<\/p>\n<p>\u201cLa intenci\u00f3n es facilitar a las personas mayores informaci\u00f3n sobre los lugares y las distintas actividades que se brindan en diferentes puntos de la ciudad para que quienes est\u00e9n interesados en participar puedan llamar y consultar. As\u00ed, tambi\u00e9n para poder tener una descripci\u00f3n geogr\u00e1fica con los lugares de la ciudad que cuentan con actividades y talleres para personas mayores de 60 a\u00f1os y en aquellos que estar\u00edan faltando\u201d, detall\u00f3 la Defensora.<\/p>\n<p>Ligia Blanco y el subsecretario de Participaci\u00f3n Ciudadana, Pablo Manuel Arriola, abrieron el encuentro, llevado a cabo en la Asociaci\u00f3n El Recreo, y explicaron el objetivo y funcionamiento del sitio www.mapearcomunidad.com. Seguidamente, se mostr\u00f3 en detalle la informaci\u00f3n contenida por la plataforma y la posibilidad de entrecruzamiento de datos.<\/p>\n<p><img loading=\"lazy\" class=\"alignnone wp-image-4907 size-large\" src=\"http:\/\/defensoriaparana.com.ar\/wp-content\/uploads\/2023\/08\/ligia3-1024x768.jpg\" alt=\"\" width=\"960\" height=\"720\" srcset=\"https:\/\/defensoriaparana.com.ar\/wp-content\/uploads\/2023\/08\/ligia3-1024x768.jpg 1024w, https:\/\/defensoriaparana.com.ar\/wp-content\/uploads\/2023\/08\/ligia3-300x225.jpg 300w, https:\/\/defensoriaparana.com.ar\/wp-content\/uploads\/2023\/08\/ligia3-768x576.jpg 768w, https:\/\/defensoriaparana.com.ar\/wp-content\/uploads\/2023\/08\/ligia3-1536x1152.jpg 1536w, https:\/\/defensoriaparana.com.ar\/wp-content\/uploads\/2023\/08\/ligia3.jpg 1600w\" sizes=\"(max-width: 960px) 100vw, 960px\" \/><\/p>\n<p>El Mapear Comunidad es una iniciativa de las facultades de Trabajo Social y de Ciencias Econ\u00f3micas de la Universidad Nacional de Entre R\u00edos (Uner) y de la Municipalidad de Paran\u00e1, en la que colabora activamente la Defensor\u00eda de los Derechos de las Personas Mayores.<\/p>\n<p>Entre los presentes estuvieron integrantes de la Caja Preveer CJyP, CAPS Selig Goldin, Subsecretar\u00eda de Ambiente y Acci\u00f3n Clim\u00e1tica y Centros Regionales de Referencia Dr. Gerardo Domagk, Toma Nueva, La Milagrosa, Kentenich, Arturo Illia. Tambi\u00e9n, referentes de la Caja de Jubilaciones de Entre R\u00edos, de la Federaci\u00f3n de Jubilados y Pensionados de la Provincia E.R., del Foro de los Derechos por las Personas Mayores, CAPS Papa Francisco y de la comisi\u00f3n electa de jubilados de ATE.<\/p>\n<p><img loading=\"lazy\" class=\"alignnone wp-image-4910 size-full\" src=\"http:\/\/defensoriaparana.com.ar\/wp-content\/uploads\/2023\/08\/Captura.jpg\" alt=\"\" width=\"222\" height=\"310\" srcset=\"https:\/\/defensoriaparana.com.ar\/wp-content\/uploads\/2023\/08\/Captura.jpg 222w, https:\/\/defensoriaparana.com.ar\/wp-content\/uploads\/2023\/08\/Captura-215x300.jpg 215w\" sizes=\"(max-width: 222px) 100vw, 222px\" \/><\/p>\n<p>En tanto, las autoridades que asistieron fueron la Subsecretaria de DDHH y Pol\u00edticas de Cuidado de ER, Lic. Muriel Stablun, el Director de Adultos Mayores de la provincia, Lic. Pedro Manucci, y el concejal Sergio Granetto, entre otras.<\/p>\n<p><img loading=\"lazy\" class=\"alignnone wp-image-4906 size-large\" src=\"http:\/\/defensoriaparana.com.ar\/wp-content\/uploads\/2023\/08\/ligia-4-1024x768.jpg\" alt=\"\" width=\"960\" height=\"720\" srcset=\"https:\/\/defensoriaparana.com.ar\/wp-content\/uploads\/2023\/08\/ligia-4-1024x768.jpg 1024w, https:\/\/defensoriaparana.com.ar\/wp-content\/uploads\/2023\/08\/ligia-4-300x225.jpg 300w, https:\/\/defensoriaparana.com.ar\/wp-content\/uploads\/2023\/08\/ligia-4-768x576.jpg 768w, https:\/\/defensoriaparana.com.ar\/wp-content\/uploads\/2023\/08\/ligia-4-1536x1152.jpg 1536w, https:\/\/defensoriaparana.com.ar\/wp-content\/uploads\/2023\/08\/ligia-4.jpg 1600w\" sizes=\"(max-width: 960px) 100vw, 960px\" \/><\/p>\n","protected":false},"excerpt":{"rendered":"<p>&nbsp; Este jueves 22 de agosto se realiz\u00f3 la presentaci\u00f3n del Mapear Comunidad, una herramienta digital que re\u00fane datos y la referencia geogr\u00e1fica de distintas instituciones p\u00fablicas \u2013como centros de salud y escuelas-, organizaciones sociales e iniciativas comunitarias de la ciudad. Si bien se hizo un recorrido por la informaci\u00f3n en general que concentra el [&hellip;]<\/p>\n","protected":false},"author":2,"featured_media":4909,"comment_status":"open","ping_status":"open","sticky":false,"template":"","format":"standard","meta":{"om_disable_all_campaigns":false,"_monsterinsights_skip_tracking":false,"_monsterinsights_sitenote_active":false,"_monsterinsights_sitenote_note":"","_monsterinsights_sitenote_category":0},"categories":[1],"tags":[],"_links":{"self":[{"href":"https:\/\/defensoriaparana.com.ar\/index.php\/wp-json\/wp\/v2\/posts\/4905"}],"collection":[{"href":"https:\/\/defensoriaparana.com.ar\/index.php\/wp-json\/wp\/v2\/posts"}],"about":[{"href":"https:\/\/defensoriaparana.com.ar\/index.php\/wp-json\/wp\/v2\/types\/post"}],"author":[{"embeddable":true,"href":"https:\/\/defensoriaparana.com.ar\/index.php\/wp-json\/wp\/v2\/users\/2"}],"replies":[{"embeddable":true,"href":"https:\/\/defensoriaparana.com.ar\/index.php\/wp-json\/wp\/v2\/comments?post=4905"}],"version-history":[{"count":1,"href":"https:\/\/defensoriaparana.com.ar\/index.php\/wp-json\/wp\/v2\/posts\/4905\/revisions"}],"predecessor-version":[{"id":4911,"href":"https:\/\/defensoriaparana.com.ar\/index.php\/wp-json\/wp\/v2\/posts\/4905\/revisions\/4911"}],"wp:featuredmedia":[{"embeddable":true,"href":"https:\/\/defensoriaparana.com.ar\/index.php\/wp-json\/wp\/v2\/media\/4909"}],"wp:attachment":[{"href":"https:\/\/defensoriaparana.com.ar\/index.php\/wp-json\/wp\/v2\/media?parent=4905"}],"wp:term":[{"taxonomy":"category","embeddable":true,"href":"https:\/\/defensoriaparana.com.ar\/index.php\/wp-json\/wp\/v2\/categories?post=4905"},{"taxonomy":"post_tag","embeddable":true,"href":"https:\/\/defensoriaparana.com.ar\/index.php\/wp-json\/wp\/v2\/tags?post=4905"}],"curies":[{"name":"wp","href":"https:\/\/api.w.org\/{rel}","templated":true}]}}