{"id":4912,"date":"2023-08-21T23:37:22","date_gmt":"2023-08-21T23:37:22","guid":{"rendered":"http:\/\/defensoriaparana.com.ar\/?p=4912"},"modified":"2023-08-22T23:42:22","modified_gmt":"2023-08-22T23:42:22","slug":"la-defensora-marcia-lopez-se-refirio-a-los-principales-reclamos-recibidos-a-los-temas-motivo-de-mediacion-y-a-los-anos-de-historia-de-la-institucion","status":"publish","type":"post","link":"https:\/\/defensoriaparana.com.ar\/index.php\/2023\/08\/21\/la-defensora-marcia-lopez-se-refirio-a-los-principales-reclamos-recibidos-a-los-temas-motivo-de-mediacion-y-a-los-anos-de-historia-de-la-institucion\/","title":{"rendered":"La Defensora Marcia L\u00f3pez se refiri\u00f3 a los principales reclamos recibidos, a los temas motivo de mediaci\u00f3n y a los a\u00f1os de historia de la instituci\u00f3n"},"content":{"rendered":"<div class=\"\" dir=\"auto\">\n<div id=\":rm:\" class=\"x1iorvi4 x1pi30zi x1l90r2v x1swvt13\" data-ad-comet-preview=\"message\" data-ad-preview=\"message\">\n<div class=\"x78zum5 xdt5ytf xz62fqu x16ldp7u\">\n<div class=\"xu06os2 x1ok221b\">\n<div class=\"xdj266r x11i5rnm xat24cr x1mh8g0r x1vvkbs x126k92a\">\n<div dir=\"auto\"><\/div>\n<div dir=\"auto\">Los 20 a\u00f1os de la Defensor\u00eda del Pueblo de Paran\u00e1 -aniversario que transita en 2023-, el alcance y arraigo de la instituci\u00f3n en estas dos d\u00e9cadas, \u00fanica en funcionamiento en Entre R\u00edos, fueron algunos de los temas abordados en una nota period\u00edstica por la defensora Marcia L\u00f3pez.<\/div>\n<div dir=\"auto\">.<\/div>\n<div dir=\"auto\">En ese marco, la defensora record\u00f3 que est\u00e1 creada la Defensor\u00eda del Pueblo de la Provincia de Entre R\u00edos, pero su instrumentaci\u00f3n est\u00e1 pendiente desde 2008.<\/div>\n<div dir=\"auto\">.<\/div>\n<div dir=\"auto\">Tambi\u00e9n mencion\u00f3 el trabajo realizado en el marco de la las Defensor\u00edas del Pueblo del pa\u00eds (Adpra) y en las instituciones de la Regi\u00f3n Centro, con tem\u00e1ticas que son de inter\u00e9s de la zona y a nivel nacional.<\/div>\n<div dir=\"auto\"><img loading=\"lazy\" class=\"alignnone wp-image-4913 size-full\" src=\"http:\/\/defensoriaparana.com.ar\/wp-content\/uploads\/2023\/08\/prgrama-tv.jpg\" alt=\"\" width=\"568\" height=\"317\" srcset=\"https:\/\/defensoriaparana.com.ar\/wp-content\/uploads\/2023\/08\/prgrama-tv.jpg 568w, https:\/\/defensoriaparana.com.ar\/wp-content\/uploads\/2023\/08\/prgrama-tv-300x167.jpg 300w\" sizes=\"(max-width: 568px) 100vw, 568px\" \/><\/div>\n<h5 dir=\"auto\">Nota con el periodista Gonzalo Schmidt del programa Sobremesa, de Canal 6 ERTV.<\/h5>\n<div dir=\"auto\">.<\/div>\n<div dir=\"auto\">Otros temas como el pedido de la Defensor\u00eda en relaci\u00f3n al acceso del gas en garrafa -cuesti\u00f3n en la que se expidi\u00f3 la instituci\u00f3n recientemente-, el servicio de mediaci\u00f3n que se ofrece gratuitamente a la ciudadan\u00eda para abordar conflictos comunitarios, el asesoramiento que brinda el \u00e1rea jur\u00eddica del organismo defensor de derechos y los principales reclamos recibidos en este per\u00edodo fueron puntos abordados en la conversaci\u00f3n con el periodista Gonzalo Schmidt del programa Sobremesa, de Canal 6 ERTV.<\/div>\n<div dir=\"auto\">.<\/div>\n<div dir=\"auto\"><span class=\"x3nfvp2 x1j61x8r x1fcty0u xdj266r xhhsvwb xat24cr xgzva0m xxymvpz xlup9mm x1kky2od\"><img loading=\"lazy\" src=\"https:\/\/static.xx.fbcdn.net\/images\/emoji.php\/v9\/t6e\/1\/16\/1f534.png\" alt=\"\ud83d\udd34\" width=\"16\" height=\"16\" \/><\/span><span class=\"x3nfvp2 x1j61x8r x1fcty0u xdj266r xhhsvwb xat24cr xgzva0m xxymvpz xlup9mm x1kky2od\"><img loading=\"lazy\" src=\"https:\/\/static.xx.fbcdn.net\/images\/emoji.php\/v9\/t6e\/1\/16\/1f534.png\" alt=\"\ud83d\udd34\" width=\"16\" height=\"16\" \/><\/span>Las personas interesadas en realizar una consulta o reclamo pueden acercarse a la sede de la Defensor\u00eda en <span class=\"x3nfvp2 x1j61x8r x1fcty0u xdj266r xhhsvwb xat24cr xgzva0m xxymvpz xlup9mm x1kky2od\"><img loading=\"lazy\" src=\"https:\/\/static.xx.fbcdn.net\/images\/emoji.php\/v9\/tbd\/1\/16\/1f4a2.png\" alt=\"\ud83d\udca2\" width=\"16\" height=\"16\" \/><\/span>Hip\u00f3lito Yrigoyen 236, de 8 a 13; llamar en el mismo horario al <span class=\"x3nfvp2 x1j61x8r x1fcty0u xdj266r xhhsvwb xat24cr xgzva0m xxymvpz xlup9mm x1kky2od\"><img loading=\"lazy\" src=\"https:\/\/static.xx.fbcdn.net\/images\/emoji.php\/v9\/t22\/1\/16\/260e.png\" alt=\"\u260e\" width=\"16\" height=\"16\" \/><\/span> 0343 4202322 o escribir al<span class=\"x3nfvp2 x1j61x8r x1fcty0u xdj266r xhhsvwb xat24cr xgzva0m xxymvpz xlup9mm x1kky2od\"><img loading=\"lazy\" src=\"https:\/\/static.xx.fbcdn.net\/images\/emoji.php\/v9\/t57\/1\/16\/1f4f1.png\" alt=\"\ud83d\udcf1\" width=\"16\" height=\"16\" \/><\/span>Wsp a 343 5346616. Tambi\u00e9n, comunicarse al <span class=\"x3nfvp2 x1j61x8r x1fcty0u xdj266r xhhsvwb xat24cr xgzva0m xxymvpz xlup9mm x1kky2od\"><img loading=\"lazy\" src=\"https:\/\/static.xx.fbcdn.net\/images\/emoji.php\/v9\/t8c\/1\/16\/1f4bb.png\" alt=\"\ud83d\udcbb\" width=\"16\" height=\"16\" \/><\/span>Mail defensoriaparana@gmail.comcon o dejar un mensaje en el Facebook Defensor\u00eda del Pueblo Paran\u00e1.<\/div>\n<div dir=\"auto\"><\/div>\n<\/div>\n<div dir=\"auto\">Nota en <a href=\"https:\/\/www.youtube.com\/watch?v=XG5AS72wzaw\">https:\/\/www.youtube.com\/watch?v=XG5AS72wzaw<\/a><\/div>\n<\/div>\n<\/div>\n<\/div>\n<\/div>\n<div id=\":rn:\" class=\"x1n2onr6\">\n<div class=\"x1n2onr6\">\n<div class=\"xmjcpbm x1n2onr6\">\n<div class=\"x78zum5 x14ju556 x6ikm8r x10wlt62 x1n2onr6\">\n<div class=\"x6s0dn4 x1jx94hy x78zum5 xdt5ytf x6ikm8r x10wlt62 x1n2onr6 xh8yej3\">\n<div>\n<div class=\"xqtp20y x6ikm8r x10wlt62 x1n2onr6\"><\/div>\n<\/div>\n<\/div>\n<\/div>\n<\/div>\n<\/div>\n<\/div>\n","protected":false},"excerpt":{"rendered":"<p>Los 20 a\u00f1os de la Defensor\u00eda del Pueblo de Paran\u00e1 -aniversario que transita en 2023-, el alcance y arraigo de la instituci\u00f3n en estas dos d\u00e9cadas, \u00fanica en funcionamiento en Entre R\u00edos, fueron algunos de los temas abordados en una nota period\u00edstica por la defensora Marcia L\u00f3pez. . En ese marco, la defensora record\u00f3 que [&hellip;]<\/p>\n","protected":false},"author":2,"featured_media":4913,"comment_status":"open","ping_status":"open","sticky":false,"template":"","format":"standard","meta":{"om_disable_all_campaigns":false,"_monsterinsights_skip_tracking":false,"_monsterinsights_sitenote_active":false,"_monsterinsights_sitenote_note":"","_monsterinsights_sitenote_category":0},"categories":[1],"tags":[],"_links":{"self":[{"href":"https:\/\/defensoriaparana.com.ar\/index.php\/wp-json\/wp\/v2\/posts\/4912"}],"collection":[{"href":"https:\/\/defensoriaparana.com.ar\/index.php\/wp-json\/wp\/v2\/posts"}],"about":[{"href":"https:\/\/defensoriaparana.com.ar\/index.php\/wp-json\/wp\/v2\/types\/post"}],"author":[{"embeddable":true,"href":"https:\/\/defensoriaparana.com.ar\/index.php\/wp-json\/wp\/v2\/users\/2"}],"replies":[{"embeddable":true,"href":"https:\/\/defensoriaparana.com.ar\/index.php\/wp-json\/wp\/v2\/comments?post=4912"}],"version-history":[{"count":1,"href":"https:\/\/defensoriaparana.com.ar\/index.php\/wp-json\/wp\/v2\/posts\/4912\/revisions"}],"predecessor-version":[{"id":4914,"href":"https:\/\/defensoriaparana.com.ar\/index.php\/wp-json\/wp\/v2\/posts\/4912\/revisions\/4914"}],"wp:featuredmedia":[{"embeddable":true,"href":"https:\/\/defensoriaparana.com.ar\/index.php\/wp-json\/wp\/v2\/media\/4913"}],"wp:attachment":[{"href":"https:\/\/defensoriaparana.com.ar\/index.php\/wp-json\/wp\/v2\/media?parent=4912"}],"wp:term":[{"taxonomy":"category","embeddable":true,"href":"https:\/\/defensoriaparana.com.ar\/index.php\/wp-json\/wp\/v2\/categories?post=4912"},{"taxonomy":"post_tag","embeddable":true,"href":"https:\/\/defensoriaparana.com.ar\/index.php\/wp-json\/wp\/v2\/tags?post=4912"}],"curies":[{"name":"wp","href":"https:\/\/api.w.org\/{rel}","templated":true}]}}