{"id":4919,"date":"2023-09-01T21:33:37","date_gmt":"2023-09-01T21:33:37","guid":{"rendered":"http:\/\/defensoriaparana.com.ar\/?p=4919"},"modified":"2023-09-01T21:33:37","modified_gmt":"2023-09-01T21:33:37","slug":"la-defensoria-del-pueblo-y-las-universidades-acordaron-trabajar-en-conjunto-en-la-organizacion-del-debate-de-los-candidatos-a-la-intendencia-de-parana","status":"publish","type":"post","link":"https:\/\/defensoriaparana.com.ar\/index.php\/2023\/09\/01\/la-defensoria-del-pueblo-y-las-universidades-acordaron-trabajar-en-conjunto-en-la-organizacion-del-debate-de-los-candidatos-a-la-intendencia-de-parana\/","title":{"rendered":"La Defensor\u00eda del Pueblo y las universidades acordaron trabajar en conjunto en la organizaci\u00f3n del debate de los candidatos a la intendencia de Paran\u00e1"},"content":{"rendered":"<div class=\"x11i5rnm xat24cr x1mh8g0r x1vvkbs xtlvy1s x126k92a\">\n<div dir=\"auto\"><\/div>\n<div dir=\"auto\">En base a lo dispuesto por la ordenanza N\u00ba 9856, que fija la obligatoriedad del debate de los candidatos a intendentes de la ciudad y designa a la Defensor\u00eda del Pueblo de Paran\u00e1 como \u00f3rgano de aplicaci\u00f3n de esta disposici\u00f3n, se realiz\u00f3 esta ma\u00f1ana una reuni\u00f3n con representantes de cuatro universidades locales y se acord\u00f3 trabajar en conjunto en la organizaci\u00f3n de dicho acto p\u00fablico, cuya concreci\u00f3n est\u00e1 prevista para los primeros d\u00edas de octubre.<\/div>\n<\/div>\n<div class=\"x11i5rnm xat24cr x1mh8g0r x1vvkbs xtlvy1s x126k92a\">\n<div dir=\"auto\"><\/div>\n<div dir=\"auto\">El objetivo propuesto por la norma, sancionada en 2019, consiste en generar un espacio para que los candidatos \u2013en este caso suman cinco tras las PASO- puedan \u201cdar a conocer y debatir\u201d ante la ciudadan\u00eda \u201clas plataformas electorales de los partidos, frentes o agrupaciones pol\u00edticas\u201d.<\/div>\n<\/div>\n<div class=\"x11i5rnm xat24cr x1mh8g0r x1vvkbs xtlvy1s x126k92a\">\n<div dir=\"auto\">Para ello, en el \u00e1mbito conformado por las universidades y la Defensor\u00eda del Pueblo, se delinear\u00e1n los principales ejes tem\u00e1ticos a abordar y las pautas y condiciones del desarrollo del debate, cuestiones que ser\u00e1n puestas a consideraci\u00f3n de los candidatos en los pr\u00f3ximos d\u00edas.<\/div>\n<div dir=\"auto\"><\/div>\n<div dir=\"auto\"><img loading=\"lazy\" class=\"alignnone wp-image-4921 size-large\" src=\"http:\/\/defensoriaparana.com.ar\/wp-content\/uploads\/2023\/09\/reunion1-1024x768.jpg\" alt=\"\" width=\"960\" height=\"720\" srcset=\"https:\/\/defensoriaparana.com.ar\/wp-content\/uploads\/2023\/09\/reunion1-1024x768.jpg 1024w, https:\/\/defensoriaparana.com.ar\/wp-content\/uploads\/2023\/09\/reunion1-300x225.jpg 300w, https:\/\/defensoriaparana.com.ar\/wp-content\/uploads\/2023\/09\/reunion1-768x576.jpg 768w, https:\/\/defensoriaparana.com.ar\/wp-content\/uploads\/2023\/09\/reunion1-1536x1152.jpg 1536w, https:\/\/defensoriaparana.com.ar\/wp-content\/uploads\/2023\/09\/reunion1.jpg 1600w\" sizes=\"(max-width: 960px) 100vw, 960px\" \/><\/div>\n<\/div>\n<div class=\"x11i5rnm xat24cr x1mh8g0r x1vvkbs xtlvy1s x126k92a\">\n<div dir=\"auto\"><\/div>\n<div dir=\"auto\">La invitaci\u00f3n de la Defensor\u00eda a los rectorados de las universidades locales se realiz\u00f3 con el fin de aunar esfuerzos, teniendo como \u00fanico objetivo los intereses de la ciudadan\u00eda, y para enriquecer y garantizar -con el valioso aporte desde lo acad\u00e9mico- la calidad de la organizaci\u00f3n del debate.<\/div>\n<\/div>\n<div class=\"x11i5rnm xat24cr x1mh8g0r x1vvkbs xtlvy1s x126k92a\">\n<div dir=\"auto\">Participaron del encuentro, realizado en la sede de la Defensor\u00eda, representantes y equipos de trabajo de la Universidad Nacional de Entre R\u00edos (UNER), de la Universidad Cat\u00f3lica Argentina (UCA), sede Paran\u00e1, de la Universidad Tecnol\u00f3gica Nacional (UTN), Regional Paran\u00e1, y de la Universidad Aut\u00f3noma de Entre R\u00edos (UADER).<\/div>\n<div dir=\"auto\"><img loading=\"lazy\" class=\"alignnone wp-image-4920 size-large\" src=\"http:\/\/defensoriaparana.com.ar\/wp-content\/uploads\/2023\/09\/reunion-1024x768.jpg\" alt=\"\" width=\"960\" height=\"720\" srcset=\"https:\/\/defensoriaparana.com.ar\/wp-content\/uploads\/2023\/09\/reunion-1024x768.jpg 1024w, https:\/\/defensoriaparana.com.ar\/wp-content\/uploads\/2023\/09\/reunion-300x225.jpg 300w, https:\/\/defensoriaparana.com.ar\/wp-content\/uploads\/2023\/09\/reunion-768x576.jpg 768w, https:\/\/defensoriaparana.com.ar\/wp-content\/uploads\/2023\/09\/reunion-1536x1152.jpg 1536w, https:\/\/defensoriaparana.com.ar\/wp-content\/uploads\/2023\/09\/reunion.jpg 1600w\" sizes=\"(max-width: 960px) 100vw, 960px\" \/><\/div>\n<\/div>\n<div class=\"x11i5rnm xat24cr x1mh8g0r x1vvkbs xtlvy1s x126k92a\">\n<div dir=\"auto\"><\/div>\n<div dir=\"auto\">En el transcurso de la reuni\u00f3n se resolvi\u00f3 conformar una comisi\u00f3n de trabajo y una convocatoria en los d\u00edas que vienen a los candidatos con el fin de poner a consideraci\u00f3n los puntos y aspectos consensuados.<\/div>\n<div dir=\"auto\"><\/div>\n<div dir=\"auto\">Por \u00faltimo, desde la Defensor\u00eda se celebr\u00f3 el encuentro en torno a la realizaci\u00f3n del debate, ya que permitir\u00e1 a la ciudadan\u00eda en general acceder a las propuestas de cada uno de los candidatos a conducir el Municipio de Paran\u00e1.<\/div>\n<\/div>\n","protected":false},"excerpt":{"rendered":"<p>En base a lo dispuesto por la ordenanza N\u00ba 9856, que fija la obligatoriedad del debate de los candidatos a intendentes de la ciudad y designa a la Defensor\u00eda del Pueblo de Paran\u00e1 como \u00f3rgano de aplicaci\u00f3n de esta disposici\u00f3n, se realiz\u00f3 esta ma\u00f1ana una reuni\u00f3n con representantes de cuatro universidades locales y se acord\u00f3 [&hellip;]<\/p>\n","protected":false},"author":2,"featured_media":4920,"comment_status":"open","ping_status":"open","sticky":false,"template":"","format":"standard","meta":{"om_disable_all_campaigns":false,"_monsterinsights_skip_tracking":false,"_monsterinsights_sitenote_active":false,"_monsterinsights_sitenote_note":"","_monsterinsights_sitenote_category":0},"categories":[1],"tags":[],"_links":{"self":[{"href":"https:\/\/defensoriaparana.com.ar\/index.php\/wp-json\/wp\/v2\/posts\/4919"}],"collection":[{"href":"https:\/\/defensoriaparana.com.ar\/index.php\/wp-json\/wp\/v2\/posts"}],"about":[{"href":"https:\/\/defensoriaparana.com.ar\/index.php\/wp-json\/wp\/v2\/types\/post"}],"author":[{"embeddable":true,"href":"https:\/\/defensoriaparana.com.ar\/index.php\/wp-json\/wp\/v2\/users\/2"}],"replies":[{"embeddable":true,"href":"https:\/\/defensoriaparana.com.ar\/index.php\/wp-json\/wp\/v2\/comments?post=4919"}],"version-history":[{"count":1,"href":"https:\/\/defensoriaparana.com.ar\/index.php\/wp-json\/wp\/v2\/posts\/4919\/revisions"}],"predecessor-version":[{"id":4922,"href":"https:\/\/defensoriaparana.com.ar\/index.php\/wp-json\/wp\/v2\/posts\/4919\/revisions\/4922"}],"wp:featuredmedia":[{"embeddable":true,"href":"https:\/\/defensoriaparana.com.ar\/index.php\/wp-json\/wp\/v2\/media\/4920"}],"wp:attachment":[{"href":"https:\/\/defensoriaparana.com.ar\/index.php\/wp-json\/wp\/v2\/media?parent=4919"}],"wp:term":[{"taxonomy":"category","embeddable":true,"href":"https:\/\/defensoriaparana.com.ar\/index.php\/wp-json\/wp\/v2\/categories?post=4919"},{"taxonomy":"post_tag","embeddable":true,"href":"https:\/\/defensoriaparana.com.ar\/index.php\/wp-json\/wp\/v2\/tags?post=4919"}],"curies":[{"name":"wp","href":"https:\/\/api.w.org\/{rel}","templated":true}]}}