{"id":4927,"date":"2023-09-05T18:08:35","date_gmt":"2023-09-05T18:08:35","guid":{"rendered":"http:\/\/defensoriaparana.com.ar\/?p=4927"},"modified":"2023-09-05T18:08:35","modified_gmt":"2023-09-05T18:08:35","slug":"dialogo-en-contextos-carcelarios-integrantes-de-la-defensoria-del-pueblo-participan-de-actividades-en-santa-fe","status":"publish","type":"post","link":"https:\/\/defensoriaparana.com.ar\/index.php\/2023\/09\/05\/dialogo-en-contextos-carcelarios-integrantes-de-la-defensoria-del-pueblo-participan-de-actividades-en-santa-fe\/","title":{"rendered":"Di\u00e1logo en contextos carcelarios: integrantes de la Defensor\u00eda del Pueblo participan de actividades en Santa Fe"},"content":{"rendered":"<p>Integrantes del equipo de trabajo de la Defensor\u00eda del Pueblo de la Ciudad de Paran\u00e1, junto a miembros del Registro de Mediadores Comunitarios Voluntarios de la instituci\u00f3n, que se encuentran cursando la parte final de una capacitaci\u00f3n sobre facilitaci\u00f3n del di\u00e1logo en \u00e1mbitos de encierro, participan este martes y mi\u00e9rcoles de actividades en la ciudad de Santa Fe, en el marco del programa Marcos de Paz de la Procuraci\u00f3n Penitenciaria de la Naci\u00f3n (PPN).<\/p>\n<p><img loading=\"lazy\" class=\"alignnone wp-image-4931 size-full\" src=\"http:\/\/defensoriaparana.com.ar\/wp-content\/uploads\/2023\/09\/imagen-IRINA.jpg\" alt=\"\" width=\"1280\" height=\"720\" srcset=\"https:\/\/defensoriaparana.com.ar\/wp-content\/uploads\/2023\/09\/imagen-IRINA.jpg 1280w, https:\/\/defensoriaparana.com.ar\/wp-content\/uploads\/2023\/09\/imagen-IRINA-300x169.jpg 300w, https:\/\/defensoriaparana.com.ar\/wp-content\/uploads\/2023\/09\/imagen-IRINA-1024x576.jpg 1024w, https:\/\/defensoriaparana.com.ar\/wp-content\/uploads\/2023\/09\/imagen-IRINA-768x432.jpg 768w\" sizes=\"(max-width: 1280px) 100vw, 1280px\" \/><\/p>\n<h5>Irina Chausovsky, Coordinadora del Centro de Mediaci\u00f3n de la Defensor\u00eda del Pueblo de Paran\u00e1, al frente de un taller en Santa Fe.<\/h5>\n<p>Junto a pares de esa provincia, estar\u00e1n a cargo de talleres destinados a unos 200 agentes penitenciarios santafesinos.<\/p>\n<p>Se trata de un equipo de facilitadores del di\u00e1logo, conformado por mediadores de Paran\u00e1 y de Santa Fe, entre ellos personal de la Defensor\u00eda del Pueblo de esa provincia, que tienen a cargo la coordinaci\u00f3n de talleres participativos sobre \u201cla palabra como herramienta para la gesti\u00f3n de las instituciones carcelarias\u201d.<\/p>\n<p><img loading=\"lazy\" class=\"alignnone wp-image-4933 size-large\" src=\"http:\/\/defensoriaparana.com.ar\/wp-content\/uploads\/2023\/09\/imagen-1-1024x461.jpg\" alt=\"\" width=\"960\" height=\"432\" srcset=\"https:\/\/defensoriaparana.com.ar\/wp-content\/uploads\/2023\/09\/imagen-1-1024x461.jpg 1024w, https:\/\/defensoriaparana.com.ar\/wp-content\/uploads\/2023\/09\/imagen-1-300x135.jpg 300w, https:\/\/defensoriaparana.com.ar\/wp-content\/uploads\/2023\/09\/imagen-1-768x346.jpg 768w, https:\/\/defensoriaparana.com.ar\/wp-content\/uploads\/2023\/09\/imagen-1-1536x691.jpg 1536w, https:\/\/defensoriaparana.com.ar\/wp-content\/uploads\/2023\/09\/imagen-1.jpg 1600w\" sizes=\"(max-width: 960px) 100vw, 960px\" \/><\/p>\n<p>El equipo est\u00e1 integrado por m\u00e1s de 12 personas que se han venido formando como facilitadoras del di\u00e1logo, durante los a\u00f1os 2022 y 2023. El grupo est\u00e1 acompa\u00f1ado por el responsable de la Direcci\u00f3n de Prevenci\u00f3n de la Tortura, Di\u00e1logo y Gesti\u00f3n Colaborativa de la PPN, Alberto Javier Volpi.<\/p>\n<p>Las actividades forman parte de una modalidad de monitoreo de los lugares de detenci\u00f3n que la PPN ha venido desarrollando desde 2015. Dicha tarea se enmarca en el objetivo del organismo de prevenir las violaciones a los derechos humanos, seg\u00fan lo que dispone el Protocolo facultativo de la convenci\u00f3n contra la tortura.<\/p>\n<p>Tambi\u00e9n se plantea la colaboraci\u00f3n interinstitucional con el fin de lograr avances en la direcci\u00f3n se\u00f1alada por las Reglas de Mandela, que consisten en recomendaciones que la Organizaci\u00f3n de Naciones Unidas hace a los Estados para tratar a los reclusos y administrar las c\u00e1rceles. En este sentido, se menciona \u201cla prevenci\u00f3n de los conflictos y la soluci\u00f3n de controversias a trav\u00e9s de la mediaci\u00f3n y otros m\u00e9todos participativos\u201d.<\/p>\n<p><img loading=\"lazy\" class=\"alignnone wp-image-4932 size-large\" src=\"http:\/\/defensoriaparana.com.ar\/wp-content\/uploads\/2023\/09\/Imagen-2-Irina-1024x485.jpg\" alt=\"\" width=\"960\" height=\"455\" srcset=\"https:\/\/defensoriaparana.com.ar\/wp-content\/uploads\/2023\/09\/Imagen-2-Irina-1024x485.jpg 1024w, https:\/\/defensoriaparana.com.ar\/wp-content\/uploads\/2023\/09\/Imagen-2-Irina-300x142.jpg 300w, https:\/\/defensoriaparana.com.ar\/wp-content\/uploads\/2023\/09\/Imagen-2-Irina-768x364.jpg 768w, https:\/\/defensoriaparana.com.ar\/wp-content\/uploads\/2023\/09\/Imagen-2-Irina-1536x728.jpg 1536w, https:\/\/defensoriaparana.com.ar\/wp-content\/uploads\/2023\/09\/Imagen-2-Irina.jpg 1600w\" sizes=\"(max-width: 960px) 100vw, 960px\" \/><\/p>\n<p><strong>La palabra como derecho humano<\/strong><\/p>\n<p>&nbsp;<\/p>\n<p>La PPN, a trav\u00e9s de su programa Marcos de Paz y su delegaci\u00f3n litoral, a cargo de Sebasti\u00e1n C\u00e1ceres, ha impulsado este tipo de iniciativas en la provincia de Santa Fe y la capital entrerriana, dando lugar a la capacitaci\u00f3n en facilitaci\u00f3n de di\u00e1logo en contextos de encierro de la cual participan integrantes de la Defensor\u00eda del Pueblo de Paran\u00e1 y del Registro de Mediadores de la instituci\u00f3n.<\/p>\n<p>El rol de facilitador consiste -seg\u00fan se remarca en la gacetilla oficial- en ayudar a generar relaciones de confianza a partir del di\u00e1logo y sus potencialidades. \u201cLos facilitadores del di\u00e1logo, organizados en equipos multidisciplinarios y pluralistas, intentan dar cabida al \u00b4derecho humano a la palabra\u00b4\u201d, consigna y contin\u00faa: \u201cSe espera que, a partir de ello, el di\u00e1logo promueva la democratizaci\u00f3n de las relaciones y que se manifieste una creciente habitualidad del respeto, la escucha y la colaboraci\u00f3n, tanto a nivel grupal y comunitario\u201d.<\/p>\n<p>&nbsp;<\/p>\n<p>En cuanto al objetivo de los talleres, los organizadores explicaron que se pensaron con \u201cla intenci\u00f3n de fortalecer las competencias de las personas participantes para el ejercicio de una comunicaci\u00f3n que ayude a prevenir los conflictos. Se intenta, en especial, priorizar la necesidad de cuidar a los que cuidan, ofreciendo herramientas a trav\u00e9s de las cuales puedan ejercer su labor previniendo y promoviendo derechos\u201d.<\/p>\n<p><img loading=\"lazy\" class=\"alignnone wp-image-4930 \" src=\"http:\/\/defensoriaparana.com.ar\/wp-content\/uploads\/2023\/09\/IMAGEN-3-1024x768.jpg\" alt=\"\" width=\"491\" height=\"368\" srcset=\"https:\/\/defensoriaparana.com.ar\/wp-content\/uploads\/2023\/09\/IMAGEN-3-1024x768.jpg 1024w, https:\/\/defensoriaparana.com.ar\/wp-content\/uploads\/2023\/09\/IMAGEN-3-300x225.jpg 300w, https:\/\/defensoriaparana.com.ar\/wp-content\/uploads\/2023\/09\/IMAGEN-3-768x576.jpg 768w, https:\/\/defensoriaparana.com.ar\/wp-content\/uploads\/2023\/09\/IMAGEN-3-1536x1152.jpg 1536w, https:\/\/defensoriaparana.com.ar\/wp-content\/uploads\/2023\/09\/IMAGEN-3.jpg 1600w\" sizes=\"(max-width: 491px) 100vw, 491px\" \/><img loading=\"lazy\" class=\"alignnone wp-image-4929 \" src=\"http:\/\/defensoriaparana.com.ar\/wp-content\/uploads\/2023\/09\/IMAGEN-4-1024x611.jpg\" alt=\"\" width=\"617\" height=\"368\" srcset=\"https:\/\/defensoriaparana.com.ar\/wp-content\/uploads\/2023\/09\/IMAGEN-4-1024x611.jpg 1024w, https:\/\/defensoriaparana.com.ar\/wp-content\/uploads\/2023\/09\/IMAGEN-4-300x179.jpg 300w, https:\/\/defensoriaparana.com.ar\/wp-content\/uploads\/2023\/09\/IMAGEN-4-768x459.jpg 768w, https:\/\/defensoriaparana.com.ar\/wp-content\/uploads\/2023\/09\/IMAGEN-4.jpg 1534w\" sizes=\"(max-width: 617px) 100vw, 617px\" \/><\/p>\n<p><strong>De qu\u00e9 se trata<\/strong><\/p>\n<p>.<\/p>\n<p>La Procuraci\u00f3n Penitenciaria de la Naci\u00f3n (PPN) es un organismo estatal que funciona en el \u00e1mbito del Poder Legislativo, con autonom\u00eda e independencia, y cuyo objetivo fundante consiste en proteger los derechos de las personas privadas de libertad en el \u00e1mbito federal y asimismo, controlar la actuaci\u00f3n del Servicio Penitenciario, seg\u00fan informa la p\u00e1gina web institucional. En ese marco, cumple la funci\u00f3n de mecanismo de prevenci\u00f3n de la tortura y otros malos tratos.<\/p>\n<p>Desde 2015, la PPN comenz\u00f3 a desarrollar experiencias de di\u00e1logo en contextos carcelarios con la colaboraci\u00f3n de otras instituciones p\u00fablicas. Concretamente, se trat\u00f3 de ayudar a construir colaborativamente con los integrantes de cada \u201ccomunidad de encierro\u201d, un espacio \u2013\u201cdenominado \u201cProbemos Hablando\u201d- para que dialoguen entre s\u00ed las personas privadas de libertad, y otro an\u00e1logo, \u201cConcordia\u201d, para quienes se desempe\u00f1an como agentes del Servicio Penitenciario Federal (SPF). Todo ello, con la posibilidad de que se construyan espacios para el di\u00e1logo entre las personas privadas de libertad y las autoridades, en diversos formatos, se consigna.<\/p>\n<p>Desde 2017, la labor se desarrolla desde el programa espec\u00edfico Marcos de Paz (MdP) y cuenta con el aporte de un grupo de facilitadores del di\u00e1logo integrado por integrantes de la PPN, de personas que se suman como voluntarias y desde otras instituciones p\u00fablicas. En este \u00faltimo grupo se enmarcar\u00e1 la participaci\u00f3n de la Defensor\u00eda del Pueblo de Paran\u00e1, que en el futuro procurar\u00e1 iniciar un trabajo sostenido en el tiempo en unidades carcelarias locales.<\/p>\n","protected":false},"excerpt":{"rendered":"<p>Integrantes del equipo de trabajo de la Defensor\u00eda del Pueblo de la Ciudad de Paran\u00e1, junto a miembros del Registro de Mediadores Comunitarios Voluntarios de la instituci\u00f3n, que se encuentran cursando la parte final de una capacitaci\u00f3n sobre facilitaci\u00f3n del di\u00e1logo en \u00e1mbitos de encierro, participan este martes y mi\u00e9rcoles de actividades en la ciudad [&hellip;]<\/p>\n","protected":false},"author":2,"featured_media":4931,"comment_status":"open","ping_status":"open","sticky":false,"template":"","format":"standard","meta":{"om_disable_all_campaigns":false,"_monsterinsights_skip_tracking":false,"_monsterinsights_sitenote_active":false,"_monsterinsights_sitenote_note":"","_monsterinsights_sitenote_category":0},"categories":[1],"tags":[],"_links":{"self":[{"href":"https:\/\/defensoriaparana.com.ar\/index.php\/wp-json\/wp\/v2\/posts\/4927"}],"collection":[{"href":"https:\/\/defensoriaparana.com.ar\/index.php\/wp-json\/wp\/v2\/posts"}],"about":[{"href":"https:\/\/defensoriaparana.com.ar\/index.php\/wp-json\/wp\/v2\/types\/post"}],"author":[{"embeddable":true,"href":"https:\/\/defensoriaparana.com.ar\/index.php\/wp-json\/wp\/v2\/users\/2"}],"replies":[{"embeddable":true,"href":"https:\/\/defensoriaparana.com.ar\/index.php\/wp-json\/wp\/v2\/comments?post=4927"}],"version-history":[{"count":1,"href":"https:\/\/defensoriaparana.com.ar\/index.php\/wp-json\/wp\/v2\/posts\/4927\/revisions"}],"predecessor-version":[{"id":4934,"href":"https:\/\/defensoriaparana.com.ar\/index.php\/wp-json\/wp\/v2\/posts\/4927\/revisions\/4934"}],"wp:featuredmedia":[{"embeddable":true,"href":"https:\/\/defensoriaparana.com.ar\/index.php\/wp-json\/wp\/v2\/media\/4931"}],"wp:attachment":[{"href":"https:\/\/defensoriaparana.com.ar\/index.php\/wp-json\/wp\/v2\/media?parent=4927"}],"wp:term":[{"taxonomy":"category","embeddable":true,"href":"https:\/\/defensoriaparana.com.ar\/index.php\/wp-json\/wp\/v2\/categories?post=4927"},{"taxonomy":"post_tag","embeddable":true,"href":"https:\/\/defensoriaparana.com.ar\/index.php\/wp-json\/wp\/v2\/tags?post=4927"}],"curies":[{"name":"wp","href":"https:\/\/api.w.org\/{rel}","templated":true}]}}