{"id":4942,"date":"2023-09-09T12:44:00","date_gmt":"2023-09-09T12:44:00","guid":{"rendered":"http:\/\/defensoriaparana.com.ar\/?p=4942"},"modified":"2023-09-09T12:44:00","modified_gmt":"2023-09-09T12:44:00","slug":"la-defensoria-del-pueblo-presento-una-propuesta-de-capacitacion-y-dialogo-al-servicio-penitenciario","status":"publish","type":"post","link":"https:\/\/defensoriaparana.com.ar\/index.php\/2023\/09\/09\/la-defensoria-del-pueblo-presento-una-propuesta-de-capacitacion-y-dialogo-al-servicio-penitenciario\/","title":{"rendered":"La Defensor\u00eda del Pueblo present\u00f3 una propuesta de\u00a0capacitaci\u00f3n y di\u00e1logo al Servicio Penitenciario"},"content":{"rendered":"<p>La Defensora del Pueblo de Paran\u00e1, Marcia L\u00f3pez, y la Coordinadora del Centro de Mediaci\u00f3n Comunitaria de la instituci\u00f3n, Irina Chausovsky, mantuvieron una reuni\u00f3n con autoridades del Servicio Penitenciario de Entre R\u00edos (SPER) con el fin de presentar, en conjunto con la Procuraci\u00f3n Penitenciaria de la Naci\u00f3n (PPN), una propuesta que ofrece instancias de capacitaci\u00f3n y di\u00e1logo en \u00e1mbitos carcelarios de la ciudad. La iniciativa alcanza tanto a los agentes del servicio penitenciario como a las personas privadas de libertad en las unidades penales de Paran\u00e1.<\/p>\n<p>Del encuentro, realizado el jueves 7, participaron el Director General del Servicio Penitenciario, Marcelo Rub\u00e9n S\u00e1nchez, junto a la Secretaria General de dicha repartici\u00f3n, Alcaide Yamina Mabel Pezzarini. Por la PPN, estuvieron el responsable de la Direcci\u00f3n de Prevenci\u00f3n de la Tortura, Di\u00e1logo y Gesti\u00f3n Colaborativa, Alberto Javier Volpi, y el Delegado Regional, Sebasti\u00e1n C\u00e1ceres.<\/p>\n<p><img loading=\"lazy\" class=\"alignnone wp-image-4944 size-large\" src=\"http:\/\/defensoriaparana.com.ar\/wp-content\/uploads\/2023\/09\/PENITENCIARIO-1024x684.jpg\" alt=\"\" width=\"960\" height=\"641\" srcset=\"https:\/\/defensoriaparana.com.ar\/wp-content\/uploads\/2023\/09\/PENITENCIARIO-1024x684.jpg 1024w, https:\/\/defensoriaparana.com.ar\/wp-content\/uploads\/2023\/09\/PENITENCIARIO-300x200.jpg 300w, https:\/\/defensoriaparana.com.ar\/wp-content\/uploads\/2023\/09\/PENITENCIARIO-768x513.jpg 768w, https:\/\/defensoriaparana.com.ar\/wp-content\/uploads\/2023\/09\/PENITENCIARIO-1536x1026.jpg 1536w, https:\/\/defensoriaparana.com.ar\/wp-content\/uploads\/2023\/09\/PENITENCIARIO.jpg 1600w\" sizes=\"(max-width: 960px) 100vw, 960px\" \/><\/p>\n<p>La participaci\u00f3n de la PPN se debe a que la iniciativa de la Defensor\u00eda del Pueblo, denominada \u201cPalabras para escuchar\u201d, se enmarca en el \u201cPrograma de Formaci\u00f3n-Acci\u00f3n para la Facilitaci\u00f3n del Di\u00e1logo en Contextos de Encierro\u201d, una capacitaci\u00f3n dictada por el organismo nacional.<\/p>\n<p>Desde el inicio de este a\u00f1o, una decena de personas integrantes de la Defensor\u00eda del Pueblo y vinculadas con la instituci\u00f3n a trav\u00e9s del Registro de Mediadores Comunitarios Voluntarios, viene participando de clases semanales, brindadas por la PPN v\u00eda online, en las que se desarrollan principios te\u00f3ricos y pr\u00e1cticos, conceptos y valores que sustentan esta \u201cnovedosa propuesta que busca favorecer la mejor convivencia en las c\u00e1rceles, a trav\u00e9s de la generaci\u00f3n de encuentros que potencian la palabra, estimulan la comunicaci\u00f3n efectiva y respetuosa y validan la expresi\u00f3n de emociones\u201d, se consigna en el proyecto.<\/p>\n<p>Al respecto, el titular de la Direcci\u00f3n de Prevenci\u00f3n de la Tortura, Di\u00e1logo y Gesti\u00f3n Colaborativa de la PPN mencion\u00f3 la experiencia que se lleva adelante desde 2015 en las c\u00e1rceles federales de Ezeiza y Marcos Paz y los resultados satisfactorios que vienen teniendo, las transformaciones positivas que se producen en las personas que participan de este tipo de espacios y c\u00f3mo el programa se va expandiendo en diferentes lugares, gracias a la capacitaci\u00f3n que se realiza de manera virtual a partir de la pandemia.<\/p>\n<p><img loading=\"lazy\" class=\"alignnone wp-image-4943 size-large\" src=\"http:\/\/defensoriaparana.com.ar\/wp-content\/uploads\/2023\/09\/PENITENCIARIO1-1024x684.jpg\" alt=\"\" width=\"960\" height=\"641\" srcset=\"https:\/\/defensoriaparana.com.ar\/wp-content\/uploads\/2023\/09\/PENITENCIARIO1-1024x684.jpg 1024w, https:\/\/defensoriaparana.com.ar\/wp-content\/uploads\/2023\/09\/PENITENCIARIO1-300x200.jpg 300w, https:\/\/defensoriaparana.com.ar\/wp-content\/uploads\/2023\/09\/PENITENCIARIO1-768x513.jpg 768w, https:\/\/defensoriaparana.com.ar\/wp-content\/uploads\/2023\/09\/PENITENCIARIO1-1536x1026.jpg 1536w, https:\/\/defensoriaparana.com.ar\/wp-content\/uploads\/2023\/09\/PENITENCIARIO1.jpg 1600w\" sizes=\"(max-width: 960px) 100vw, 960px\" \/><\/p>\n<p>En relaci\u00f3n al proyecto local, el director Volpi remarc\u00f3 el hecho de que en Paran\u00e1 no solo hay un grupo numeroso de mediadores y mediadoras que participaron de la capacitaci\u00f3n, sino que lo hacen dentro del contexto institucional de la Defensor\u00eda del Pueblo, lo que asegura el sostenimiento a largo plazo de la iniciativa.<\/p>\n<p>En ese sentido, la intenci\u00f3n de la Defensor\u00eda es convertir la experiencia en un nuevo programa de trabajo del Centro de Mediaci\u00f3n, que se implementar\u00eda de manera formal y extendida en el tiempo a partir de 2024, una vez finalizada la capacitaci\u00f3n.<\/p>\n<p>Tambi\u00e9n, en la reuni\u00f3n, fue expresado el apoyo de parte de la Delegaci\u00f3n Regional.<\/p>\n<p>.<\/p>\n<p><strong>Caracter\u00edsticas<\/strong><\/p>\n<p>.<\/p>\n<p>El proyecto presentado por la Defensor\u00eda para desarrollar en c\u00e1rceles de la ciudad contar\u00e1 con la supervisi\u00f3n del equipo del programa espec\u00edfico Marcos de Paz de la PPN. Entre los objetivos que se pretenden desarrollar en la puesta en marcha del proyecto, est\u00e1 el de \u201cpromover experiencias de di\u00e1logo significativo tanto entre agentes penitenciarios como personas privadas de la libertad, contribuir a reflexionar sobre las situaciones de la convivencia cotidiana en los contextos de encierro y \u00e1mbitos conexos a estos y brindar herramientas comunicacionales efectivas orientadas a la gesti\u00f3n pac\u00edfica de los conflictos y la tramitaci\u00f3n de emociones\u201d. La iniciativa de Paran\u00e1 se funda en las experiencias \u201cprobadas y en curso que resultaron fruct\u00edferas y exitosas en diversos espacios penitenciarios de nuestro pa\u00eds, que la Procuraci\u00f3n Penitenciaria de la Naci\u00f3n viene desarrollando desde el a\u00f1o 2015, tales como: \u201cPrograma Probemos Hablando\u201d (destinado a internos\/as de complejos Penitenciario Federal I de Ezeiza (adultos) y II de Marcos Paz \u2013j\u00f3venes), as\u00ed como el programa Concordia, destinado al personal del servicio penitenciario federal.<\/p>\n","protected":false},"excerpt":{"rendered":"<p>La Defensora del Pueblo de Paran\u00e1, Marcia L\u00f3pez, y la Coordinadora del Centro de Mediaci\u00f3n Comunitaria de la instituci\u00f3n, Irina Chausovsky, mantuvieron una reuni\u00f3n con autoridades del Servicio Penitenciario de Entre R\u00edos (SPER) con el fin de presentar, en conjunto con la Procuraci\u00f3n Penitenciaria de la Naci\u00f3n (PPN), una propuesta que ofrece instancias de capacitaci\u00f3n [&hellip;]<\/p>\n","protected":false},"author":2,"featured_media":4944,"comment_status":"open","ping_status":"open","sticky":false,"template":"","format":"standard","meta":{"om_disable_all_campaigns":false,"_monsterinsights_skip_tracking":false,"_monsterinsights_sitenote_active":false,"_monsterinsights_sitenote_note":"","_monsterinsights_sitenote_category":0},"categories":[1],"tags":[],"_links":{"self":[{"href":"https:\/\/defensoriaparana.com.ar\/index.php\/wp-json\/wp\/v2\/posts\/4942"}],"collection":[{"href":"https:\/\/defensoriaparana.com.ar\/index.php\/wp-json\/wp\/v2\/posts"}],"about":[{"href":"https:\/\/defensoriaparana.com.ar\/index.php\/wp-json\/wp\/v2\/types\/post"}],"author":[{"embeddable":true,"href":"https:\/\/defensoriaparana.com.ar\/index.php\/wp-json\/wp\/v2\/users\/2"}],"replies":[{"embeddable":true,"href":"https:\/\/defensoriaparana.com.ar\/index.php\/wp-json\/wp\/v2\/comments?post=4942"}],"version-history":[{"count":1,"href":"https:\/\/defensoriaparana.com.ar\/index.php\/wp-json\/wp\/v2\/posts\/4942\/revisions"}],"predecessor-version":[{"id":4945,"href":"https:\/\/defensoriaparana.com.ar\/index.php\/wp-json\/wp\/v2\/posts\/4942\/revisions\/4945"}],"wp:featuredmedia":[{"embeddable":true,"href":"https:\/\/defensoriaparana.com.ar\/index.php\/wp-json\/wp\/v2\/media\/4944"}],"wp:attachment":[{"href":"https:\/\/defensoriaparana.com.ar\/index.php\/wp-json\/wp\/v2\/media?parent=4942"}],"wp:term":[{"taxonomy":"category","embeddable":true,"href":"https:\/\/defensoriaparana.com.ar\/index.php\/wp-json\/wp\/v2\/categories?post=4942"},{"taxonomy":"post_tag","embeddable":true,"href":"https:\/\/defensoriaparana.com.ar\/index.php\/wp-json\/wp\/v2\/tags?post=4942"}],"curies":[{"name":"wp","href":"https:\/\/api.w.org\/{rel}","templated":true}]}}