{"id":4946,"date":"2023-09-12T21:30:18","date_gmt":"2023-09-12T21:30:18","guid":{"rendered":"http:\/\/defensoriaparana.com.ar\/?p=4946"},"modified":"2023-09-12T21:39:40","modified_gmt":"2023-09-12T21:39:40","slug":"parana-debate-se-realizo-la-primera-reunion-con-los-candidatos-a-intendentes-y-equipos-tecnicos","status":"publish","type":"post","link":"https:\/\/defensoriaparana.com.ar\/index.php\/2023\/09\/12\/parana-debate-se-realizo-la-primera-reunion-con-los-candidatos-a-intendentes-y-equipos-tecnicos\/","title":{"rendered":"Paran\u00e1 debate: Se realiz\u00f3 la primera reuni\u00f3n con candidatos a intendentes y equipos t\u00e9cnicos"},"content":{"rendered":"<p>Este martes se realiz\u00f3 la primera reuni\u00f3n de trabajo entre la comisi\u00f3n integrada por la Defensor\u00eda del Pueblo y las universidades, y los candidatos a la intendencia de Paran\u00e1 y sus equipos t\u00e9cnicos, en el marco de la organizaci\u00f3n del debate p\u00fablico que tendr\u00e1 lugar en el Teatro Municipal 3 de Febrero, el 9 de octubre a las 20.<\/p>\n<p>Participaron del encuentro, realizado en la sede de la Defensor\u00eda, los candidatos Armando S\u00e1nchez, de Pol\u00edticas para la Rep\u00fablica, y Emanuel Gainza, de Juntos por Entre R\u00edos y Dante Klocker, del Movimiento Socialista de los Trabajadores (MST). Los dos primeros candidatos (S\u00e1nchez y Gainza) concurrieron junto a sus equipos t\u00e9cnicos (colaboradores). En tanto, en representaci\u00f3n de Rosario Romero, (M\u00e1s para Entre R\u00edos) y de Andr\u00e9s Laumann (Libertad Avanza), quienes no pudieron asistir, estuvieron integrantes de los respectivos equipos t\u00e9cnicos.<\/p>\n<p><img loading=\"lazy\" class=\"alignnone wp-image-4947 \" src=\"http:\/\/defensoriaparana.com.ar\/wp-content\/uploads\/2023\/09\/debate-4-1024x768.jpg\" alt=\"\" width=\"960\" height=\"720\" srcset=\"https:\/\/defensoriaparana.com.ar\/wp-content\/uploads\/2023\/09\/debate-4-1024x768.jpg 1024w, https:\/\/defensoriaparana.com.ar\/wp-content\/uploads\/2023\/09\/debate-4-300x225.jpg 300w, https:\/\/defensoriaparana.com.ar\/wp-content\/uploads\/2023\/09\/debate-4-768x576.jpg 768w, https:\/\/defensoriaparana.com.ar\/wp-content\/uploads\/2023\/09\/debate-4.jpg 1440w\" sizes=\"(max-width: 960px) 100vw, 960px\" \/><\/p>\n<p>En la reuni\u00f3n se analizaron las condiciones, modalidades y ejes tem\u00e1ticos consensuados y propuestos en el \u00e1mbito de la comisi\u00f3n conformada por la Defensor\u00eda del Pueblo, junto representantes de la Universidad Nacional de Entre R\u00edos (UNER), Universidad Cat\u00f3lica Argentina (UCA), Universidad Tecnol\u00f3gica Nacional (UTN) y Universidad Aut\u00f3noma de Entre R\u00edos (Uader).<\/p>\n<p><img loading=\"lazy\" class=\"alignnone wp-image-4951 \" src=\"http:\/\/defensoriaparana.com.ar\/wp-content\/uploads\/2023\/09\/debate-5-1024x768.jpg\" alt=\"\" width=\"551\" height=\"413\" srcset=\"https:\/\/defensoriaparana.com.ar\/wp-content\/uploads\/2023\/09\/debate-5-1024x768.jpg 1024w, https:\/\/defensoriaparana.com.ar\/wp-content\/uploads\/2023\/09\/debate-5-300x225.jpg 300w, https:\/\/defensoriaparana.com.ar\/wp-content\/uploads\/2023\/09\/debate-5-768x576.jpg 768w, https:\/\/defensoriaparana.com.ar\/wp-content\/uploads\/2023\/09\/debate-5.jpg 1440w\" sizes=\"(max-width: 551px) 100vw, 551px\" \/><img loading=\"lazy\" class=\"alignnone wp-image-4948 \" src=\"http:\/\/defensoriaparana.com.ar\/wp-content\/uploads\/2023\/09\/debate-3-1024x732.jpg\" alt=\"\" width=\"574\" height=\"411\" srcset=\"https:\/\/defensoriaparana.com.ar\/wp-content\/uploads\/2023\/09\/debate-3-1024x732.jpg 1024w, https:\/\/defensoriaparana.com.ar\/wp-content\/uploads\/2023\/09\/debate-3-300x215.jpg 300w, https:\/\/defensoriaparana.com.ar\/wp-content\/uploads\/2023\/09\/debate-3-768x549.jpg 768w, https:\/\/defensoriaparana.com.ar\/wp-content\/uploads\/2023\/09\/debate-3.jpg 1440w\" sizes=\"(max-width: 574px) 100vw, 574px\" \/><\/p>\n<p>La convocatoria, que cont\u00f3 con la presencia de integrantes de las universidades y de las Defensoras del Pueblo, fue realizada a los candidatos y\/o equipos t\u00e9cnicos.<\/p>\n<p>El debate p\u00fablico y obligatorio de los candidatos a intendente de Paran\u00e1 est\u00e1 instituido por ordenanza la norma N\u00ba 9856, sancionada en 2019. Dicha norma designa a la Defensor\u00eda del Pueblo como \u00f3rgano de aplicaci\u00f3n.<\/p>\n<p>\u201c<em>Paran\u00e1 debate\u201d<\/em> es la denominaci\u00f3n elegida para el acontecimiento, que tiene como fin \u201cdar a conocer y debatir ante el electorado\u201d las propuestas de los partidos, frentes o agrupaciones pol\u00edticas, consigna la ordenanza.<\/p>\n<p><img loading=\"lazy\" class=\"alignnone wp-image-4952 \" src=\"http:\/\/defensoriaparana.com.ar\/wp-content\/uploads\/2023\/09\/debate-final-1024x768.jpg\" alt=\"\" width=\"548\" height=\"411\" srcset=\"https:\/\/defensoriaparana.com.ar\/wp-content\/uploads\/2023\/09\/debate-final-1024x768.jpg 1024w, https:\/\/defensoriaparana.com.ar\/wp-content\/uploads\/2023\/09\/debate-final-300x225.jpg 300w, https:\/\/defensoriaparana.com.ar\/wp-content\/uploads\/2023\/09\/debate-final-768x576.jpg 768w, https:\/\/defensoriaparana.com.ar\/wp-content\/uploads\/2023\/09\/debate-final.jpg 1440w\" sizes=\"(max-width: 548px) 100vw, 548px\" \/><img loading=\"lazy\" class=\"alignnone wp-image-4949 \" src=\"http:\/\/defensoriaparana.com.ar\/wp-content\/uploads\/2023\/09\/debate-2-1024x767.jpg\" alt=\"\" width=\"551\" height=\"413\" srcset=\"https:\/\/defensoriaparana.com.ar\/wp-content\/uploads\/2023\/09\/debate-2-1024x767.jpg 1024w, https:\/\/defensoriaparana.com.ar\/wp-content\/uploads\/2023\/09\/debate-2-300x225.jpg 300w, https:\/\/defensoriaparana.com.ar\/wp-content\/uploads\/2023\/09\/debate-2-768x575.jpg 768w, https:\/\/defensoriaparana.com.ar\/wp-content\/uploads\/2023\/09\/debate-2.jpg 1440w\" sizes=\"(max-width: 551px) 100vw, 551px\" \/><\/p>\n","protected":false},"excerpt":{"rendered":"<p>Este martes se realiz\u00f3 la primera reuni\u00f3n de trabajo entre la comisi\u00f3n integrada por la Defensor\u00eda del Pueblo y las universidades, y los candidatos a la intendencia de Paran\u00e1 y sus equipos t\u00e9cnicos, en el marco de la organizaci\u00f3n del debate p\u00fablico que tendr\u00e1 lugar en el Teatro Municipal 3 de Febrero, el 9 de [&hellip;]<\/p>\n","protected":false},"author":2,"featured_media":4950,"comment_status":"open","ping_status":"open","sticky":false,"template":"","format":"standard","meta":{"om_disable_all_campaigns":false,"_monsterinsights_skip_tracking":false,"_monsterinsights_sitenote_active":false,"_monsterinsights_sitenote_note":"","_monsterinsights_sitenote_category":0},"categories":[1],"tags":[],"_links":{"self":[{"href":"https:\/\/defensoriaparana.com.ar\/index.php\/wp-json\/wp\/v2\/posts\/4946"}],"collection":[{"href":"https:\/\/defensoriaparana.com.ar\/index.php\/wp-json\/wp\/v2\/posts"}],"about":[{"href":"https:\/\/defensoriaparana.com.ar\/index.php\/wp-json\/wp\/v2\/types\/post"}],"author":[{"embeddable":true,"href":"https:\/\/defensoriaparana.com.ar\/index.php\/wp-json\/wp\/v2\/users\/2"}],"replies":[{"embeddable":true,"href":"https:\/\/defensoriaparana.com.ar\/index.php\/wp-json\/wp\/v2\/comments?post=4946"}],"version-history":[{"count":2,"href":"https:\/\/defensoriaparana.com.ar\/index.php\/wp-json\/wp\/v2\/posts\/4946\/revisions"}],"predecessor-version":[{"id":4956,"href":"https:\/\/defensoriaparana.com.ar\/index.php\/wp-json\/wp\/v2\/posts\/4946\/revisions\/4956"}],"wp:featuredmedia":[{"embeddable":true,"href":"https:\/\/defensoriaparana.com.ar\/index.php\/wp-json\/wp\/v2\/media\/4950"}],"wp:attachment":[{"href":"https:\/\/defensoriaparana.com.ar\/index.php\/wp-json\/wp\/v2\/media?parent=4946"}],"wp:term":[{"taxonomy":"category","embeddable":true,"href":"https:\/\/defensoriaparana.com.ar\/index.php\/wp-json\/wp\/v2\/categories?post=4946"},{"taxonomy":"post_tag","embeddable":true,"href":"https:\/\/defensoriaparana.com.ar\/index.php\/wp-json\/wp\/v2\/tags?post=4946"}],"curies":[{"name":"wp","href":"https:\/\/api.w.org\/{rel}","templated":true}]}}