{"id":4957,"date":"2023-09-14T13:01:50","date_gmt":"2023-09-14T13:01:50","guid":{"rendered":"http:\/\/defensoriaparana.com.ar\/?p=4957"},"modified":"2023-09-14T13:01:50","modified_gmt":"2023-09-14T13:01:50","slug":"un-reconocido-mediador-espanol-visito-la-defensoria-del-pueblo-y-la-considero-referente-en-mediacion-comunitaria","status":"publish","type":"post","link":"https:\/\/defensoriaparana.com.ar\/index.php\/2023\/09\/14\/un-reconocido-mediador-espanol-visito-la-defensoria-del-pueblo-y-la-considero-referente-en-mediacion-comunitaria\/","title":{"rendered":"Un reconocido mediador espa\u00f1ol visit\u00f3 la Defensor\u00eda del Pueblo y la consider\u00f3 \u201creferente en mediaci\u00f3n comunitaria\u201d"},"content":{"rendered":"<p>Oscar Negredo Carrillo, coordinador del servicio de mediaci\u00f3n comunitaria de L&#8217;Hospitalet de Llobregat, ciudad espa\u00f1ola de la provincia de Barcelona, estuvo de visita en Argentina y vino especialmente a la Defensor\u00eda del Pueblo de Paran\u00e1, puesto que la considera \u201ccomo una referente a nivel de mediaci\u00f3n comunitaria\u201d.<\/p>\n<p>El mediador -quien estuvo por primera vez en 2018, cuando lleg\u00f3 a la ciudad interesado en conocer de cerca el trabajo del Centro de Mediaci\u00f3n local-, particip\u00f3 en esta oportunidad, en su rol de docente, en un encuentro de capacitaci\u00f3n destinado a los casi cien integrantes del Registro de Mediadores Comunitario Voluntarios y Ad honorem de la instituci\u00f3n.<\/p>\n<p>Desde aquella visita, hace cinco a\u00f1os, la relaci\u00f3n ha sido constante con el Centro de Mediaci\u00f3n, manteniendo una comunicaci\u00f3n permanente con valiosos intercambios de conocimientos y experiencias.<\/p>\n<p>Negredo Carrillo habla de \u201cafectos\u201d, \u201camigos\u201d, \u201cfamilia\u201d, cuando se refiere al v\u00ednculo que lo une con Paran\u00e1, al tiempo que reafirma lo que concluy\u00f3 en 2018: que la experiencia paranaense es inspiradora y se\u00f1era de la verdadera mediaci\u00f3n comunitaria.<\/p>\n<p>\u201cPara m\u00ed, Paran\u00e1 es un referente a nivel de mediaci\u00f3n comunitaria. Valoro mucho de Paran\u00e1 ese movimiento en torno a la gesti\u00f3n positiva de conflictos que moviliza a tantas personas de estratos diferentes, de barrios distintos (\u2026), que se congregan en torno de esta idea de la mediaci\u00f3n como una forma de contribuir a hacer de su comunidad un mejor espacio para vivir\u201d, dice el mediador, al referirse a su cercan\u00eda con el Centro de Mediaci\u00f3n. Y remarca que adem\u00e1s lo \u201cmoviliza mucho\u201d el hecho de que la labor en mediaci\u00f3n \u201cse hace de una manera afectiva\u201d, y pone \u00e9nfasis en \u201cc\u00f3mo la gente se conoce y reconoce en torno de ese concepto, c\u00f3mo se celebra la propuesta\u201d.<\/p>\n<p><img loading=\"lazy\" class=\"alignnone wp-image-4959 size-large\" src=\"http:\/\/defensoriaparana.com.ar\/wp-content\/uploads\/2023\/09\/reflexion-general-1024x771.jpg\" alt=\"\" width=\"960\" height=\"723\" srcset=\"https:\/\/defensoriaparana.com.ar\/wp-content\/uploads\/2023\/09\/reflexion-general-1024x771.jpg 1024w, https:\/\/defensoriaparana.com.ar\/wp-content\/uploads\/2023\/09\/reflexion-general-300x226.jpg 300w, https:\/\/defensoriaparana.com.ar\/wp-content\/uploads\/2023\/09\/reflexion-general-768x578.jpg 768w, https:\/\/defensoriaparana.com.ar\/wp-content\/uploads\/2023\/09\/reflexion-general-1536x1156.jpg 1536w, https:\/\/defensoriaparana.com.ar\/wp-content\/uploads\/2023\/09\/reflexion-general.jpg 1600w\" sizes=\"(max-width: 960px) 100vw, 960px\" \/><\/p>\n<p>Consultado sobre las similitudes y diferencias entre la experiencia de Paran\u00e1 y la de L&#8217;Hospitalet de Llobregat,\u00a0 dice que si bien se trata de \u201ccontextos muy diferentes\u201d, con un \u201cencaje institucional de los dos servicios muy distinto, nos une la mediaci\u00f3n y esta impronta emocional que atraviesa lo que hacemos. Nos une la idea de transitar este camino que (consiste en) pasar de la mediaci\u00f3n comunitaria a la comunidad mediadora\u201d. Seguidamente, agrega: \u201cHab\u00edamos le\u00eddo en muchos sitios que la comunidad tiene sus herramientas para gestionar sus propios conflictos y que nosotros tenemos que ser personas que activen esos resortes. Y d\u00f3nde he vivido, en primera instancia y de forma m\u00e1s evidente esto ha sido en Paran\u00e1\u201d.<\/p>\n<p><img loading=\"lazy\" class=\"alignnone wp-image-4958 \" src=\"http:\/\/defensoriaparana.com.ar\/wp-content\/uploads\/2023\/09\/reflexion-Irina-771x1024.jpg\" alt=\"\" width=\"408\" height=\"542\" srcset=\"https:\/\/defensoriaparana.com.ar\/wp-content\/uploads\/2023\/09\/reflexion-Irina-771x1024.jpg 771w, https:\/\/defensoriaparana.com.ar\/wp-content\/uploads\/2023\/09\/reflexion-Irina-226x300.jpg 226w, https:\/\/defensoriaparana.com.ar\/wp-content\/uploads\/2023\/09\/reflexion-Irina-768x1021.jpg 768w, https:\/\/defensoriaparana.com.ar\/wp-content\/uploads\/2023\/09\/reflexion-Irina-1156x1536.jpg 1156w, https:\/\/defensoriaparana.com.ar\/wp-content\/uploads\/2023\/09\/reflexion-Irina.jpg 1204w\" sizes=\"(max-width: 408px) 100vw, 408px\" \/><\/p>\n<p>En ese sentido, compara con lo que ocurre en L&#8217;Hospitalet de Llobregat y afirma que \u201call\u00ed es un servicio profesionalizado, funcionalizado, y eso est\u00e1 muy bien. Pero ahora hay que conseguir democratizarlo, capilarizarlo en la comunidad y empoderarla con esas herramientas. Se dan las bases, est\u00e1n los v\u00ednculos y las alianzas, los proyectos compartidos, pero nos falta un empuje ambicioso de delegar parte de esta funci\u00f3n en la propia comunidad. Y eso es lo que se vive en Paran\u00e1\u201d.<\/p>\n<p><img loading=\"lazy\" class=\"alignnone wp-image-4965 \" src=\"http:\/\/defensoriaparana.com.ar\/wp-content\/uploads\/2023\/09\/reflexion-central-1024x461.jpg\" alt=\"\" width=\"558\" height=\"251\" srcset=\"https:\/\/defensoriaparana.com.ar\/wp-content\/uploads\/2023\/09\/reflexion-central-1024x461.jpg 1024w, https:\/\/defensoriaparana.com.ar\/wp-content\/uploads\/2023\/09\/reflexion-central-300x135.jpg 300w, https:\/\/defensoriaparana.com.ar\/wp-content\/uploads\/2023\/09\/reflexion-central-768x346.jpg 768w, https:\/\/defensoriaparana.com.ar\/wp-content\/uploads\/2023\/09\/reflexion-central-1536x691.jpg 1536w, https:\/\/defensoriaparana.com.ar\/wp-content\/uploads\/2023\/09\/reflexion-central-2048x922.jpg 2048w\" sizes=\"(max-width: 558px) 100vw, 558px\" \/><img loading=\"lazy\" class=\"alignnone wp-image-4962 \" src=\"http:\/\/defensoriaparana.com.ar\/wp-content\/uploads\/2023\/09\/refelxion-central-5-1024x461.jpg\" alt=\"\" width=\"555\" height=\"250\" srcset=\"https:\/\/defensoriaparana.com.ar\/wp-content\/uploads\/2023\/09\/refelxion-central-5-1024x461.jpg 1024w, https:\/\/defensoriaparana.com.ar\/wp-content\/uploads\/2023\/09\/refelxion-central-5-300x135.jpg 300w, https:\/\/defensoriaparana.com.ar\/wp-content\/uploads\/2023\/09\/refelxion-central-5-768x346.jpg 768w, https:\/\/defensoriaparana.com.ar\/wp-content\/uploads\/2023\/09\/refelxion-central-5-1536x691.jpg 1536w, https:\/\/defensoriaparana.com.ar\/wp-content\/uploads\/2023\/09\/refelxion-central-5-2048x922.jpg 2048w\" sizes=\"(max-width: 555px) 100vw, 555px\" \/><\/p>\n<p><strong>Un encuentro de lujo<\/strong><\/p>\n<p>.<\/p>\n<p>Una de las instancias de capacitaci\u00f3n que brinda la Defensor\u00eda del Pueblo a los integrantes del Registro de Mediadores Voluntarios son talleres de reflexi\u00f3n \u2013cuatro en el a\u00f1o-, en los que la propuesta consiste en analizar y conversar sobre conceptos de mediaci\u00f3n y modalidades de la pr\u00e1ctica diaria. El 28 de agosto se realiz\u00f3 el 4to Taller del ciclo 2023 y la convocatoria cont\u00f3 con la presencia especial de Oscar Negredo Carrillo, quien hizo un recorrido por el trabajo realizado en su localidad y los aprendizajes tomados de Paran\u00e1 en su visita anterior, invitando a la reflexi\u00f3n sobre las experiencias de los mediadores locales. El encuentro fue considerado \u201cun lujo\u201d por los asistentes.<\/p>\n<p><img loading=\"lazy\" class=\"alignnone wp-image-4968 size-large\" src=\"http:\/\/defensoriaparana.com.ar\/wp-content\/uploads\/2023\/09\/taller-reflexion-1024x461.jpg\" alt=\"\" width=\"960\" height=\"432\" srcset=\"https:\/\/defensoriaparana.com.ar\/wp-content\/uploads\/2023\/09\/taller-reflexion-1024x461.jpg 1024w, https:\/\/defensoriaparana.com.ar\/wp-content\/uploads\/2023\/09\/taller-reflexion-300x135.jpg 300w, https:\/\/defensoriaparana.com.ar\/wp-content\/uploads\/2023\/09\/taller-reflexion-768x346.jpg 768w, https:\/\/defensoriaparana.com.ar\/wp-content\/uploads\/2023\/09\/taller-reflexion-1536x691.jpg 1536w, https:\/\/defensoriaparana.com.ar\/wp-content\/uploads\/2023\/09\/taller-reflexion-2048x922.jpg 2048w\" sizes=\"(max-width: 960px) 100vw, 960px\" \/><\/p>\n<p>La trayectoria del Negredo Carrillo cuenta con distinciones: la \u00faltima fue de la Asociaci\u00f3n Madrile\u00f1a de Mediadores. El reconocimiento fue por su trabajo individual y por \u201cla coordinaci\u00f3n del mejor proyecto nacional de mediaci\u00f3n en Espa\u00f1a (Centro de Mediaci\u00f3n Comunitaria de L&#8217;Hospitalet de Llobregat)\u201d. El premio lo recibi\u00f3 junto a Lola Montejo Cunilleras.<\/p>\n<p>Por \u00faltimo, el mediador aport\u00f3 un libro a la biblioteca del Centro de Mediaci\u00f3n. \u201cLos peque\u00f1os mediadores\u201d es el t\u00edtulo de la publicaci\u00f3n de Mariona Garriga de Ahumada, especialista espa\u00f1ola en mediaci\u00f3n.<\/p>\n<p><img loading=\"lazy\" class=\"alignnone wp-image-4970 size-large\" src=\"http:\/\/defensoriaparana.com.ar\/wp-content\/uploads\/2023\/09\/libro-1024x461.jpg\" alt=\"\" width=\"960\" height=\"432\" srcset=\"https:\/\/defensoriaparana.com.ar\/wp-content\/uploads\/2023\/09\/libro-1024x461.jpg 1024w, https:\/\/defensoriaparana.com.ar\/wp-content\/uploads\/2023\/09\/libro-300x135.jpg 300w, https:\/\/defensoriaparana.com.ar\/wp-content\/uploads\/2023\/09\/libro-768x346.jpg 768w, https:\/\/defensoriaparana.com.ar\/wp-content\/uploads\/2023\/09\/libro-1536x692.jpg 1536w, https:\/\/defensoriaparana.com.ar\/wp-content\/uploads\/2023\/09\/libro.jpg 2048w\" sizes=\"(max-width: 960px) 100vw, 960px\" \/><\/p>\n<p><img loading=\"lazy\" class=\"alignnone wp-image-4969 size-large\" src=\"http:\/\/defensoriaparana.com.ar\/wp-content\/uploads\/2023\/09\/libro1-1024x461.jpg\" alt=\"\" width=\"960\" height=\"432\" srcset=\"https:\/\/defensoriaparana.com.ar\/wp-content\/uploads\/2023\/09\/libro1-1024x461.jpg 1024w, https:\/\/defensoriaparana.com.ar\/wp-content\/uploads\/2023\/09\/libro1-300x135.jpg 300w, https:\/\/defensoriaparana.com.ar\/wp-content\/uploads\/2023\/09\/libro1-768x346.jpg 768w, https:\/\/defensoriaparana.com.ar\/wp-content\/uploads\/2023\/09\/libro1-1536x692.jpg 1536w, https:\/\/defensoriaparana.com.ar\/wp-content\/uploads\/2023\/09\/libro1.jpg 2048w\" sizes=\"(max-width: 960px) 100vw, 960px\" \/><\/p>\n","protected":false},"excerpt":{"rendered":"<p>Oscar Negredo Carrillo, coordinador del servicio de mediaci\u00f3n comunitaria de L&#8217;Hospitalet de Llobregat, ciudad espa\u00f1ola de la provincia de Barcelona, estuvo de visita en Argentina y vino especialmente a la Defensor\u00eda del Pueblo de Paran\u00e1, puesto que la considera \u201ccomo una referente a nivel de mediaci\u00f3n comunitaria\u201d. El mediador -quien estuvo por primera vez en [&hellip;]<\/p>\n","protected":false},"author":2,"featured_media":4964,"comment_status":"open","ping_status":"open","sticky":false,"template":"","format":"standard","meta":{"om_disable_all_campaigns":false,"_monsterinsights_skip_tracking":false,"_monsterinsights_sitenote_active":false,"_monsterinsights_sitenote_note":"","_monsterinsights_sitenote_category":0},"categories":[1],"tags":[],"_links":{"self":[{"href":"https:\/\/defensoriaparana.com.ar\/index.php\/wp-json\/wp\/v2\/posts\/4957"}],"collection":[{"href":"https:\/\/defensoriaparana.com.ar\/index.php\/wp-json\/wp\/v2\/posts"}],"about":[{"href":"https:\/\/defensoriaparana.com.ar\/index.php\/wp-json\/wp\/v2\/types\/post"}],"author":[{"embeddable":true,"href":"https:\/\/defensoriaparana.com.ar\/index.php\/wp-json\/wp\/v2\/users\/2"}],"replies":[{"embeddable":true,"href":"https:\/\/defensoriaparana.com.ar\/index.php\/wp-json\/wp\/v2\/comments?post=4957"}],"version-history":[{"count":1,"href":"https:\/\/defensoriaparana.com.ar\/index.php\/wp-json\/wp\/v2\/posts\/4957\/revisions"}],"predecessor-version":[{"id":4971,"href":"https:\/\/defensoriaparana.com.ar\/index.php\/wp-json\/wp\/v2\/posts\/4957\/revisions\/4971"}],"wp:featuredmedia":[{"embeddable":true,"href":"https:\/\/defensoriaparana.com.ar\/index.php\/wp-json\/wp\/v2\/media\/4964"}],"wp:attachment":[{"href":"https:\/\/defensoriaparana.com.ar\/index.php\/wp-json\/wp\/v2\/media?parent=4957"}],"wp:term":[{"taxonomy":"category","embeddable":true,"href":"https:\/\/defensoriaparana.com.ar\/index.php\/wp-json\/wp\/v2\/categories?post=4957"},{"taxonomy":"post_tag","embeddable":true,"href":"https:\/\/defensoriaparana.com.ar\/index.php\/wp-json\/wp\/v2\/tags?post=4957"}],"curies":[{"name":"wp","href":"https:\/\/api.w.org\/{rel}","templated":true}]}}