{"id":4978,"date":"2023-09-19T18:40:29","date_gmt":"2023-09-19T18:40:29","guid":{"rendered":"http:\/\/defensoriaparana.com.ar\/?p=4978"},"modified":"2023-09-19T18:40:29","modified_gmt":"2023-09-19T18:40:29","slug":"parana-debate-se-realizo-una-reunion-con-medios-de-comunicacion-para-coordinar-la-difusion-y-transmision","status":"publish","type":"post","link":"https:\/\/defensoriaparana.com.ar\/index.php\/2023\/09\/19\/parana-debate-se-realizo-una-reunion-con-medios-de-comunicacion-para-coordinar-la-difusion-y-transmision\/","title":{"rendered":"Paran\u00e1 debate: se realiz\u00f3 una reuni\u00f3n con medios de comunicaci\u00f3n para coordinar la difusi\u00f3n y transmisi\u00f3n     ."},"content":{"rendered":"<p>En el marco de la organizaci\u00f3n del debate p\u00fablico obligatorio de los candidatos a la Intendencia de Paran\u00e1, se concret\u00f3 este martes la primera reuni\u00f3n con representantes de medios de comunicaci\u00f3n de la ciudad.<\/p>\n<p>La convocatoria, realizada por la Defensor\u00eda del Pueblo de Paran\u00e1 junto a universidades, tuvo el fin de invitarlos y solicitarles el acompa\u00f1amiento -de manera gratuita, de acuerdo a la ordenanza N\u00b09856- en la difusi\u00f3n previa y transmisi\u00f3n en vivo.<\/p>\n<p>El debate ser\u00e1 el 9 de octubre, a las 20, en el Teatro 3 de Febrero y reunir\u00e1 a los cinco candidatos que competir\u00e1n en las elecciones generales. La ciudadan\u00eda podr\u00e1 seguir las instancias del encuentro mediante la transmisi\u00f3n televisiva, radial y por streaming.<\/p>\n<p><img loading=\"lazy\" class=\"alignnone wp-image-4983 size-large\" src=\"http:\/\/defensoriaparana.com.ar\/wp-content\/uploads\/2023\/09\/reunion-medios-1024x768.jpg\" alt=\"\" width=\"960\" height=\"720\" srcset=\"https:\/\/defensoriaparana.com.ar\/wp-content\/uploads\/2023\/09\/reunion-medios-1024x768.jpg 1024w, https:\/\/defensoriaparana.com.ar\/wp-content\/uploads\/2023\/09\/reunion-medios-300x225.jpg 300w, https:\/\/defensoriaparana.com.ar\/wp-content\/uploads\/2023\/09\/reunion-medios-768x576.jpg 768w, https:\/\/defensoriaparana.com.ar\/wp-content\/uploads\/2023\/09\/reunion-medios-1536x1152.jpg 1536w, https:\/\/defensoriaparana.com.ar\/wp-content\/uploads\/2023\/09\/reunion-medios.jpg 1600w\" sizes=\"(max-width: 960px) 100vw, 960px\" \/><\/p>\n<p>Al respecto, los representantes de los medios presentes expresaron el inter\u00e9s, la voluntad y el compromiso de contribuir en la difusi\u00f3n y transmisi\u00f3n de tan importante acontecimiento que ser\u00e1 un moj\u00f3n en la historia de la ciudad, ya que se trata del primer debate p\u00fablico obligatorio, dispuesto por la ordenanza municipal N\u00b0 9856, sancionada en 2019.<\/p>\n<p>Se trata de un primer encuentro, ya que en los pr\u00f3ximos d\u00edas se convocar\u00e1 a los restantes medios de comunicaci\u00f3n de la ciudad (emisoras de radio, p\u00e1ginas web y agencias de noticias).<\/p>\n<p>Participaron de la reuni\u00f3n, realizada en la sede de la Defensor\u00eda, Mar\u00eda Julia S\u00e1nchez por Canal Once; Marcelo P\u00e9rez, Gerente Ejecutivo de Canal 6 ERTV;\u00a0 Miguel Zutti\u00f3n, Jefe de Redacci\u00f3n de Diario UNO Entre R\u00edos; Leandro Tenembaun, gerente de la cadena Somos Paran\u00e1; Susana Heffel, Jefa de Noticias de Canal 9 Litoral; Silvina R\u00edos, Directora de LT 14 Radio General Urquiza; Antonella Toso Gemelli, por El Diario de Paran\u00e1; Mar\u00eda Waigandt, por Radio Costa Paran\u00e1 y Jos\u00e9 Trovatto, Coordinador de Radio UNER.<\/p>\n<p><img loading=\"lazy\" class=\"alignnone wp-image-4982 \" src=\"http:\/\/defensoriaparana.com.ar\/wp-content\/uploads\/2023\/09\/reunion-medios1-1024x768.jpg\" alt=\"\" width=\"537\" height=\"403\" srcset=\"https:\/\/defensoriaparana.com.ar\/wp-content\/uploads\/2023\/09\/reunion-medios1-1024x768.jpg 1024w, https:\/\/defensoriaparana.com.ar\/wp-content\/uploads\/2023\/09\/reunion-medios1-300x225.jpg 300w, https:\/\/defensoriaparana.com.ar\/wp-content\/uploads\/2023\/09\/reunion-medios1-768x576.jpg 768w, https:\/\/defensoriaparana.com.ar\/wp-content\/uploads\/2023\/09\/reunion-medios1-1536x1152.jpg 1536w, https:\/\/defensoriaparana.com.ar\/wp-content\/uploads\/2023\/09\/reunion-medios1.jpg 1600w\" sizes=\"(max-width: 537px) 100vw, 537px\" \/><img loading=\"lazy\" class=\"alignnone wp-image-4979 \" src=\"http:\/\/defensoriaparana.com.ar\/wp-content\/uploads\/2023\/09\/medios-reunion4-1024x768.jpg\" alt=\"\" width=\"540\" height=\"405\" srcset=\"https:\/\/defensoriaparana.com.ar\/wp-content\/uploads\/2023\/09\/medios-reunion4-1024x768.jpg 1024w, https:\/\/defensoriaparana.com.ar\/wp-content\/uploads\/2023\/09\/medios-reunion4-300x225.jpg 300w, https:\/\/defensoriaparana.com.ar\/wp-content\/uploads\/2023\/09\/medios-reunion4-768x576.jpg 768w, https:\/\/defensoriaparana.com.ar\/wp-content\/uploads\/2023\/09\/medios-reunion4-1536x1152.jpg 1536w, https:\/\/defensoriaparana.com.ar\/wp-content\/uploads\/2023\/09\/medios-reunion4.jpg 1600w\" sizes=\"(max-width: 540px) 100vw, 540px\" \/><\/p>\n<p>Se trata de un primer encuentro, ya que en los pr\u00f3ximos d\u00edas se convocar\u00e1 a los restantes medios de comunicaci\u00f3n (emisoras de radio, p\u00e1ginas web y agencias de noticias).<\/p>\n<p>Este martes estuvieron tambi\u00e9n Claudio Gianelli y Carolina Campo, personal del \u00e1rea de comunicaci\u00f3n del Concejo Deliberante, a cargo la grabaci\u00f3n y trasmisi\u00f3n por streaming del debate completo, quienes brindaron precisiones t\u00e9cnicas.<\/p>\n<p>Adem\u00e1s, participaron representantes de las universidades que integran la comisi\u00f3n organizadora junto a la Defensor\u00eda del Pueblo. Ellos fueron Marcelo D\u2019 Amico por la Universidad Tecnol\u00f3gica Nacional (UTN) Regional Paran\u00e1,\u00a0 Gustavo Terragana, por Universidad Cat\u00f3lica Argentina (UCA) Sede Paran\u00e1 y Nahuel Barid\u00f3n por la Universidad Nacional de Entre R\u00edos (UNER).<\/p>\n<p>La ordenanza 9856, que designa a la Defensor\u00eda del Pueblo como \u00f3rgano de aplicaci\u00f3n de la norma, establece en el art\u00edculo 6 que la totalidad de medios de comunicaci\u00f3n p\u00fablicos y privados podr\u00e1n transmitir el debate de manera simult\u00e1nea y gratuita.<\/p>\n","protected":false},"excerpt":{"rendered":"<p>En el marco de la organizaci\u00f3n del debate p\u00fablico obligatorio de los candidatos a la Intendencia de Paran\u00e1, se concret\u00f3 este martes la primera reuni\u00f3n con representantes de medios de comunicaci\u00f3n de la ciudad. La convocatoria, realizada por la Defensor\u00eda del Pueblo de Paran\u00e1 junto a universidades, tuvo el fin de invitarlos y solicitarles el [&hellip;]<\/p>\n","protected":false},"author":2,"featured_media":4980,"comment_status":"open","ping_status":"open","sticky":false,"template":"","format":"standard","meta":{"om_disable_all_campaigns":false,"_monsterinsights_skip_tracking":false,"_monsterinsights_sitenote_active":false,"_monsterinsights_sitenote_note":"","_monsterinsights_sitenote_category":0},"categories":[1],"tags":[],"_links":{"self":[{"href":"https:\/\/defensoriaparana.com.ar\/index.php\/wp-json\/wp\/v2\/posts\/4978"}],"collection":[{"href":"https:\/\/defensoriaparana.com.ar\/index.php\/wp-json\/wp\/v2\/posts"}],"about":[{"href":"https:\/\/defensoriaparana.com.ar\/index.php\/wp-json\/wp\/v2\/types\/post"}],"author":[{"embeddable":true,"href":"https:\/\/defensoriaparana.com.ar\/index.php\/wp-json\/wp\/v2\/users\/2"}],"replies":[{"embeddable":true,"href":"https:\/\/defensoriaparana.com.ar\/index.php\/wp-json\/wp\/v2\/comments?post=4978"}],"version-history":[{"count":1,"href":"https:\/\/defensoriaparana.com.ar\/index.php\/wp-json\/wp\/v2\/posts\/4978\/revisions"}],"predecessor-version":[{"id":4984,"href":"https:\/\/defensoriaparana.com.ar\/index.php\/wp-json\/wp\/v2\/posts\/4978\/revisions\/4984"}],"wp:featuredmedia":[{"embeddable":true,"href":"https:\/\/defensoriaparana.com.ar\/index.php\/wp-json\/wp\/v2\/media\/4980"}],"wp:attachment":[{"href":"https:\/\/defensoriaparana.com.ar\/index.php\/wp-json\/wp\/v2\/media?parent=4978"}],"wp:term":[{"taxonomy":"category","embeddable":true,"href":"https:\/\/defensoriaparana.com.ar\/index.php\/wp-json\/wp\/v2\/categories?post=4978"},{"taxonomy":"post_tag","embeddable":true,"href":"https:\/\/defensoriaparana.com.ar\/index.php\/wp-json\/wp\/v2\/tags?post=4978"}],"curies":[{"name":"wp","href":"https:\/\/api.w.org\/{rel}","templated":true}]}}