{"id":4986,"date":"2023-09-27T19:24:14","date_gmt":"2023-09-27T19:24:14","guid":{"rendered":"http:\/\/defensoriaparana.com.ar\/?p=4986"},"modified":"2023-09-27T19:24:14","modified_gmt":"2023-09-27T19:24:14","slug":"parana-debate-se-sortearon-los-moderadores-el-orden-de-ejes-tematicos-y-del-uso-de-la-palabra","status":"publish","type":"post","link":"https:\/\/defensoriaparana.com.ar\/index.php\/2023\/09\/27\/parana-debate-se-sortearon-los-moderadores-el-orden-de-ejes-tematicos-y-del-uso-de-la-palabra\/","title":{"rendered":"Paran\u00e1 debate: se sortearon los moderadores, el orden de ejes tem\u00e1ticos y del uso de la palabra"},"content":{"rendered":"<div class=\"xdj266r x11i5rnm xat24cr x1mh8g0r x1vvkbs x126k92a\">\n<div dir=\"auto\"><\/div>\n<div dir=\"auto\"><\/div>\n<div dir=\"auto\">Este mi\u00e9rcoles se realiz\u00f3 el sorteo de los moderadores, el orden que tendr\u00e1n los cuatro ejes tem\u00e1ticos y el uso de la palabra de los cinco candidatos a la Intendencia de la ciudad que participar\u00e1n del debate, previsto para el lunes 9 de octubre, a las 20, en el Teatro Municipal 3 de Febrero.<\/div>\n<\/div>\n<div class=\"x11i5rnm xat24cr x1mh8g0r x1vvkbs xtlvy1s x126k92a\">\n<div dir=\"auto\">El sorteo se llev\u00f3 a cabo en la Defensor\u00eda del Pueblo y cont\u00f3 con la presencia de los candidatos Armando S\u00e1nchez (Pol\u00edticas para la Rep\u00fablica), Dante Klocker (Movimiento Socialista de los Trabajadores \u2013MST-) y Andr\u00e9s Laumann (Libertad Avanza). Por Emanuel Gainza (Juntos por Entre R\u00edos) y Rosario Romero (M\u00e1s para Entre R\u00edos) estuvieron sus respectivos equipos t\u00e9cnicos.<\/div>\n<\/div>\n<div dir=\"auto\"><img loading=\"lazy\" class=\"alignnone wp-image-4989 size-large\" src=\"http:\/\/defensoriaparana.com.ar\/wp-content\/uploads\/2023\/09\/sorteo4-1024x768.jpg\" alt=\"\" width=\"960\" height=\"720\" srcset=\"https:\/\/defensoriaparana.com.ar\/wp-content\/uploads\/2023\/09\/sorteo4-1024x768.jpg 1024w, https:\/\/defensoriaparana.com.ar\/wp-content\/uploads\/2023\/09\/sorteo4-300x225.jpg 300w, https:\/\/defensoriaparana.com.ar\/wp-content\/uploads\/2023\/09\/sorteo4-768x576.jpg 768w, https:\/\/defensoriaparana.com.ar\/wp-content\/uploads\/2023\/09\/sorteo4-1536x1152.jpg 1536w, https:\/\/defensoriaparana.com.ar\/wp-content\/uploads\/2023\/09\/sorteo4.jpg 1600w\" sizes=\"(max-width: 960px) 100vw, 960px\" \/><\/div>\n<div dir=\"auto\"><\/div>\n<div class=\"x11i5rnm xat24cr x1mh8g0r x1vvkbs xtlvy1s x126k92a\">\n<div dir=\"auto\">La convocatoria, encabezada por las Defensoras del Pueblo Marcia L\u00f3pez y Cecilia Pautaso (Adjunta), comenz\u00f3 por el sorteo del orden de los cuatro ejes tem\u00e1ticos del debate y del uso de la palabra que tendr\u00e1n los candidato en cada bloque.<\/div>\n<\/div>\n<div class=\"x11i5rnm xat24cr x1mh8g0r x1vvkbs xtlvy1s x126k92a\">\n<div dir=\"auto\">Los ejes tem\u00e1ticos, consensuados oportunamente entre los candidatos y la comisi\u00f3n organizadora que integra la Defensor\u00eda junto a universidades, son los siguientes: Desarrollo Humano, Servicios P\u00fablicos, Desarrollo Productivo y Tecnol\u00f3gico, y Pol\u00edticas P\u00fablicas de Seguridad. Dentro de cada tema, los candidatos podr\u00e1n, a su criterio, desarrollar y profundizar determinados aspectos.<\/div>\n<div dir=\"auto\"><img loading=\"lazy\" class=\"alignnone wp-image-4988 size-large\" src=\"http:\/\/defensoriaparana.com.ar\/wp-content\/uploads\/2023\/09\/sorteo-3-papeles-1024x768.jpg\" alt=\"\" width=\"960\" height=\"720\" srcset=\"https:\/\/defensoriaparana.com.ar\/wp-content\/uploads\/2023\/09\/sorteo-3-papeles-1024x768.jpg 1024w, https:\/\/defensoriaparana.com.ar\/wp-content\/uploads\/2023\/09\/sorteo-3-papeles-300x225.jpg 300w, https:\/\/defensoriaparana.com.ar\/wp-content\/uploads\/2023\/09\/sorteo-3-papeles-768x576.jpg 768w, https:\/\/defensoriaparana.com.ar\/wp-content\/uploads\/2023\/09\/sorteo-3-papeles-1536x1152.jpg 1536w, https:\/\/defensoriaparana.com.ar\/wp-content\/uploads\/2023\/09\/sorteo-3-papeles.jpg 1600w\" sizes=\"(max-width: 960px) 100vw, 960px\" \/><\/div>\n<\/div>\n<div class=\"x11i5rnm xat24cr x1mh8g0r x1vvkbs xtlvy1s x126k92a\">\n<div dir=\"auto\">Durante el encuentro, se repas\u00f3 el reglamento sobre c\u00f3mo ser\u00e1 el desarrollo del debate. En la apertura, el candidato tendr\u00e1 un minuto para hacer su presentaci\u00f3n. Luego, contar\u00e1 con tres minutos en cada eje para desarrollar su propuesta sobre el tema. Seguidamente, habr\u00e1 cinco minutos finales por bloque tem\u00e1tico, es decir un minuto para cada candidato, tiempo que podr\u00e1 utilizar libremente, ya sea ampliando informaci\u00f3n o contestando a otro candidato.<\/div>\n<\/div>\n<div class=\"x11i5rnm xat24cr x1mh8g0r x1vvkbs xtlvy1s x126k92a\">\n<div dir=\"auto\"><\/div>\n<div dir=\"auto\"><span class=\"x3nfvp2 x1j61x8r x1fcty0u xdj266r xhhsvwb xat24cr xgzva0m xxymvpz xlup9mm x1kky2od\"><img loading=\"lazy\" src=\"https:\/\/static.xx.fbcdn.net\/images\/emoji.php\/v9\/t51\/1\/16\/1f449.png\" alt=\"\ud83d\udc49\" width=\"16\" height=\"16\" \/><\/span>Moderadores<\/div>\n<\/div>\n<div class=\"x11i5rnm xat24cr x1mh8g0r x1vvkbs xtlvy1s x126k92a\">\n<div dir=\"auto\"><\/div>\n<div dir=\"auto\">Para la elecci\u00f3n de los moderadores, la comisi\u00f3n organizadora invit\u00f3 a medios de comunicaci\u00f3n televisivos y radiales de la ciudad -que se sumaron al acompa\u00f1amiento de la difusi\u00f3n y transmisi\u00f3n del debate-, a que propongan periodistas. As\u00ed lo hicieron y hubo un total de 16 nombres de profesionales, de los cuales surgieron cuatro parejas, conformadas cada una por un var\u00f3n y una mujer, que tendr\u00e1n a cargo la conducci\u00f3n de los bloques. Tras el sorteo -del que participaron los candidatos extrayendo los papeles con los nombres-, las parejas quedaron integradas por: Sonia Fern\u00e1ndez (Canal 9 Litoral) y Nicol\u00e1s Blanco (Canal Once), que moderar\u00e1n el eje Desarrollo Humano; Nicol\u00e1s Furlan (Somos Paran\u00e1) y Claudia Mart\u00ednez (Radio LT14 General Urquiza), el bloque sobre servicios p\u00fablicos; Jos\u00e9 Luis Ferrando (Radio LT14 General Urquiza) y Danisa Todoro (Canal Once), el tema Desarrollo Productivo y Tecnol\u00f3gico; y Francisco Escobar (Radio Costa Paran\u00e1) y Manuela Calder\u00f3n (Somos Paran\u00e1), conducir\u00e1n el espacio sobre Pol\u00edticas P\u00fablicas de Seguridad.<\/div>\n<\/div>\n<div class=\"x11i5rnm xat24cr x1mh8g0r x1vvkbs xtlvy1s x126k92a\">\n<div dir=\"auto\">El debate es considerado un hecho hist\u00f3rico para la ciudad, ya que es el primero establecido por ordenanza municipal, y es una valiosa instancia de acceso de la ciudadan\u00eda a las opiniones y propuestas de los candidatos que aspiran poder conducir los destinos de Paran\u00e1. Por ello, ser\u00e1 transmitido en vivo por radios, TV y streaming, por el canal de Youtube del Concejo Deliberante.<\/div>\n<div dir=\"auto\"><img loading=\"lazy\" class=\"alignnone wp-image-4992 size-large\" src=\"http:\/\/defensoriaparana.com.ar\/wp-content\/uploads\/2023\/09\/sosteo-1024x768.jpg\" alt=\"\" width=\"960\" height=\"720\" srcset=\"https:\/\/defensoriaparana.com.ar\/wp-content\/uploads\/2023\/09\/sosteo-1024x768.jpg 1024w, https:\/\/defensoriaparana.com.ar\/wp-content\/uploads\/2023\/09\/sosteo-300x225.jpg 300w, https:\/\/defensoriaparana.com.ar\/wp-content\/uploads\/2023\/09\/sosteo-768x576.jpg 768w, https:\/\/defensoriaparana.com.ar\/wp-content\/uploads\/2023\/09\/sosteo-1536x1152.jpg 1536w, https:\/\/defensoriaparana.com.ar\/wp-content\/uploads\/2023\/09\/sosteo.jpg 1600w\" sizes=\"(max-width: 960px) 100vw, 960px\" \/><\/div>\n<\/div>\n<div class=\"x11i5rnm xat24cr x1mh8g0r x1vvkbs xtlvy1s x126k92a\">\n<div dir=\"auto\">La ordenanza N\u00b09856, sancionada en 2019, establece la obligatoriedad del debate p\u00fablico de los candidatos y designa a la Defensor\u00eda del Pueblo como \u00f3rgano de aplicaci\u00f3n de la disposici\u00f3n. La instituci\u00f3n convoc\u00f3 a las universidades con sede en la ciudad y conform\u00f3 una comisi\u00f3n de trabajo. Integran el \u00e1mbito la Universidad Nacional de Entre R\u00edos (Uner), a la Universidad Aut\u00f3noma de Entre R\u00edos (Uader), a la Universidad Tecnol\u00f3gica Nacional (UTN), Regional Paran\u00e1 y a la Universidad Cat\u00f3lica Argentina (UCA), sede Paran\u00e1.<\/div>\n<\/div>\n<div class=\"x11i5rnm xat24cr x1mh8g0r x1vvkbs xtlvy1s x126k92a\">\n<div dir=\"auto\">.<img loading=\"lazy\" class=\"alignnone wp-image-4991 size-large\" src=\"http:\/\/defensoriaparana.com.ar\/wp-content\/uploads\/2023\/09\/moderadores-768x1024.jpg\" alt=\"\" width=\"768\" height=\"1024\" srcset=\"https:\/\/defensoriaparana.com.ar\/wp-content\/uploads\/2023\/09\/moderadores-768x1024.jpg 768w, https:\/\/defensoriaparana.com.ar\/wp-content\/uploads\/2023\/09\/moderadores-225x300.jpg 225w, https:\/\/defensoriaparana.com.ar\/wp-content\/uploads\/2023\/09\/moderadores-1152x1536.jpg 1152w, https:\/\/defensoriaparana.com.ar\/wp-content\/uploads\/2023\/09\/moderadores.jpg 1200w\" sizes=\"(max-width: 768px) 100vw, 768px\" \/><\/div>\n<div dir=\"auto\"><span class=\"x3nfvp2 x1j61x8r x1fcty0u xdj266r xhhsvwb xat24cr xgzva0m xxymvpz xlup9mm x1kky2od\"><img loading=\"lazy\" src=\"https:\/\/static.xx.fbcdn.net\/images\/emoji.php\/v9\/t51\/1\/16\/1f449.png\" alt=\"\ud83d\udc49\" width=\"16\" height=\"16\" \/><\/span>Acreditaci\u00f3n medios<\/div>\n<div dir=\"auto\">.<\/div>\n<div dir=\"auto\">Con el fin de garantizar las condiciones de trabajo de los medios de comunicaci\u00f3n, se solicita se registren enviando un mail a debateparana@gmail.com.<\/div>\n<\/div>\n","protected":false},"excerpt":{"rendered":"<p>Este mi\u00e9rcoles se realiz\u00f3 el sorteo de los moderadores, el orden que tendr\u00e1n los cuatro ejes tem\u00e1ticos y el uso de la palabra de los cinco candidatos a la Intendencia de la ciudad que participar\u00e1n del debate, previsto para el lunes 9 de octubre, a las 20, en el Teatro Municipal 3 de Febrero. El [&hellip;]<\/p>\n","protected":false},"author":2,"featured_media":4987,"comment_status":"open","ping_status":"open","sticky":false,"template":"","format":"standard","meta":{"om_disable_all_campaigns":false,"_monsterinsights_skip_tracking":false,"_monsterinsights_sitenote_active":false,"_monsterinsights_sitenote_note":"","_monsterinsights_sitenote_category":0},"categories":[1],"tags":[],"_links":{"self":[{"href":"https:\/\/defensoriaparana.com.ar\/index.php\/wp-json\/wp\/v2\/posts\/4986"}],"collection":[{"href":"https:\/\/defensoriaparana.com.ar\/index.php\/wp-json\/wp\/v2\/posts"}],"about":[{"href":"https:\/\/defensoriaparana.com.ar\/index.php\/wp-json\/wp\/v2\/types\/post"}],"author":[{"embeddable":true,"href":"https:\/\/defensoriaparana.com.ar\/index.php\/wp-json\/wp\/v2\/users\/2"}],"replies":[{"embeddable":true,"href":"https:\/\/defensoriaparana.com.ar\/index.php\/wp-json\/wp\/v2\/comments?post=4986"}],"version-history":[{"count":1,"href":"https:\/\/defensoriaparana.com.ar\/index.php\/wp-json\/wp\/v2\/posts\/4986\/revisions"}],"predecessor-version":[{"id":4993,"href":"https:\/\/defensoriaparana.com.ar\/index.php\/wp-json\/wp\/v2\/posts\/4986\/revisions\/4993"}],"wp:featuredmedia":[{"embeddable":true,"href":"https:\/\/defensoriaparana.com.ar\/index.php\/wp-json\/wp\/v2\/media\/4987"}],"wp:attachment":[{"href":"https:\/\/defensoriaparana.com.ar\/index.php\/wp-json\/wp\/v2\/media?parent=4986"}],"wp:term":[{"taxonomy":"category","embeddable":true,"href":"https:\/\/defensoriaparana.com.ar\/index.php\/wp-json\/wp\/v2\/categories?post=4986"},{"taxonomy":"post_tag","embeddable":true,"href":"https:\/\/defensoriaparana.com.ar\/index.php\/wp-json\/wp\/v2\/tags?post=4986"}],"curies":[{"name":"wp","href":"https:\/\/api.w.org\/{rel}","templated":true}]}}