{"id":4994,"date":"2023-10-02T15:42:50","date_gmt":"2023-10-02T15:42:50","guid":{"rendered":"http:\/\/defensoriaparana.com.ar\/?p=4994"},"modified":"2023-10-02T15:42:50","modified_gmt":"2023-10-02T15:42:50","slug":"la-defensoria-del-pueblo-invita-a-un-nuevo-ciclo-de-talleres-abiertos-dialogos-en-la-comunidad","status":"publish","type":"post","link":"https:\/\/defensoriaparana.com.ar\/index.php\/2023\/10\/02\/la-defensoria-del-pueblo-invita-a-un-nuevo-ciclo-de-talleres-abiertos-dialogos-en-la-comunidad\/","title":{"rendered":"La Defensor\u00eda del Pueblo invita a un nuevo ciclo de talleres abiertos di\u00e1logos en la comunidad"},"content":{"rendered":"<p>Por noveno a\u00f1o consecutivo, comienza este mi\u00e9rcoles el Ciclo de Talleres Di\u00e1logos en la Comunidad 2023, organizado por el Centro de Mediaci\u00f3n de la Defensor\u00eda del Pueblo de Paran\u00e1.<\/p>\n<p>En esta edici\u00f3n, tal como en a\u00f1os anteriores, la propuesta se centra en ofrecer recursos y habilidades sociales para la convivencia, el abordaje adecuado de conflictos y la prevenci\u00f3n de la violencia a trav\u00e9s de instancias participativas, din\u00e1micas y reflexivas.<\/p>\n<p>La convocatoria es gratuita y abierta a la comunidad con el fin de habilitar un espacio amplio de escucha e intercambio con aportes de especialistas en diversas tem\u00e1ticas.<\/p>\n<p>Se trata de cuatro encuentros que se desarrollar\u00e1n durante el mes de octubre, los d\u00edas mi\u00e9rcoles, de 17 a 20, en la Biblioteca Provincial de Entre R\u00edos, ubicada en Alameda de la Federaci\u00f3n 278.<\/p>\n<p>El\u00a0<strong>mi\u00e9rcoles 4\u00a0<\/strong>se realizar\u00e1 el primer taller. Se titula \u201cCirculando palabras y emociones\u201d y es una invitaci\u00f3n a desafiar las capacidades de exploraci\u00f3n, asombro y transformaci\u00f3n, todo con el fin de mejorar el bienestar general y la convivencia social. Las facilitadoras ser\u00e1n Ana Mar\u00eda Fava, Lic. en Relaciones P\u00fablicas, mediadora, docente y capacitadora de instituciones p\u00fablicas y privadas, y Mar\u00eda Elida Mercado, Lic.en Comunicaci\u00f3n Social, mediadora, docente y escritora.<\/p>\n<p>El\u00a0<strong>mi\u00e9rcoles 11<\/strong>\u00a0tendr\u00e1 lugar el taller \u201cComunicaci\u00f3n para la vida\u201d y se trata de un espacio abierto al juego de la palabra. Se apunta a brindar herramientas para mejorar las relaciones personales a partir de construir comunicaciones asertivas y afectivas. Las docentes ser\u00e1n Mar\u00eda Luz Avellaneda, quien es Licenciada en Sistemas de Informaci\u00f3n (UTN) y mediadora con especializaci\u00f3n en Programaci\u00f3n Neuroling\u00fc\u00edstica , y Melania Peirano, facilitadora de Comunicaciones Colaborativas basadas en la Biolog\u00eda Cultural y de Juegos Cooperativos y\u00a0 mediadora.<\/p>\n<p>El\u00a0<strong>mi\u00e9rcoles 18<\/strong>\u00a0tendr\u00e1 lugar el taller \u201cContribuciones a la paz desde nuestra propia paz\u201d. La propuesta consiste en \u201cvisualizarnos y reconocernos como seres emocionales\u201d desde la idea de que el reconocimiento de las emociones es esencial para as\u00ed poder gestionarlas. Ser\u00e1n facilitadoras Mar\u00eda Isabel Budini Abib, mediadora, abogada, Master en Programaci\u00f3n Neuroling\u00fcistica, Diplomada Universitaria en Educaci\u00f3n Emocional, y Flavia Lorena Pereyra, mediadora, abogada, facilitadora Ontol\u00f3gica y Coach Ontol\u00f3gica Profesional.<\/p>\n<p>El\u00a0<strong>mi\u00e9rcoles 25<\/strong>\u00a0ser\u00e1 el cierre del ciclo con el taller \u201cCo-creando l\u00edderes antibullyng\u201d. La intenci\u00f3n es compartir saberes y herramientas para ser protagonistas en la prevenci\u00f3n, tratamiento y contenci\u00f3n de situaciones de agresi\u00f3n y bullying, tanto propias como de otros. Estar\u00e1 a cargo de las docentes Mar\u00eda Eugenia Collado, abogada, mediadora e integrante de ValorArt y Emilio Ruberto, t\u00e9cnico en Gesti\u00f3n Cultural, mediador e integrante de ValorArt.<\/p>\n<p>Se destaca en esta edici\u00f3n que todos los facilitadores son integrantes del Registro de Mediadores Comunitarios Voluntarios de la Defensor\u00eda del Pueblo.<\/p>\n<p>Los interesados en participar de Di\u00e1logos en la Comunidad podr\u00e1n hacerlo en uno o m\u00e1s talleres, ya que son independientes entre s\u00ed, y deber\u00e1n inscribirse previamente, dado que la actividad tiene cupos limitados. Pueden comunicarse al mail\u00a0<a href=\"mailto:dialogoscomunidad@gmail.com\">dialogoscomunidad@gmail.com<\/a>, al 343 5163712\u00a0 (l\u00ednea de whatsapp) y al tel\u00e9fono fijo 4211029 (de 7.30 a 13).<\/p>\n<p>&nbsp;<\/p>\n<p>El Ciclo de talleres Di\u00e1logos en la Comunidad se inici\u00f3 en 2015 y desde entonces se realiza ininterrumpidamente en base a distintas propuestas y formatos, aunque conservando siempre la base fundacional que consiste en promover acciones y reflexiones en relaci\u00f3n al abordaje de los conflictos cotidianos y la prevenci\u00f3n de la violencia.<\/p>\n<p>Desde su inicio, la iniciativa obtuvo una excelente respuesta de parte de la comunidad, lo que cada a\u00f1o motiva la reedici\u00f3n de la convocatoria con una ampliaci\u00f3n del alcance y de p\u00fablico.<\/p>\n<p>&nbsp;<\/p>\n<p>&nbsp;<\/p>\n<p><img loading=\"lazy\" class=\"alignnone wp-image-4995 size-large\" src=\"http:\/\/defensoriaparana.com.ar\/wp-content\/uploads\/2023\/10\/Dialogos-en-la-comunidad-1024x576.jpg\" alt=\"\" width=\"960\" height=\"540\" srcset=\"https:\/\/defensoriaparana.com.ar\/wp-content\/uploads\/2023\/10\/Dialogos-en-la-comunidad-1024x576.jpg 1024w, https:\/\/defensoriaparana.com.ar\/wp-content\/uploads\/2023\/10\/Dialogos-en-la-comunidad-300x169.jpg 300w, https:\/\/defensoriaparana.com.ar\/wp-content\/uploads\/2023\/10\/Dialogos-en-la-comunidad-768x432.jpg 768w, https:\/\/defensoriaparana.com.ar\/wp-content\/uploads\/2023\/10\/Dialogos-en-la-comunidad-1536x864.jpg 1536w, https:\/\/defensoriaparana.com.ar\/wp-content\/uploads\/2023\/10\/Dialogos-en-la-comunidad.jpg 1600w\" sizes=\"(max-width: 960px) 100vw, 960px\" \/><\/p>\n<p><img loading=\"lazy\" class=\"alignnone wp-image-4997 size-large\" src=\"http:\/\/defensoriaparana.com.ar\/wp-content\/uploads\/2023\/10\/dialg-en-la-comunidad-1024x606.jpg\" alt=\"\" width=\"960\" height=\"568\" srcset=\"https:\/\/defensoriaparana.com.ar\/wp-content\/uploads\/2023\/10\/dialg-en-la-comunidad-1024x606.jpg 1024w, https:\/\/defensoriaparana.com.ar\/wp-content\/uploads\/2023\/10\/dialg-en-la-comunidad-300x178.jpg 300w, https:\/\/defensoriaparana.com.ar\/wp-content\/uploads\/2023\/10\/dialg-en-la-comunidad-768x455.jpg 768w, https:\/\/defensoriaparana.com.ar\/wp-content\/uploads\/2023\/10\/dialg-en-la-comunidad-1536x909.jpg 1536w, https:\/\/defensoriaparana.com.ar\/wp-content\/uploads\/2023\/10\/dialg-en-la-comunidad.jpg 1600w\" sizes=\"(max-width: 960px) 100vw, 960px\" \/><\/p>\n","protected":false},"excerpt":{"rendered":"<p>Por noveno a\u00f1o consecutivo, comienza este mi\u00e9rcoles el Ciclo de Talleres Di\u00e1logos en la Comunidad 2023, organizado por el Centro de Mediaci\u00f3n de la Defensor\u00eda del Pueblo de Paran\u00e1. En esta edici\u00f3n, tal como en a\u00f1os anteriores, la propuesta se centra en ofrecer recursos y habilidades sociales para la convivencia, el abordaje adecuado de conflictos [&hellip;]<\/p>\n","protected":false},"author":2,"featured_media":4996,"comment_status":"open","ping_status":"open","sticky":false,"template":"","format":"standard","meta":{"om_disable_all_campaigns":false,"_monsterinsights_skip_tracking":false,"_monsterinsights_sitenote_active":false,"_monsterinsights_sitenote_note":"","_monsterinsights_sitenote_category":0},"categories":[1],"tags":[],"_links":{"self":[{"href":"https:\/\/defensoriaparana.com.ar\/index.php\/wp-json\/wp\/v2\/posts\/4994"}],"collection":[{"href":"https:\/\/defensoriaparana.com.ar\/index.php\/wp-json\/wp\/v2\/posts"}],"about":[{"href":"https:\/\/defensoriaparana.com.ar\/index.php\/wp-json\/wp\/v2\/types\/post"}],"author":[{"embeddable":true,"href":"https:\/\/defensoriaparana.com.ar\/index.php\/wp-json\/wp\/v2\/users\/2"}],"replies":[{"embeddable":true,"href":"https:\/\/defensoriaparana.com.ar\/index.php\/wp-json\/wp\/v2\/comments?post=4994"}],"version-history":[{"count":1,"href":"https:\/\/defensoriaparana.com.ar\/index.php\/wp-json\/wp\/v2\/posts\/4994\/revisions"}],"predecessor-version":[{"id":4998,"href":"https:\/\/defensoriaparana.com.ar\/index.php\/wp-json\/wp\/v2\/posts\/4994\/revisions\/4998"}],"wp:featuredmedia":[{"embeddable":true,"href":"https:\/\/defensoriaparana.com.ar\/index.php\/wp-json\/wp\/v2\/media\/4996"}],"wp:attachment":[{"href":"https:\/\/defensoriaparana.com.ar\/index.php\/wp-json\/wp\/v2\/media?parent=4994"}],"wp:term":[{"taxonomy":"category","embeddable":true,"href":"https:\/\/defensoriaparana.com.ar\/index.php\/wp-json\/wp\/v2\/categories?post=4994"},{"taxonomy":"post_tag","embeddable":true,"href":"https:\/\/defensoriaparana.com.ar\/index.php\/wp-json\/wp\/v2\/tags?post=4994"}],"curies":[{"name":"wp","href":"https:\/\/api.w.org\/{rel}","templated":true}]}}