{"id":5005,"date":"2023-10-04T22:42:31","date_gmt":"2023-10-04T22:42:31","guid":{"rendered":"http:\/\/defensoriaparana.com.ar\/?p=5005"},"modified":"2023-10-04T22:42:31","modified_gmt":"2023-10-04T22:42:31","slug":"se-realizo-la-primera-reunion-del-consejo-de-personas-mayores-de-parana","status":"publish","type":"post","link":"https:\/\/defensoriaparana.com.ar\/index.php\/2023\/10\/04\/se-realizo-la-primera-reunion-del-consejo-de-personas-mayores-de-parana\/","title":{"rendered":"Se realiz\u00f3 la primera reuni\u00f3n del Consejo de Personas Mayores de Paran\u00e1"},"content":{"rendered":"<p>Un nuevo espacio de participaci\u00f3n de las personas mayores, creado para atender sus tem\u00e1ticas y necesidades, se reuni\u00f3 por primera vez este martes 3 de octubre con la presencia de representantes de una decena de instituciones, \u00e1reas del Estado y organizaciones que conforman el \u00e1mbito creado por ordenanza municipal.<\/p>\n<p>Se trata del Consejo de Personas Mayores de Paran\u00e1.\u00a0 Su objetivo apunta a que las personas mayores \u201cpuedan hacer o\u00edr su voz, debatir y presentar proyectos para incidir en las pol\u00edticas p\u00fablicas de la ciudad\u201d, teniendo como base la defensa y ejercicio de los derechos de esta franja etaria. Ese es el esp\u00edritu de la ordenanza de creaci\u00f3n N 10.023, sancionada en diciembre de 2021, que prev\u00e9 la posibilidad de que las iniciativas presentadas se eleven al Concejo Deliberante y se conviertan en ordenanzas.<\/p>\n<p>La organizaci\u00f3n e instrumentaci\u00f3n del Consejo est\u00e1 a cargo de la Defensora de los Derechos de las Personas Mayores, Ligia Blanco, quien en la apertura del encuentro de este martes estuvo acompa\u00f1ada por las Defensoras del Pueblo de Paran\u00e1, Marcia L\u00f3pez y Cecilia Pautaso (Adjunta).<\/p>\n<p><img loading=\"lazy\" class=\"alignnone wp-image-5007 size-large\" src=\"http:\/\/defensoriaparana.com.ar\/wp-content\/uploads\/2023\/10\/reunion-Ligia-segunda-577x1024.jpg\" alt=\"\" width=\"577\" height=\"1024\" srcset=\"https:\/\/defensoriaparana.com.ar\/wp-content\/uploads\/2023\/10\/reunion-Ligia-segunda-577x1024.jpg 577w, https:\/\/defensoriaparana.com.ar\/wp-content\/uploads\/2023\/10\/reunion-Ligia-segunda-169x300.jpg 169w, https:\/\/defensoriaparana.com.ar\/wp-content\/uploads\/2023\/10\/reunion-Ligia-segunda-768x1362.jpg 768w, https:\/\/defensoriaparana.com.ar\/wp-content\/uploads\/2023\/10\/reunion-Ligia-segunda-866x1536.jpg 866w, https:\/\/defensoriaparana.com.ar\/wp-content\/uploads\/2023\/10\/reunion-Ligia-segunda.jpg 902w\" sizes=\"(max-width: 577px) 100vw, 577px\" \/><\/p>\n<p>El valor de contar con un espacio de participaci\u00f3n activa y que re\u00fana a referentes de organizaciones e instituciones relacionadas a las personas mayores fue un aspecto destacado por las Defensoras, quienes tambi\u00e9n pusieron \u00e9nfasis en la importancia de la defensa de los derechos de este grupo etario.<\/p>\n<p>Tras las primeras palabras, se analiz\u00f3 el funcionamiento del Consejo y se trabaj\u00f3 sobre un amplio temario que incluy\u00f3 iniciativas presentadas por los integrantes del Consejo.\u00a0 Entre ellas, el pedido de mejoramiento de las veredas de la ciudad y del servicio de transporte, que se aplique la prioridad en la atenci\u00f3n de la administraci\u00f3n p\u00fablica. La labor realizada ser\u00e1 incluida en un informe que ser\u00e1 de acceso p\u00fablico.<\/p>\n<p><img loading=\"lazy\" class=\"alignnone wp-image-5008 size-large\" src=\"http:\/\/defensoriaparana.com.ar\/wp-content\/uploads\/2023\/10\/reunion-ligia-3-1024x768.jpg\" alt=\"\" width=\"960\" height=\"720\" srcset=\"https:\/\/defensoriaparana.com.ar\/wp-content\/uploads\/2023\/10\/reunion-ligia-3-1024x768.jpg 1024w, https:\/\/defensoriaparana.com.ar\/wp-content\/uploads\/2023\/10\/reunion-ligia-3-300x225.jpg 300w, https:\/\/defensoriaparana.com.ar\/wp-content\/uploads\/2023\/10\/reunion-ligia-3-768x576.jpg 768w, https:\/\/defensoriaparana.com.ar\/wp-content\/uploads\/2023\/10\/reunion-ligia-3-1536x1152.jpg 1536w, https:\/\/defensoriaparana.com.ar\/wp-content\/uploads\/2023\/10\/reunion-ligia-3.jpg 1600w\" sizes=\"(max-width: 960px) 100vw, 960px\" \/><\/p>\n<p>Cabe recordar que la creaci\u00f3n del Consejo fue impulsada por la Defensora de las Personas Mayores, Ligia Blanco, y el concejal Sergio Granetto, quien fue autor de la ordenanza y particip\u00f3 este martes de la reuni\u00f3n.<\/p>\n<p>El primer paso fue la convocatoria de instituciones y organizaciones de la ciudad para que integren el Registro de Entidades Vinculadas a las Personas Mayores, previsto por la ordenanza 10.023. La inscripci\u00f3n se desarroll\u00f3 durante agosto y septiembre y hubo\u00a0 15 anotados, la mayor\u00eda presente en el encuentro de este martes, llevado a cabo en la sede de la Asociaci\u00f3n \u201cEl Recreo\u201d, en calle Alem 354.<\/p>\n<p><img loading=\"lazy\" class=\"alignnone wp-image-5009 \" src=\"http:\/\/defensoriaparana.com.ar\/wp-content\/uploads\/2023\/10\/reunion-Ligia-2-1024x768.jpg\" alt=\"\" width=\"528\" height=\"396\" srcset=\"https:\/\/defensoriaparana.com.ar\/wp-content\/uploads\/2023\/10\/reunion-Ligia-2-1024x768.jpg 1024w, https:\/\/defensoriaparana.com.ar\/wp-content\/uploads\/2023\/10\/reunion-Ligia-2-300x225.jpg 300w, https:\/\/defensoriaparana.com.ar\/wp-content\/uploads\/2023\/10\/reunion-Ligia-2-768x576.jpg 768w, https:\/\/defensoriaparana.com.ar\/wp-content\/uploads\/2023\/10\/reunion-Ligia-2-1536x1152.jpg 1536w, https:\/\/defensoriaparana.com.ar\/wp-content\/uploads\/2023\/10\/reunion-Ligia-2.jpg 1600w\" sizes=\"(max-width: 528px) 100vw, 528px\" \/><img loading=\"lazy\" class=\"alignnone wp-image-5010 \" src=\"http:\/\/defensoriaparana.com.ar\/wp-content\/uploads\/2023\/10\/reunion-ligia1-1024x768.jpg\" alt=\"\" width=\"527\" height=\"395\" srcset=\"https:\/\/defensoriaparana.com.ar\/wp-content\/uploads\/2023\/10\/reunion-ligia1-1024x768.jpg 1024w, https:\/\/defensoriaparana.com.ar\/wp-content\/uploads\/2023\/10\/reunion-ligia1-300x225.jpg 300w, https:\/\/defensoriaparana.com.ar\/wp-content\/uploads\/2023\/10\/reunion-ligia1-768x576.jpg 768w, https:\/\/defensoriaparana.com.ar\/wp-content\/uploads\/2023\/10\/reunion-ligia1-1536x1152.jpg 1536w, https:\/\/defensoriaparana.com.ar\/wp-content\/uploads\/2023\/10\/reunion-ligia1.jpg 1600w\" sizes=\"(max-width: 527px) 100vw, 527px\" \/><\/p>\n<p>Estuvieron presentes representantes de la Asociaci\u00f3n \u201cEl Recreo\u201d, el Foro por los Derechos de las Personas Mayores, la Federaci\u00f3n de Jubilados y Pensionados de Entre R\u00edos, la Caja de Jubilados y Pensionados de Entre R\u00edos, el Centro de Jubilados y Pensionados de Caja de previsi\u00f3n social de Profesionales de la Ingenier\u00eda de Entre R\u00edos, el Centro de Jubilados y Pensionados de Entre R\u00edos, la Direcci\u00f3n de Adultos Mayores de la Provincia de Entre R\u00edos, \u00a0la Asociaci\u00f3n Civil Boina de Vasco, el Centro de Jubilados y Pensionados de Ate, el Circulo de Pensionados y Retirados de la Polic\u00eda de Entre R\u00edos, el Bloque de Concejales de Juntos por el Cambio, de la Subsecretaria de Participaci\u00f3n Ciudadana del Municipio, de la Asociaci\u00f3n de T\u00e9cnicos Universitarios en Psicogerontolog\u00eda, del Programa \u201cAdulteces y Vejeces\u201d de Facultad de Humanidades Artes y Ciencias Sociales y del Hospital de D\u00eda Dr. Mario Bozzi.<\/p>\n","protected":false},"excerpt":{"rendered":"<p>Un nuevo espacio de participaci\u00f3n de las personas mayores, creado para atender sus tem\u00e1ticas y necesidades, se reuni\u00f3 por primera vez este martes 3 de octubre con la presencia de representantes de una decena de instituciones, \u00e1reas del Estado y organizaciones que conforman el \u00e1mbito creado por ordenanza municipal. Se trata del Consejo de Personas [&hellip;]<\/p>\n","protected":false},"author":2,"featured_media":5006,"comment_status":"open","ping_status":"open","sticky":false,"template":"","format":"standard","meta":{"om_disable_all_campaigns":false,"_monsterinsights_skip_tracking":false,"_monsterinsights_sitenote_active":false,"_monsterinsights_sitenote_note":"","_monsterinsights_sitenote_category":0},"categories":[1],"tags":[],"_links":{"self":[{"href":"https:\/\/defensoriaparana.com.ar\/index.php\/wp-json\/wp\/v2\/posts\/5005"}],"collection":[{"href":"https:\/\/defensoriaparana.com.ar\/index.php\/wp-json\/wp\/v2\/posts"}],"about":[{"href":"https:\/\/defensoriaparana.com.ar\/index.php\/wp-json\/wp\/v2\/types\/post"}],"author":[{"embeddable":true,"href":"https:\/\/defensoriaparana.com.ar\/index.php\/wp-json\/wp\/v2\/users\/2"}],"replies":[{"embeddable":true,"href":"https:\/\/defensoriaparana.com.ar\/index.php\/wp-json\/wp\/v2\/comments?post=5005"}],"version-history":[{"count":1,"href":"https:\/\/defensoriaparana.com.ar\/index.php\/wp-json\/wp\/v2\/posts\/5005\/revisions"}],"predecessor-version":[{"id":5011,"href":"https:\/\/defensoriaparana.com.ar\/index.php\/wp-json\/wp\/v2\/posts\/5005\/revisions\/5011"}],"wp:featuredmedia":[{"embeddable":true,"href":"https:\/\/defensoriaparana.com.ar\/index.php\/wp-json\/wp\/v2\/media\/5006"}],"wp:attachment":[{"href":"https:\/\/defensoriaparana.com.ar\/index.php\/wp-json\/wp\/v2\/media?parent=5005"}],"wp:term":[{"taxonomy":"category","embeddable":true,"href":"https:\/\/defensoriaparana.com.ar\/index.php\/wp-json\/wp\/v2\/categories?post=5005"},{"taxonomy":"post_tag","embeddable":true,"href":"https:\/\/defensoriaparana.com.ar\/index.php\/wp-json\/wp\/v2\/tags?post=5005"}],"curies":[{"name":"wp","href":"https:\/\/api.w.org\/{rel}","templated":true}]}}