{"id":5013,"date":"2023-10-06T00:14:17","date_gmt":"2023-10-06T00:14:17","guid":{"rendered":"http:\/\/defensoriaparana.com.ar\/?p=5013"},"modified":"2023-10-06T00:14:17","modified_gmt":"2023-10-06T00:14:17","slug":"debate-historico-de-candidatos-y-candidata-a-la-intendencia-de-la-ciudad","status":"publish","type":"post","link":"https:\/\/defensoriaparana.com.ar\/index.php\/2023\/10\/06\/debate-historico-de-candidatos-y-candidata-a-la-intendencia-de-la-ciudad\/","title":{"rendered":"Debate hist\u00f3rico de candidatos y candidata a la Intendencia de la ciudad"},"content":{"rendered":"<div class=\"xdj266r x11i5rnm xat24cr x1mh8g0r x1vvkbs x126k92a\">\n<div dir=\"auto\"><\/div>\n<\/div>\n<div class=\"x11i5rnm xat24cr x1mh8g0r x1vvkbs xtlvy1s x126k92a\">\n<div dir=\"auto\">El pr\u00f3ximo lunes, a las 20, se realizar\u00e1 el primer debate obligatorio de los candidatos y candidata a la Intendencia de Paran\u00e1. Ser\u00e1 un hecho hist\u00f3rico para la ciudad, ya que por primera vez se instrumenta la ordenanza 9856, sancionada en 2019, que establece la obligatoriedad del encuentro de los candidatos para que expongan sus proyectos y opiniones ante la ciudadan\u00eda.<\/div>\n<\/div>\n<div class=\"x11i5rnm xat24cr x1mh8g0r x1vvkbs xtlvy1s x126k92a\">\n<div dir=\"auto\">La organizaci\u00f3n est\u00e1 a cargo de la Defensor\u00eda del Pueblo junto a universidades y se podr\u00e1 seguir a trav\u00e9s de la transmisi\u00f3n de los medios de comunicaci\u00f3n -radio, televisi\u00f3n, p\u00e1ginas web- y tambi\u00e9n mediante streaming, por el canal de youtube del Concejo Deliberante de la Ciudad.<\/div>\n<\/div>\n<div class=\"x11i5rnm xat24cr x1mh8g0r x1vvkbs xtlvy1s x126k92a\">\n<div dir=\"auto\">Participar\u00e1n los cinco candidatos y candidata: Emanuel Gainza (Juntos por Entre R\u00edos), Dante Klocker (Movimiento Socialista de los Trabajadores \u2013MST-), Andr\u00e9s Laumann (La Libertad Avanza), Rosario Romero (M\u00e1s para Entre R\u00edos) y Armando S\u00e1nchez (Pol\u00edticas para la Rep\u00fablica).<\/div>\n<\/div>\n<div class=\"x11i5rnm xat24cr x1mh8g0r x1vvkbs xtlvy1s x126k92a\">\n<div dir=\"auto\">Se realizar\u00e1 en el Teatro Municipal 3 de Febrero y el evento fue denominado por la organizaci\u00f3n PARAN\u00c1 DEBATE 2023.<\/div>\n<div dir=\"auto\">.<\/div>\n<div dir=\"auto\"><span class=\"x3nfvp2 x1j61x8r x1fcty0u xdj266r xhhsvwb xat24cr xgzva0m xxymvpz xlup9mm x1kky2od\"><img loading=\"lazy\" src=\"https:\/\/static.xx.fbcdn.net\/images\/emoji.php\/v9\/t51\/1\/16\/1f449.png\" alt=\"\ud83d\udc49\" width=\"16\" height=\"16\" \/><\/span><span class=\"x3nfvp2 x1j61x8r x1fcty0u xdj266r xhhsvwb xat24cr xgzva0m xxymvpz xlup9mm x1kky2od\"><img loading=\"lazy\" src=\"https:\/\/static.xx.fbcdn.net\/images\/emoji.php\/v9\/t51\/1\/16\/1f449.png\" alt=\"\ud83d\udc49\" width=\"16\" height=\"16\" \/><\/span>Qu\u00e9 temas tratar\u00e1n<\/div>\n<div dir=\"auto\">.<\/div>\n<div dir=\"auto\">Los candidatos y sus equipos t\u00e9cnicos consensuaron, en el marco de la organizaci\u00f3n a cargo de la Defensor\u00eda y de universidades, un reglamento que establece cuatro ejes tem\u00e1ticos y la din\u00e1mica del debate.<\/div>\n<\/div>\n<div class=\"x11i5rnm xat24cr x1mh8g0r x1vvkbs xtlvy1s x126k92a\">\n<div dir=\"auto\">Los ejes son enunciados macro y los participantes desarrollar\u00e1n libremente subtemas. Los t\u00edtulos son: Desarrollo Humano, Servicios p\u00fablicos, Desarrollo Productivo y Tecnol\u00f3gico y Pol\u00edticas P\u00fablicas de Seguridad.<\/div>\n<div dir=\"auto\">.<\/div>\n<div dir=\"auto\"><span class=\"x3nfvp2 x1j61x8r x1fcty0u xdj266r xhhsvwb xat24cr xgzva0m xxymvpz xlup9mm x1kky2od\"><img loading=\"lazy\" src=\"https:\/\/static.xx.fbcdn.net\/images\/emoji.php\/v9\/t51\/1\/16\/1f449.png\" alt=\"\ud83d\udc49\" width=\"16\" height=\"16\" \/><\/span><span class=\"x3nfvp2 x1j61x8r x1fcty0u xdj266r xhhsvwb xat24cr xgzva0m xxymvpz xlup9mm x1kky2od\"><img loading=\"lazy\" src=\"https:\/\/static.xx.fbcdn.net\/images\/emoji.php\/v9\/t51\/1\/16\/1f449.png\" alt=\"\ud83d\udc49\" width=\"16\" height=\"16\" \/><\/span>Sorteo<\/div>\n<div dir=\"auto\">.<\/div>\n<div dir=\"auto\">Por sorteo se determinaron los distintos pasos del debate. As\u00ed, se defini\u00f3 el orden de los cuatro ejes tem\u00e1ticos y del uso de la palabra de cada uno de los participantes. De la misma manera se defenir\u00e1, minutos antes del inicio del debate, el orden del ingreso al escenario y ubicaci\u00f3n en los atriles.<\/div>\n<\/div>\n<div class=\"x11i5rnm xat24cr x1mh8g0r x1vvkbs xtlvy1s x126k92a\">\n<div dir=\"auto\">Tambi\u00e9n fue por sorteo la participaci\u00f3n de cuatro parejas de moderadores, una por cada eje tem\u00e1tico, integrada por periodistas. Los moderadores fueron propuestos por los medios de comunicaci\u00f3n, que se sumaron en el acompa\u00f1amiento en la difusi\u00f3n y transmisi\u00f3n, y hubo 16 nombres de periodistas que participaron del sorteo.<\/div>\n<div dir=\"auto\">.<\/div>\n<div dir=\"auto\"><span class=\"x3nfvp2 x1j61x8r x1fcty0u xdj266r xhhsvwb xat24cr xgzva0m xxymvpz xlup9mm x1kky2od\"><img loading=\"lazy\" src=\"https:\/\/static.xx.fbcdn.net\/images\/emoji.php\/v9\/t51\/1\/16\/1f449.png\" alt=\"\ud83d\udc49\" width=\"16\" height=\"16\" \/><\/span><span class=\"x3nfvp2 x1j61x8r x1fcty0u xdj266r xhhsvwb xat24cr xgzva0m xxymvpz xlup9mm x1kky2od\"><img loading=\"lazy\" src=\"https:\/\/static.xx.fbcdn.net\/images\/emoji.php\/v9\/t51\/1\/16\/1f449.png\" alt=\"\ud83d\udc49\" width=\"16\" height=\"16\" \/><\/span>C\u00f3mo ser\u00e1 el debate<\/div>\n<div dir=\"auto\">.<\/div>\n<div dir=\"auto\">En el inicio, los participantes tendr\u00e1n un minuto libre para su presentaci\u00f3n.<\/div>\n<\/div>\n<div class=\"x11i5rnm xat24cr x1mh8g0r x1vvkbs xtlvy1s x126k92a\">\n<div dir=\"auto\">Seguidamente, se iniciar\u00e1 el primer eje tem\u00e1tico. En total son cuatro. Tendr\u00e1n tres minutos cada uno para desarrollar su exposici\u00f3n. Concluidas las cinco intervenciones, cada uno tendr\u00e1 un minuto en el que podr\u00e1n ampliar, aclarar o hacer una pregunta a otro participante.<\/div>\n<\/div>\n<div class=\"x11i5rnm xat24cr x1mh8g0r x1vvkbs xtlvy1s x126k92a\">\n<div dir=\"auto\">Al finalizar esta etapa, habr\u00e1 un lapso de dos minutos en el que los candidatos y candidata podr\u00e1n dialogar con sus asesores.<\/div>\n<\/div>\n<div class=\"x11i5rnm xat24cr x1mh8g0r x1vvkbs xtlvy1s x126k92a\">\n<div dir=\"auto\">Luego se retoma y se sigue de la misma forma con los siguientes tres ejes tem\u00e1ticos.<\/div>\n<\/div>\n<div class=\"x11i5rnm xat24cr x1mh8g0r x1vvkbs xtlvy1s x126k92a\">\n<div dir=\"auto\">Tras los cuatro ejes, habr\u00e1 un cierre en el que los participantes tendr\u00e1n un minuto cada uno para expresarse libremente.<\/div>\n<div dir=\"auto\">.<\/div>\n<div dir=\"auto\"><span class=\"x3nfvp2 x1j61x8r x1fcty0u xdj266r xhhsvwb xat24cr xgzva0m xxymvpz xlup9mm x1kky2od\"><img loading=\"lazy\" src=\"https:\/\/static.xx.fbcdn.net\/images\/emoji.php\/v9\/t51\/1\/16\/1f449.png\" alt=\"\ud83d\udc49\" width=\"16\" height=\"16\" \/><\/span><span class=\"x3nfvp2 x1j61x8r x1fcty0u xdj266r xhhsvwb xat24cr xgzva0m xxymvpz xlup9mm x1kky2od\"><img loading=\"lazy\" src=\"https:\/\/static.xx.fbcdn.net\/images\/emoji.php\/v9\/t51\/1\/16\/1f449.png\" alt=\"\ud83d\udc49\" width=\"16\" height=\"16\" \/><\/span>Moderadores<\/div>\n<div dir=\"auto\">.<\/div>\n<div dir=\"auto\">Las parejas de moderadores quedaron integradas por Sonia Fern\u00e1ndez (Canal 9 Litoral) y Nicol\u00e1s Blanco (Canal Once), que conducir\u00e1n el eje Desarrollo Humano; Nicol\u00e1s Furlan (Somos Paran\u00e1) y Claudia Mart\u00ednez (Radio LT14 General Urquiza), el bloque sobre servicios p\u00fablicos; Jos\u00e9 Luis Ferrando (Radio LT14 General Urquiza) y Danisa Todoro (Canal Once), el tema Desarrollo Productivo y Tecnol\u00f3gico, y Francisco Escobar (Radio Costa Paran\u00e1) y Manuela Calder\u00f3n (Somos Paran\u00e1), moderar\u00e1n el espacio sobre Pol\u00edticas P\u00fablicas de Seguridad.<\/div>\n<div dir=\"auto\">.<\/div>\n<div dir=\"auto\"><span class=\"x3nfvp2 x1j61x8r x1fcty0u xdj266r xhhsvwb xat24cr xgzva0m xxymvpz xlup9mm x1kky2od\"><img loading=\"lazy\" src=\"https:\/\/static.xx.fbcdn.net\/images\/emoji.php\/v9\/t51\/1\/16\/1f449.png\" alt=\"\ud83d\udc49\" width=\"16\" height=\"16\" \/><\/span><span class=\"x3nfvp2 x1j61x8r x1fcty0u xdj266r xhhsvwb xat24cr xgzva0m xxymvpz xlup9mm x1kky2od\"><img loading=\"lazy\" src=\"https:\/\/static.xx.fbcdn.net\/images\/emoji.php\/v9\/t51\/1\/16\/1f449.png\" alt=\"\ud83d\udc49\" width=\"16\" height=\"16\" \/><\/span>Organizaci\u00f3n<\/div>\n<div dir=\"auto\">.<\/div>\n<div dir=\"auto\">La ordenanza 9856 asign\u00f3 a la Defensor\u00eda del Pueblo de la Ciudad de Paran\u00e1 la funci\u00f3n de \u00f3rgano de aplicaci\u00f3n de la norma. La instituci\u00f3n cuenta con la colaboraci\u00f3n de las universidades. Trabajan en el marco de un comisi\u00f3n organizadora la Universidad Aut\u00f3noma de Entre R\u00edos (Uader), Universidad Tecnol\u00f3gica Nacional (UTN), Regional Paran\u00e1, Universidad Nacional de Entre R\u00edos (Uner) y la Universidad Cat\u00f3lica Argentina (UCA), sede Paran\u00e1.<\/div>\n<\/div>\n","protected":false},"excerpt":{"rendered":"<p>El pr\u00f3ximo lunes, a las 20, se realizar\u00e1 el primer debate obligatorio de los candidatos y candidata a la Intendencia de Paran\u00e1. Ser\u00e1 un hecho hist\u00f3rico para la ciudad, ya que por primera vez se instrumenta la ordenanza 9856, sancionada en 2019, que establece la obligatoriedad del encuentro de los candidatos para que expongan sus [&hellip;]<\/p>\n","protected":false},"author":2,"featured_media":5016,"comment_status":"open","ping_status":"open","sticky":false,"template":"","format":"standard","meta":{"om_disable_all_campaigns":false,"_monsterinsights_skip_tracking":false,"_monsterinsights_sitenote_active":false,"_monsterinsights_sitenote_note":"","_monsterinsights_sitenote_category":0},"categories":[1],"tags":[],"_links":{"self":[{"href":"https:\/\/defensoriaparana.com.ar\/index.php\/wp-json\/wp\/v2\/posts\/5013"}],"collection":[{"href":"https:\/\/defensoriaparana.com.ar\/index.php\/wp-json\/wp\/v2\/posts"}],"about":[{"href":"https:\/\/defensoriaparana.com.ar\/index.php\/wp-json\/wp\/v2\/types\/post"}],"author":[{"embeddable":true,"href":"https:\/\/defensoriaparana.com.ar\/index.php\/wp-json\/wp\/v2\/users\/2"}],"replies":[{"embeddable":true,"href":"https:\/\/defensoriaparana.com.ar\/index.php\/wp-json\/wp\/v2\/comments?post=5013"}],"version-history":[{"count":1,"href":"https:\/\/defensoriaparana.com.ar\/index.php\/wp-json\/wp\/v2\/posts\/5013\/revisions"}],"predecessor-version":[{"id":5017,"href":"https:\/\/defensoriaparana.com.ar\/index.php\/wp-json\/wp\/v2\/posts\/5013\/revisions\/5017"}],"wp:featuredmedia":[{"embeddable":true,"href":"https:\/\/defensoriaparana.com.ar\/index.php\/wp-json\/wp\/v2\/media\/5016"}],"wp:attachment":[{"href":"https:\/\/defensoriaparana.com.ar\/index.php\/wp-json\/wp\/v2\/media?parent=5013"}],"wp:term":[{"taxonomy":"category","embeddable":true,"href":"https:\/\/defensoriaparana.com.ar\/index.php\/wp-json\/wp\/v2\/categories?post=5013"},{"taxonomy":"post_tag","embeddable":true,"href":"https:\/\/defensoriaparana.com.ar\/index.php\/wp-json\/wp\/v2\/tags?post=5013"}],"curies":[{"name":"wp","href":"https:\/\/api.w.org\/{rel}","templated":true}]}}