{"id":5038,"date":"2023-10-17T21:17:23","date_gmt":"2023-10-17T21:17:23","guid":{"rendered":"http:\/\/defensoriaparana.com.ar\/?p=5038"},"modified":"2023-10-17T21:17:23","modified_gmt":"2023-10-17T21:17:23","slug":"con-excelente-nivel-de-participacion-se-realizan-los-talleres-de-dialogos-en-la-comunidad-se-invita-para-los-proximos-dos","status":"publish","type":"post","link":"https:\/\/defensoriaparana.com.ar\/index.php\/2023\/10\/17\/con-excelente-nivel-de-participacion-se-realizan-los-talleres-de-dialogos-en-la-comunidad-se-invita-para-los-proximos-dos\/","title":{"rendered":"Con excelente nivel de participaci\u00f3n se realizan los talleres de Di\u00e1logos en la Comunidad: se invita para los pr\u00f3ximos dos"},"content":{"rendered":"<div class=\"xdj266r x11i5rnm xat24cr x1mh8g0r x1vvkbs x126k92a\">\n<div dir=\"auto\"><\/div>\n<div dir=\"auto\">El 4 de octubre se inici\u00f3 el Ciclo de Talleres Di\u00e1logos en la Comunidad 2023 -por noveno a\u00f1o consecutivo- y continu\u00f3 el mi\u00e9rcoles 11, con distintas propuestas que tuvieron una importante adhesi\u00f3n de los participantes.<\/div>\n<div dir=\"auto\">Los pr\u00f3ximos ser\u00e1n este mi\u00e9rcoles 18 y el 25. Se invita a la comunidad a participar en estos espacios abiertos y gratuitos.<\/div>\n<div dir=\"auto\">La actividad, organizada por el Centro de Mediaci\u00f3n de la Defensor\u00eda del Pueblo de Paran\u00e1, plante\u00f3 el desarrollo de cuatro talleres durante los mi\u00e9rcoles del mes de octubre.<\/div>\n<div dir=\"auto\">La propuesta ofrece recursos y habilidades sociales para la convivencia, el abordaje adecuado de conflictos y la prevenci\u00f3n de la violencia a trav\u00e9s de instancias participativas, din\u00e1micas y reflexivas.<\/div>\n<div dir=\"auto\">Los talleres son de 17 a 20, en la Biblioteca Provincial de Entre R\u00edos, en Alameda de la Federaci\u00f3n 278.<\/div>\n<div dir=\"auto\">.<\/div>\n<div dir=\"auto\"><strong>Lo que viene<\/strong><\/div>\n<div dir=\"auto\">.<\/div>\n<div dir=\"auto\">El mi\u00e9rcoles 18 tendr\u00e1 lugar el taller \u201cContribuciones a la paz desde nuestra propia paz\u201d. La propuesta consiste en \u201cvisualizarnos y reconocernos como seres emocionales\u201d. El reconocimiento de las emociones es esencial para as\u00ed poder gestionarlas. Ser\u00e1n facilitadoras Mar\u00eda Isabel Budini Abib, mediadora, abogada, Master en Programaci\u00f3n Neuroling\u00fcistica, Diplomada Universitaria en Educaci\u00f3n Emocional, y Flavia Lorena Pereyra, mediadora, abogada, facilitadora Ontol\u00f3gica y Coach Ontol\u00f3gica Profesional.<\/div>\n<div dir=\"auto\">El mi\u00e9rcoles 25 ser\u00e1 el cierre del ciclo con el taller \u201cCo-creando l\u00edderes antibullying\u201d. La intenci\u00f3n es compartir saberes y herramientas para ser protagonistas en la prevenci\u00f3n, tratamiento y contenci\u00f3n de situaciones de agresi\u00f3n y bullying, tanto propias como de otros. Estar\u00e1 a cargo de las docentes Mar\u00eda Eugenia Collado, abogada, mediadora e integrante de ValorArt y Emilio Ruberto, t\u00e9cnico en Gesti\u00f3n Cultural, mediador e integrante de ValorArt.<\/div>\n<div dir=\"auto\">.<\/div>\n<div dir=\"auto\">Los interesados en participar de Di\u00e1logos en la Comunidad podr\u00e1n hacerlo en uno o m\u00e1s talleres, ya que son independiente entre s\u00ed, y deber\u00e1n inscribirse previamente, dado que la actividad tiene cupos limitados. Pueden comunicarse al mail dialogoscomunidad@gmail.com, al 343 5163712 (l\u00ednea de whatsapp) y al tel\u00e9fono fijo 4211029 (de 8 a 13).<\/div>\n<div dir=\"auto\">.<\/div>\n<div dir=\"auto\">Dos experiencias transitadas<\/div>\n<div dir=\"auto\">.<\/div>\n<div dir=\"auto\">El mi\u00e9rcoles 4 se realiz\u00f3 el primer taller, titulado \u201cCirculando palabras y emociones\u201d con una importante participaci\u00f3n de inscriptos. Se trat\u00f3 de una invitaci\u00f3n a desafiar las capacidades de exploraci\u00f3n, asombro y transformaci\u00f3n, todo con el fin de mejorar el bienestar general y la convivencia social. Las facilitadoras fueron Ana Mar\u00eda Fava, Lic. en Relaciones P\u00fablicas, mediadora, docente y capacitadora de instituciones p\u00fablicas y privadas, y Mar\u00eda Elida Mercado, Lic. en Comunicaci\u00f3n Social, mediadora, docente y escritora.<\/div>\n<div dir=\"auto\">.<img loading=\"lazy\" class=\"alignnone wp-image-5047 size-medium\" src=\"http:\/\/defensoriaparana.com.ar\/wp-content\/uploads\/2023\/10\/taller-segundo-300x135.jpg\" alt=\"\" width=\"300\" height=\"135\" srcset=\"https:\/\/defensoriaparana.com.ar\/wp-content\/uploads\/2023\/10\/taller-segundo-300x135.jpg 300w, https:\/\/defensoriaparana.com.ar\/wp-content\/uploads\/2023\/10\/taller-segundo-768x346.jpg 768w, https:\/\/defensoriaparana.com.ar\/wp-content\/uploads\/2023\/10\/taller-segundo.jpg 878w\" sizes=\"(max-width: 300px) 100vw, 300px\" \/><img loading=\"lazy\" class=\"alignnone size-medium wp-image-5039\" src=\"http:\/\/defensoriaparana.com.ar\/wp-content\/uploads\/2023\/10\/taller-segundo-ronda-300x135.jpg\" alt=\"\" width=\"300\" height=\"135\" srcset=\"https:\/\/defensoriaparana.com.ar\/wp-content\/uploads\/2023\/10\/taller-segundo-ronda-300x135.jpg 300w, https:\/\/defensoriaparana.com.ar\/wp-content\/uploads\/2023\/10\/taller-segundo-ronda-1024x461.jpg 1024w, https:\/\/defensoriaparana.com.ar\/wp-content\/uploads\/2023\/10\/taller-segundo-ronda-768x346.jpg 768w, https:\/\/defensoriaparana.com.ar\/wp-content\/uploads\/2023\/10\/taller-segundo-ronda-1536x691.jpg 1536w, https:\/\/defensoriaparana.com.ar\/wp-content\/uploads\/2023\/10\/taller-segundo-ronda-2048x922.jpg 2048w\" sizes=\"(max-width: 300px) 100vw, 300px\" \/><img loading=\"lazy\" class=\"alignnone size-medium wp-image-5040\" src=\"http:\/\/defensoriaparana.com.ar\/wp-content\/uploads\/2023\/10\/taller-segundo2-300x135.jpg\" alt=\"\" width=\"300\" height=\"135\" srcset=\"https:\/\/defensoriaparana.com.ar\/wp-content\/uploads\/2023\/10\/taller-segundo2-300x135.jpg 300w, https:\/\/defensoriaparana.com.ar\/wp-content\/uploads\/2023\/10\/taller-segundo2-1024x461.jpg 1024w, https:\/\/defensoriaparana.com.ar\/wp-content\/uploads\/2023\/10\/taller-segundo2-768x346.jpg 768w, https:\/\/defensoriaparana.com.ar\/wp-content\/uploads\/2023\/10\/taller-segundo2-1536x691.jpg 1536w, https:\/\/defensoriaparana.com.ar\/wp-content\/uploads\/2023\/10\/taller-segundo2-2048x922.jpg 2048w\" sizes=\"(max-width: 300px) 100vw, 300px\" \/><img loading=\"lazy\" class=\"alignnone size-medium wp-image-5041\" src=\"http:\/\/defensoriaparana.com.ar\/wp-content\/uploads\/2023\/10\/taller-segundo-central-300x135.jpg\" alt=\"\" width=\"300\" height=\"135\" srcset=\"https:\/\/defensoriaparana.com.ar\/wp-content\/uploads\/2023\/10\/taller-segundo-central-300x135.jpg 300w, https:\/\/defensoriaparana.com.ar\/wp-content\/uploads\/2023\/10\/taller-segundo-central-1024x461.jpg 1024w, https:\/\/defensoriaparana.com.ar\/wp-content\/uploads\/2023\/10\/taller-segundo-central-768x346.jpg 768w, https:\/\/defensoriaparana.com.ar\/wp-content\/uploads\/2023\/10\/taller-segundo-central-1536x691.jpg 1536w, https:\/\/defensoriaparana.com.ar\/wp-content\/uploads\/2023\/10\/taller-segundo-central-2048x922.jpg 2048w\" sizes=\"(max-width: 300px) 100vw, 300px\" \/><img loading=\"lazy\" class=\"alignnone size-medium wp-image-5042\" src=\"http:\/\/defensoriaparana.com.ar\/wp-content\/uploads\/2023\/10\/taller-otra-300x135.jpg\" alt=\"\" width=\"300\" height=\"135\" srcset=\"https:\/\/defensoriaparana.com.ar\/wp-content\/uploads\/2023\/10\/taller-otra-300x135.jpg 300w, https:\/\/defensoriaparana.com.ar\/wp-content\/uploads\/2023\/10\/taller-otra-1024x461.jpg 1024w, https:\/\/defensoriaparana.com.ar\/wp-content\/uploads\/2023\/10\/taller-otra-768x346.jpg 768w, https:\/\/defensoriaparana.com.ar\/wp-content\/uploads\/2023\/10\/taller-otra-1536x691.jpg 1536w, https:\/\/defensoriaparana.com.ar\/wp-content\/uploads\/2023\/10\/taller-otra-2048x922.jpg 2048w\" sizes=\"(max-width: 300px) 100vw, 300px\" \/><img loading=\"lazy\" class=\"alignnone size-medium wp-image-5043\" src=\"http:\/\/defensoriaparana.com.ar\/wp-content\/uploads\/2023\/10\/taller-300x135.jpg\" alt=\"\" width=\"300\" height=\"135\" srcset=\"https:\/\/defensoriaparana.com.ar\/wp-content\/uploads\/2023\/10\/taller-300x135.jpg 300w, https:\/\/defensoriaparana.com.ar\/wp-content\/uploads\/2023\/10\/taller-1024x461.jpg 1024w, https:\/\/defensoriaparana.com.ar\/wp-content\/uploads\/2023\/10\/taller-768x346.jpg 768w, https:\/\/defensoriaparana.com.ar\/wp-content\/uploads\/2023\/10\/taller-1536x691.jpg 1536w, https:\/\/defensoriaparana.com.ar\/wp-content\/uploads\/2023\/10\/taller-2048x922.jpg 2048w\" sizes=\"(max-width: 300px) 100vw, 300px\" \/><\/div>\n<div dir=\"auto\">El mi\u00e9rcoles 11 fue el turno del taller \u201cComunicaci\u00f3n para la vida\u201d y se trat\u00f3 de un espacio abierto al juego de la palabra. Como en el anterior, tuvo un excelente nivel de participaci\u00f3n y apunt\u00f3 a brindar herramientas para mejorar las relaciones personales a partir de construir comunicaciones asertivas y afectivas. Estuvo a cargo de Mar\u00eda Luz Avellaneda, Lic. en Sistemas de Informaci\u00f3n (UTN), mediadora y ludotecaria, junto a Melania Peirano, facilitadora de Comunicaciones Colaborativas basadas en la Biolog\u00eda Cultural y de Juegos Cooperativos y mediadora.<\/div>\n<\/div>\n<div class=\"x11i5rnm xat24cr x1mh8g0r x1vvkbs xtlvy1s x126k92a\">\n<div dir=\"auto\"><img loading=\"lazy\" class=\"alignnone size-medium wp-image-5049\" src=\"http:\/\/defensoriaparana.com.ar\/wp-content\/uploads\/2023\/10\/taller-segundo-juntos-300x135.jpg\" alt=\"\" width=\"300\" height=\"135\" srcset=\"https:\/\/defensoriaparana.com.ar\/wp-content\/uploads\/2023\/10\/taller-segundo-juntos-300x135.jpg 300w, https:\/\/defensoriaparana.com.ar\/wp-content\/uploads\/2023\/10\/taller-segundo-juntos-1024x461.jpg 1024w, https:\/\/defensoriaparana.com.ar\/wp-content\/uploads\/2023\/10\/taller-segundo-juntos-768x346.jpg 768w, https:\/\/defensoriaparana.com.ar\/wp-content\/uploads\/2023\/10\/taller-segundo-juntos-1536x691.jpg 1536w, https:\/\/defensoriaparana.com.ar\/wp-content\/uploads\/2023\/10\/taller-segundo-juntos-2048x922.jpg 2048w\" sizes=\"(max-width: 300px) 100vw, 300px\" \/><img loading=\"lazy\" class=\"alignnone size-medium wp-image-5048\" src=\"http:\/\/defensoriaparana.com.ar\/wp-content\/uploads\/2023\/10\/taller-segundo-central-2-300x135.jpg\" alt=\"\" width=\"300\" height=\"135\" srcset=\"https:\/\/defensoriaparana.com.ar\/wp-content\/uploads\/2023\/10\/taller-segundo-central-2-300x135.jpg 300w, https:\/\/defensoriaparana.com.ar\/wp-content\/uploads\/2023\/10\/taller-segundo-central-2-1024x461.jpg 1024w, https:\/\/defensoriaparana.com.ar\/wp-content\/uploads\/2023\/10\/taller-segundo-central-2-768x346.jpg 768w, https:\/\/defensoriaparana.com.ar\/wp-content\/uploads\/2023\/10\/taller-segundo-central-2-1536x691.jpg 1536w, https:\/\/defensoriaparana.com.ar\/wp-content\/uploads\/2023\/10\/taller-segundo-central-2-2048x922.jpg 2048w\" sizes=\"(max-width: 300px) 100vw, 300px\" \/><img loading=\"lazy\" class=\"alignnone  wp-image-5046\" src=\"http:\/\/defensoriaparana.com.ar\/wp-content\/uploads\/2023\/10\/taller-todos-300x135.jpg\" alt=\"\" width=\"384\" height=\"173\" srcset=\"https:\/\/defensoriaparana.com.ar\/wp-content\/uploads\/2023\/10\/taller-todos-300x135.jpg 300w, https:\/\/defensoriaparana.com.ar\/wp-content\/uploads\/2023\/10\/taller-todos-1024x461.jpg 1024w, https:\/\/defensoriaparana.com.ar\/wp-content\/uploads\/2023\/10\/taller-todos-768x346.jpg 768w, https:\/\/defensoriaparana.com.ar\/wp-content\/uploads\/2023\/10\/taller-todos-1536x691.jpg 1536w, https:\/\/defensoriaparana.com.ar\/wp-content\/uploads\/2023\/10\/taller-todos-2048x922.jpg 2048w\" sizes=\"(max-width: 384px) 100vw, 384px\" \/>El Ciclo de talleres Di\u00e1logos en la Comunidad se inici\u00f3 en 2015 y desde entonces se realiza ininterrumpidamente en base a distintas propuestas y formatos, aunque conservando siempre la base fundacional que consiste en promover acciones y reflexiones en relaci\u00f3n al abordaje de los conflictos cotidianos y la prevenci\u00f3n de la violencia.<\/div>\n<div dir=\"auto\">La iniciativa, desde el comienzo, viene obteniendo una importante adhesi\u00f3n de parte de la ciudadan\u00eda, por lo que cada a\u00f1o se renueva la convocatoria ampliando las propuestas de temas y alcance.<\/div>\n<\/div>\n","protected":false},"excerpt":{"rendered":"<p>El 4 de octubre se inici\u00f3 el Ciclo de Talleres Di\u00e1logos en la Comunidad 2023 -por noveno a\u00f1o consecutivo- y continu\u00f3 el mi\u00e9rcoles 11, con distintas propuestas que tuvieron una importante adhesi\u00f3n de los participantes. Los pr\u00f3ximos ser\u00e1n este mi\u00e9rcoles 18 y el 25. Se invita a la comunidad a participar en estos espacios abiertos [&hellip;]<\/p>\n","protected":false},"author":2,"featured_media":5049,"comment_status":"open","ping_status":"open","sticky":false,"template":"","format":"standard","meta":{"om_disable_all_campaigns":false,"_monsterinsights_skip_tracking":false,"_monsterinsights_sitenote_active":false,"_monsterinsights_sitenote_note":"","_monsterinsights_sitenote_category":0},"categories":[1],"tags":[],"_links":{"self":[{"href":"https:\/\/defensoriaparana.com.ar\/index.php\/wp-json\/wp\/v2\/posts\/5038"}],"collection":[{"href":"https:\/\/defensoriaparana.com.ar\/index.php\/wp-json\/wp\/v2\/posts"}],"about":[{"href":"https:\/\/defensoriaparana.com.ar\/index.php\/wp-json\/wp\/v2\/types\/post"}],"author":[{"embeddable":true,"href":"https:\/\/defensoriaparana.com.ar\/index.php\/wp-json\/wp\/v2\/users\/2"}],"replies":[{"embeddable":true,"href":"https:\/\/defensoriaparana.com.ar\/index.php\/wp-json\/wp\/v2\/comments?post=5038"}],"version-history":[{"count":1,"href":"https:\/\/defensoriaparana.com.ar\/index.php\/wp-json\/wp\/v2\/posts\/5038\/revisions"}],"predecessor-version":[{"id":5050,"href":"https:\/\/defensoriaparana.com.ar\/index.php\/wp-json\/wp\/v2\/posts\/5038\/revisions\/5050"}],"wp:featuredmedia":[{"embeddable":true,"href":"https:\/\/defensoriaparana.com.ar\/index.php\/wp-json\/wp\/v2\/media\/5049"}],"wp:attachment":[{"href":"https:\/\/defensoriaparana.com.ar\/index.php\/wp-json\/wp\/v2\/media?parent=5038"}],"wp:term":[{"taxonomy":"category","embeddable":true,"href":"https:\/\/defensoriaparana.com.ar\/index.php\/wp-json\/wp\/v2\/categories?post=5038"},{"taxonomy":"post_tag","embeddable":true,"href":"https:\/\/defensoriaparana.com.ar\/index.php\/wp-json\/wp\/v2\/tags?post=5038"}],"curies":[{"name":"wp","href":"https:\/\/api.w.org\/{rel}","templated":true}]}}