{"id":5051,"date":"2023-10-18T17:10:05","date_gmt":"2023-10-18T17:10:05","guid":{"rendered":"http:\/\/defensoriaparana.com.ar\/?p=5051"},"modified":"2023-10-18T17:10:05","modified_gmt":"2023-10-18T17:10:05","slug":"como-reclamar-la-devolucion-del-21-del-iva","status":"publish","type":"post","link":"https:\/\/defensoriaparana.com.ar\/index.php\/2023\/10\/18\/como-reclamar-la-devolucion-del-21-del-iva\/","title":{"rendered":"C\u00f3mo reclamar la devoluci\u00f3n del 21% del IVA"},"content":{"rendered":"<div class=\"xdj266r x11i5rnm xat24cr x1mh8g0r x1vvkbs x126k92a\">\n<div dir=\"auto\"><\/div>\n<div dir=\"auto\">Ante las reiteradas consultas y reclamos sobre la falta de devoluci\u00f3n del 21% del IVA correspondiente a la compra de alimentos de la canasta b\u00e1sica, desde la Delegaci\u00f3n Entre R\u00edos de la Defensor\u00eda del Pueblo de la Naci\u00f3n se sugiere seguir los siguientes pasos:<\/div>\n<\/div>\n<div class=\"x11i5rnm xat24cr x1mh8g0r x1vvkbs xtlvy1s x126k92a\">\n<div dir=\"auto\"><span class=\"x3nfvp2 x1j61x8r x1fcty0u xdj266r xhhsvwb xat24cr xgzva0m xxymvpz xlup9mm x1kky2od\"><img loading=\"lazy\" src=\"https:\/\/static.xx.fbcdn.net\/images\/emoji.php\/v9\/taa\/1.5\/16\/1f449.png\" alt=\"\ud83d\udc49\" width=\"16\" height=\"16\" \/><\/span>1 Consultar si efectivamente se encuentran en el padr\u00f3n de beneficiarios.<\/div>\n<\/div>\n<div class=\"x11i5rnm xat24cr x1mh8g0r x1vvkbs xtlvy1s x126k92a\">\n<div dir=\"auto\"><span class=\"x3nfvp2 x1j61x8r x1fcty0u xdj266r xhhsvwb xat24cr xgzva0m xxymvpz xlup9mm x1kky2od\"><img loading=\"lazy\" src=\"https:\/\/static.xx.fbcdn.net\/images\/emoji.php\/v9\/taa\/1.5\/16\/1f449.png\" alt=\"\ud83d\udc49\" width=\"16\" height=\"16\" \/><\/span>2 Verificar si su CBU est\u00e1 vinculado, ingresando a la AFIP a trav\u00e9s de su clave fiscal. Si est\u00e1 efectivamente vinculado y aun as\u00ed no se hace la devoluci\u00f3n se debe;<\/div>\n<\/div>\n<div class=\"x11i5rnm xat24cr x1mh8g0r x1vvkbs xtlvy1s x126k92a\">\n<div dir=\"auto\"><span class=\"x3nfvp2 x1j61x8r x1fcty0u xdj266r xhhsvwb xat24cr xgzva0m xxymvpz xlup9mm x1kky2od\"><img loading=\"lazy\" src=\"https:\/\/static.xx.fbcdn.net\/images\/emoji.php\/v9\/taa\/1.5\/16\/1f449.png\" alt=\"\ud83d\udc49\" width=\"16\" height=\"16\" \/><\/span>3 Reclamar ante la AFIP: <a class=\"x1i10hfl xjbqb8w x6umtig x1b1mbwd xaqea5y xav7gou x9f619 x1ypdohk xt0psk2 xe8uvvx xdj266r x11i5rnm xat24cr x1mh8g0r xexx8yu x4uap5 x18d9i69 xkhd6sd x16tdsg8 x1hl2dhg xggy1nq x1a2a7pz xt0b8zv x1fey0fg\" tabindex=\"0\" role=\"link\" href=\"https:\/\/l.facebook.com\/l.php?u=https%3A%2F%2Fwww.afip.gob.ar%2Freclamos%2F%3Ffbclid%3DIwAR2n45srW4b9qngCrzlf3b3X7dmCESqrIUE5ANLb_I5jGTQtKfKDqWasGE0&amp;h=AT2ssSiAK3iTgbtjjT2tPvg6vlM-J7luqD7kRRiJjgRkW2CI6Fta3FFg72PLp8QbPftzzYwfKOMELtducFK10z2n24wEZMdNvyPIAH1ln1JqB5oyzRu81hmSjURsxGDjX8c3&amp;__tn__=-UK-R&amp;c[0]=AT2WzqcWen_1pU5gn6u2ntKB9EVLnQdGCZAo9oxJyEO1XCHO6JQ-58OYgShYvuT-u-RGt7E_SF2KBrC--XzNuLILiAcaAdu2CbB5N6dySIGxexU266vvlwKiyYnb-S5Vqw3iuSKFQ0lEsL12E-_lnt144_WIvs4A1q4jpXCHVV_qA6oO32zELEEx6STVHWOa6-YhullUWtR7\" target=\"_blank\" rel=\"nofollow noopener noreferrer\">https:\/\/www.afip.gob.ar\/reclamos\/<\/a> Y tambi\u00e9n efectuar la queja ante los responsables de atenci\u00f3n al usuario de cada banco. Aqu\u00ed, el listado: <a class=\"x1i10hfl xjbqb8w x6umtig x1b1mbwd xaqea5y xav7gou x9f619 x1ypdohk xt0psk2 xe8uvvx xdj266r x11i5rnm xat24cr x1mh8g0r xexx8yu x4uap5 x18d9i69 xkhd6sd x16tdsg8 x1hl2dhg xggy1nq x1a2a7pz xt0b8zv x1fey0fg\" tabindex=\"0\" role=\"link\" href=\"https:\/\/www.bcra.gob.ar\/BCRAyVos\/Responsables-Atencion-cliente-Bancos-companias-financieras.asp?fbclid=IwAR0CdS0YBFyBdZ9aXuQcZukd5ReWKSONsVVZKcuVRjRFfoNMBI17Nh300Ko\" target=\"_blank\" rel=\"nofollow noopener noreferrer\">https:\/\/www.bcra.gob.ar\/&#8230;\/Responsables-Atencion-cliente&#8230;<\/a><\/div>\n<\/div>\n<div class=\"x11i5rnm xat24cr x1mh8g0r x1vvkbs xtlvy1s x126k92a\">\n<div dir=\"auto\">En caso de no obtener respuesta, pueden remitir las quejas a la Oficina Entre R\u00edos de la Defensor\u00eda del Pueblo de la Naci\u00f3n ya sea mediante <span class=\"x3nfvp2 x1j61x8r x1fcty0u xdj266r xhhsvwb xat24cr xgzva0m xxymvpz xlup9mm x1kky2od\"><img loading=\"lazy\" src=\"https:\/\/static.xx.fbcdn.net\/images\/emoji.php\/v9\/t25\/1.5\/16\/27a1.png\" alt=\"\u27a1\ufe0f\" width=\"16\" height=\"16\" \/><\/span>correo electr\u00f3nico a paranadpn@gmail.com<span class=\"x3nfvp2 x1j61x8r x1fcty0u xdj266r xhhsvwb xat24cr xgzva0m xxymvpz xlup9mm x1kky2od\"><img loading=\"lazy\" src=\"https:\/\/static.xx.fbcdn.net\/images\/emoji.php\/v9\/t86\/1.5\/16\/1f4cd.png\" alt=\"\ud83d\udccd\" width=\"16\" height=\"16\" \/><\/span>por whatsapp al 1137625004 o al <span class=\"x3nfvp2 x1j61x8r x1fcty0u xdj266r xhhsvwb xat24cr xgzva0m xxymvpz xlup9mm x1kky2od\"><img loading=\"lazy\" src=\"https:\/\/static.xx.fbcdn.net\/images\/emoji.php\/v9\/taa\/1.5\/16\/1f449.png\" alt=\"\ud83d\udc49\" width=\"16\" height=\"16\" \/><\/span> tel\u00e9fono fijo 0343 4202322. Para ello deben enviar nombre y apellido, copia de DNI y n\u00fameros de reclamo ante AFIP y mail enviado a los responsables de atenci\u00f3n al usuario.<\/div>\n<\/div>\n","protected":false},"excerpt":{"rendered":"<p>Ante las reiteradas consultas y reclamos sobre la falta de devoluci\u00f3n del 21% del IVA correspondiente a la compra de alimentos de la canasta b\u00e1sica, desde la Delegaci\u00f3n Entre R\u00edos de la Defensor\u00eda del Pueblo de la Naci\u00f3n se sugiere seguir los siguientes pasos: 1 Consultar si efectivamente se encuentran en el padr\u00f3n de beneficiarios. [&hellip;]<\/p>\n","protected":false},"author":2,"featured_media":5052,"comment_status":"open","ping_status":"open","sticky":false,"template":"","format":"standard","meta":{"om_disable_all_campaigns":false,"_monsterinsights_skip_tracking":false,"_monsterinsights_sitenote_active":false,"_monsterinsights_sitenote_note":"","_monsterinsights_sitenote_category":0},"categories":[1],"tags":[],"_links":{"self":[{"href":"https:\/\/defensoriaparana.com.ar\/index.php\/wp-json\/wp\/v2\/posts\/5051"}],"collection":[{"href":"https:\/\/defensoriaparana.com.ar\/index.php\/wp-json\/wp\/v2\/posts"}],"about":[{"href":"https:\/\/defensoriaparana.com.ar\/index.php\/wp-json\/wp\/v2\/types\/post"}],"author":[{"embeddable":true,"href":"https:\/\/defensoriaparana.com.ar\/index.php\/wp-json\/wp\/v2\/users\/2"}],"replies":[{"embeddable":true,"href":"https:\/\/defensoriaparana.com.ar\/index.php\/wp-json\/wp\/v2\/comments?post=5051"}],"version-history":[{"count":1,"href":"https:\/\/defensoriaparana.com.ar\/index.php\/wp-json\/wp\/v2\/posts\/5051\/revisions"}],"predecessor-version":[{"id":5053,"href":"https:\/\/defensoriaparana.com.ar\/index.php\/wp-json\/wp\/v2\/posts\/5051\/revisions\/5053"}],"wp:featuredmedia":[{"embeddable":true,"href":"https:\/\/defensoriaparana.com.ar\/index.php\/wp-json\/wp\/v2\/media\/5052"}],"wp:attachment":[{"href":"https:\/\/defensoriaparana.com.ar\/index.php\/wp-json\/wp\/v2\/media?parent=5051"}],"wp:term":[{"taxonomy":"category","embeddable":true,"href":"https:\/\/defensoriaparana.com.ar\/index.php\/wp-json\/wp\/v2\/categories?post=5051"},{"taxonomy":"post_tag","embeddable":true,"href":"https:\/\/defensoriaparana.com.ar\/index.php\/wp-json\/wp\/v2\/tags?post=5051"}],"curies":[{"name":"wp","href":"https:\/\/api.w.org\/{rel}","templated":true}]}}