{"id":5054,"date":"2023-10-19T15:47:09","date_gmt":"2023-10-19T15:47:09","guid":{"rendered":"http:\/\/defensoriaparana.com.ar\/?p=5054"},"modified":"2023-10-19T15:47:09","modified_gmt":"2023-10-19T15:47:09","slug":"autocuidado-y-buen-trato-a-las-personas-mayores-fue-tema-de-una-charla","status":"publish","type":"post","link":"https:\/\/defensoriaparana.com.ar\/index.php\/2023\/10\/19\/autocuidado-y-buen-trato-a-las-personas-mayores-fue-tema-de-una-charla\/","title":{"rendered":"Autocuidado y buen trato a las personas mayores fue tema de una charla"},"content":{"rendered":"<p class=\"Standard\" style=\"text-align: justify; line-height: normal; margin: 0cm -25.8pt .0001pt 0cm;\">\n<p class=\"Standard\" style=\"text-align: justify; line-height: normal; margin: 0cm -25.8pt .0001pt 0cm;\"><span lang=\"ES-MX\" style=\"font-size: 15.0pt;\">\u00a0<\/span><\/p>\n<p class=\"Standard\" style=\"text-align: justify; line-height: normal; margin: 0cm -25.8pt .0001pt 0cm;\"><span lang=\"ES-MX\" style=\"font-size: 15.0pt;\">Con un marcado inter\u00e9s de los asistentes, se desarroll\u00f3 el martes 17 de octubre una charla sobre Autocuidado y buen trato a las personas mayores.<\/span><\/p>\n<p class=\"Standard\" style=\"text-align: justify; line-height: normal; margin: 0cm -25.8pt .0001pt 0cm;\"><span lang=\"ES-MX\" style=\"font-size: 15.0pt;\">\u00a0<\/span><\/p>\n<p class=\"Standard\" style=\"text-align: justify; line-height: normal; margin: 0cm -25.8pt .0001pt 0cm;\"><span lang=\"ES-MX\" style=\"font-size: 15.0pt;\">La actividad fue organizada por la Defensor\u00eda de los Derechos de las Personas Mayores de Paran\u00e1, junto a la Facultad de Ciencias de la Vida y la Salud (FCVyS) de Uader. Tambi\u00e9n particip\u00f3 la Municipalidad de Paran\u00e1. Estuvo dirigida principalmente a empleados municipales y participaron integrantes de distintas instituciones de la ciudad.<\/span><\/p>\n<p><img loading=\"lazy\" class=\"alignnone wp-image-5056 size-large\" src=\"http:\/\/defensoriaparana.com.ar\/wp-content\/uploads\/2023\/10\/ligia-charla-1024x576.jpg\" alt=\"\" width=\"960\" height=\"540\" srcset=\"https:\/\/defensoriaparana.com.ar\/wp-content\/uploads\/2023\/10\/ligia-charla-1024x576.jpg 1024w, https:\/\/defensoriaparana.com.ar\/wp-content\/uploads\/2023\/10\/ligia-charla-300x169.jpg 300w, https:\/\/defensoriaparana.com.ar\/wp-content\/uploads\/2023\/10\/ligia-charla-768x432.jpg 768w, https:\/\/defensoriaparana.com.ar\/wp-content\/uploads\/2023\/10\/ligia-charla-1536x864.jpg 1536w, https:\/\/defensoriaparana.com.ar\/wp-content\/uploads\/2023\/10\/ligia-charla.jpg 1600w\" sizes=\"(max-width: 960px) 100vw, 960px\" \/><\/p>\n<p><strong>Los temas<\/strong><\/p>\n<p class=\"Standard\" style=\"text-align: justify; line-height: normal; margin: 0cm -25.8pt .0001pt 0cm;\"><span lang=\"ES-MX\" style=\"font-size: 15.0pt;\">\u00a0<\/span><\/p>\n<p class=\"Standard\" style=\"text-align: justify; line-height: normal; margin: 0cm -25.8pt .0001pt 0cm;\"><span lang=\"ES-MX\" style=\"font-size: 15.0pt;\">Los cuidados b\u00e1sicos a tener en cuenta, c\u00f3mo alimentarse, hidratarse, descansar y una serie de consejos \u00fatiles para tratar de llevar una vida saludable en base a la realidad de cada uno ocup\u00f3 la primera parte de la charla. Este bloque estuvo a cargo de Dar\u00edo Bejarano, Lic. en Enfermer\u00eda, especialista en cuidados cr\u00edticos y docente de la FCVyS.<\/span><\/p>\n<p class=\"Standard\" style=\"text-align: justify; line-height: normal; margin: 0cm -25.8pt .0001pt 0cm;\"><span lang=\"ES-MX\" style=\"font-size: 15.0pt;\">Seguidamente, el buen trato hacia las personas mayores fue el tema desarrollado por Esteban Sartore, m\u00e9dico geront\u00f3logo e integrante del Departamento de Personas Mayores de la FCVyS. Entre las causas de destrato que suelen sufrir esta poblaci\u00f3n, se mencionaron los prejuicios vigentes en la sociedad y entre ellos, se analiz\u00f3 el edadismo, una manera de discriminar a las personas por su edad. En ese sentido, se convers\u00f3 en profundidad sobre la necesidad de que impere el respecto, la consideraci\u00f3n y la amabilidad en las relaciones humanas de todo tipo, pero principalmente en aquellas que se dan en el marco de la atenci\u00f3n p\u00fablica y de las distintas instituciones. <\/span><\/p>\n<p class=\"Standard\" style=\"text-align: justify; line-height: normal; margin: 0cm -25.8pt .0001pt 0cm;\"><span lang=\"ES-MX\" style=\"font-size: 15.0pt;\">En ambos tramos, la charla tuvo una activa participaci\u00f3n de las personas presentes, quienes realizaron consultas, comentaron sus experiencias y pidieron informaci\u00f3n a los expositores.<\/span><\/p>\n<p class=\"Standard\" style=\"text-align: justify; line-height: normal; margin: 0cm -25.8pt .0001pt 0cm;\"><span lang=\"ES-MX\" style=\"font-size: 15.0pt;\">\u201cLa charla fue muy interesante, muy productiva. Hubo muy buena respuesta de los participantes y mucho intercambio entre ellos y los expositores\u201d, coment\u00f3 Ligia Blanco, Defensora de los Derechos de las Personas Mayores, \u00e1rea que funciona en el \u00e1mbito de la Defensor\u00eda del Pueblo de la Ciudad de Paran\u00e1.<\/span><\/p>\n<p class=\"Standard\" style=\"text-align: justify; line-height: normal; margin: 0cm -25.8pt .0001pt 0cm;\"><span lang=\"ES-MX\" style=\"font-size: 15.0pt;\">Seguidamente, destac\u00f3 que se abordaron los temas considerando la necesidad de \u201cadaptar la concreci\u00f3n de los consejos a la realidad de cada uno. Las personas que tienen una jubilaci\u00f3n m\u00ednima, lamentablemente tienen muchas limitaciones\u201d, apunt\u00f3 la Defensora.<\/span><\/p>\n<div style=\"width: 480px;\" class=\"wp-video\"><!--[if lt IE 9]><script>document.createElement('video');<\/script><![endif]-->\n<video class=\"wp-video-shortcode\" id=\"video-5054-1\" width=\"480\" height=\"864\" preload=\"metadata\" controls=\"controls\"><source type=\"video\/mp4\" src=\"http:\/\/defensoriaparana.com.ar\/wp-content\/uploads\/2023\/10\/WhatsApp-Video-2023-10-19-at-12.36.25-1.mp4?_=1\" \/><a href=\"http:\/\/defensoriaparana.com.ar\/wp-content\/uploads\/2023\/10\/WhatsApp-Video-2023-10-19-at-12.36.25-1.mp4\">http:\/\/defensoriaparana.com.ar\/wp-content\/uploads\/2023\/10\/WhatsApp-Video-2023-10-19-at-12.36.25-1.mp4<\/a><\/video><\/div>\n<p class=\"Standard\" style=\"text-align: justify; line-height: normal; margin: 0cm -25.8pt .0001pt 0cm;\"><span lang=\"ES-MX\" style=\"font-size: 15.0pt;\">Entre los participantes, estuvieron empleados de las \u00e1reas de Despacho de la Subsecretar\u00eda de Cultura y de Obras Sanitarias de Municipalidad de Paran\u00e1. Tambi\u00e9n, del sector administrativo del Centro de Salud municipal San Mart\u00edn, de la Direcci\u00f3n de Archivo General y del Museo de la Ciudad.<\/span><\/p>\n<p class=\"Standard\" style=\"text-align: justify; line-height: normal; margin: 0cm -25.8pt .0001pt 0cm;\"><span lang=\"ES-MX\" style=\"font-size: 15.0pt;\">Entre los presentes, hubo integrantes del Instituto SIRA, cuidadoras domiciliarias, personal de un geri\u00e1trico y estudiantes universitarios, entre ellos de la carrera de Trabajo Social. <\/span><\/p>\n<p class=\"Standard\" style=\"text-align: justify; line-height: normal; margin: 0cm -25.8pt .0001pt 0cm;\"><span lang=\"ES-MX\" style=\"font-size: 15.0pt;\">La actividad se desarroll\u00f3 en la casa de la Asociaci\u00f3n El Recreo, ubicada en calle Alem 354.<\/span><\/p>\n<p>&nbsp;<\/p>\n<p><img loading=\"lazy\" class=\"alignnone wp-image-5057 size-large\" src=\"http:\/\/defensoriaparana.com.ar\/wp-content\/uploads\/2023\/10\/ligia-taller-1-577x1024.jpg\" alt=\"\" width=\"577\" height=\"1024\" srcset=\"https:\/\/defensoriaparana.com.ar\/wp-content\/uploads\/2023\/10\/ligia-taller-1-577x1024.jpg 577w, https:\/\/defensoriaparana.com.ar\/wp-content\/uploads\/2023\/10\/ligia-taller-1-169x300.jpg 169w, https:\/\/defensoriaparana.com.ar\/wp-content\/uploads\/2023\/10\/ligia-taller-1.jpg 721w\" sizes=\"(max-width: 577px) 100vw, 577px\" \/><\/p>\n","protected":false},"excerpt":{"rendered":"<p>\u00a0 Con un marcado inter\u00e9s de los asistentes, se desarroll\u00f3 el martes 17 de octubre una charla sobre Autocuidado y buen trato a las personas mayores. \u00a0 La actividad fue organizada por la Defensor\u00eda de los Derechos de las Personas Mayores de Paran\u00e1, junto a la Facultad de Ciencias de la Vida y la Salud [&hellip;]<\/p>\n","protected":false},"author":2,"featured_media":5056,"comment_status":"open","ping_status":"open","sticky":false,"template":"","format":"standard","meta":{"om_disable_all_campaigns":false,"_monsterinsights_skip_tracking":false,"_monsterinsights_sitenote_active":false,"_monsterinsights_sitenote_note":"","_monsterinsights_sitenote_category":0},"categories":[1],"tags":[],"_links":{"self":[{"href":"https:\/\/defensoriaparana.com.ar\/index.php\/wp-json\/wp\/v2\/posts\/5054"}],"collection":[{"href":"https:\/\/defensoriaparana.com.ar\/index.php\/wp-json\/wp\/v2\/posts"}],"about":[{"href":"https:\/\/defensoriaparana.com.ar\/index.php\/wp-json\/wp\/v2\/types\/post"}],"author":[{"embeddable":true,"href":"https:\/\/defensoriaparana.com.ar\/index.php\/wp-json\/wp\/v2\/users\/2"}],"replies":[{"embeddable":true,"href":"https:\/\/defensoriaparana.com.ar\/index.php\/wp-json\/wp\/v2\/comments?post=5054"}],"version-history":[{"count":1,"href":"https:\/\/defensoriaparana.com.ar\/index.php\/wp-json\/wp\/v2\/posts\/5054\/revisions"}],"predecessor-version":[{"id":5058,"href":"https:\/\/defensoriaparana.com.ar\/index.php\/wp-json\/wp\/v2\/posts\/5054\/revisions\/5058"}],"wp:featuredmedia":[{"embeddable":true,"href":"https:\/\/defensoriaparana.com.ar\/index.php\/wp-json\/wp\/v2\/media\/5056"}],"wp:attachment":[{"href":"https:\/\/defensoriaparana.com.ar\/index.php\/wp-json\/wp\/v2\/media?parent=5054"}],"wp:term":[{"taxonomy":"category","embeddable":true,"href":"https:\/\/defensoriaparana.com.ar\/index.php\/wp-json\/wp\/v2\/categories?post=5054"},{"taxonomy":"post_tag","embeddable":true,"href":"https:\/\/defensoriaparana.com.ar\/index.php\/wp-json\/wp\/v2\/tags?post=5054"}],"curies":[{"name":"wp","href":"https:\/\/api.w.org\/{rel}","templated":true}]}}