{"id":5067,"date":"2023-10-19T13:45:26","date_gmt":"2023-10-19T13:45:26","guid":{"rendered":"http:\/\/defensoriaparana.com.ar\/?p=5067"},"modified":"2023-10-23T13:48:31","modified_gmt":"2023-10-23T13:48:31","slug":"la-defensoria-del-pueblo-estuvo-en-la-vecinal-espejo-2","status":"publish","type":"post","link":"https:\/\/defensoriaparana.com.ar\/index.php\/2023\/10\/19\/la-defensoria-del-pueblo-estuvo-en-la-vecinal-espejo-2\/","title":{"rendered":"La Defensor\u00eda del Pueblo estuvo en la vecinal Espejo"},"content":{"rendered":"<div dir=\"auto\">La oficina m\u00f3vil de la Defensor\u00eda del Pueblo de Paran\u00e1 atendi\u00f3 este jueves consultas y reclamos de la zona de la vecinal Espejo y sectores aleda\u00f1os.<\/div>\n<div dir=\"auto\"><\/div>\n<div dir=\"auto\">La Defensora del Pueblo Adjunta, Cecilia Pautaso, recibi\u00f3 solicitudes referidas a asesoramiento legal en distintas tem\u00e1ticas, tambi\u00e9n a la obtenci\u00f3n y\/o renovaci\u00f3n del Documento Nacional de Identidad (DNI), mediante el certificado de exenci\u00f3n del pago de sellados que expide la Defensor\u00eda del Pueblo a personas de escasos recursos, y cuestiones concernientes al servicio de mediaci\u00f3n, que tiene como centro conflictos entre vecinos.<\/div>\n<div dir=\"auto\"><\/div>\n<div dir=\"auto\">La salida a los barrios es una actividad fundamental para la instituci\u00f3n, ya que es una oportunidad de acercar y facilitar sus servicios a habitantes de distintas zonas de la ciudad, como tambi\u00e9n de informar y promover los derechos ciudadanos y la importancia de conocerlos y exigir su cumplimiento. Al respecto, tambi\u00e9n se explica el rol de la Defensor\u00eda en la defensa de esos derechos.<\/div>\n<div dir=\"auto\">La actividad se desarrolla todos los jueves, en el marco del programa municipal Oficinas en la Comunidad, \u00e1mbito que re\u00fane a \u00e1reas de la comuna, provinciales y nacionales.<\/div>\n<div dir=\"auto\"><\/div>\n<div dir=\"auto\">En esta oportunidad, por primera vez, se sum\u00f3 la Agencia M\u00f3vil de la AFIP, para que vecinos puedan gestionar clave fiscal, registrar datos biom\u00e9tricos y hacer consultas generales sobre diversos tr\u00e1mites. Tambi\u00e9n se brind\u00f3 asistencia sobre c\u00f3mo utilizar los servicios web y aplicaciones de la AFIP.<\/div>\n<div dir=\"auto\"><\/div>\n<div dir=\"auto\">Este jueves se reunieron en Juan de la Cruz al 3441 las siguientes \u00e1reas: Tarjeta Sube, Anses, DNI M\u00f3vil, Oficina de Empleo, Defensa al Consumidor, Centro de Acceso a la Justicia, Ministerio de Salud de la Entre R\u00edos con vacunaciones, la Subsecretar\u00eda de Salud de la Municipalidad con testeos de VIH, el programa Presentes del Consejo General de Educaci\u00f3n (CGE), Inadi, y las subsecretar\u00edas que dependen de la Secretar\u00eda de Pol\u00edticas Sociales, Inclusivas y Comunitarias de la Municipalidad, entre otras.<\/div>\n","protected":false},"excerpt":{"rendered":"<p>La oficina m\u00f3vil de la Defensor\u00eda del Pueblo de Paran\u00e1 atendi\u00f3 este jueves consultas y reclamos de la zona de la vecinal Espejo y sectores aleda\u00f1os. La Defensora del Pueblo Adjunta, Cecilia Pautaso, recibi\u00f3 solicitudes referidas a asesoramiento legal en distintas tem\u00e1ticas, tambi\u00e9n a la obtenci\u00f3n y\/o renovaci\u00f3n del Documento Nacional de Identidad (DNI), mediante [&hellip;]<\/p>\n","protected":false},"author":2,"featured_media":5063,"comment_status":"open","ping_status":"open","sticky":false,"template":"","format":"standard","meta":{"om_disable_all_campaigns":false,"_monsterinsights_skip_tracking":false,"_monsterinsights_sitenote_active":false,"_monsterinsights_sitenote_note":"","_monsterinsights_sitenote_category":0},"categories":[1],"tags":[],"_links":{"self":[{"href":"https:\/\/defensoriaparana.com.ar\/index.php\/wp-json\/wp\/v2\/posts\/5067"}],"collection":[{"href":"https:\/\/defensoriaparana.com.ar\/index.php\/wp-json\/wp\/v2\/posts"}],"about":[{"href":"https:\/\/defensoriaparana.com.ar\/index.php\/wp-json\/wp\/v2\/types\/post"}],"author":[{"embeddable":true,"href":"https:\/\/defensoriaparana.com.ar\/index.php\/wp-json\/wp\/v2\/users\/2"}],"replies":[{"embeddable":true,"href":"https:\/\/defensoriaparana.com.ar\/index.php\/wp-json\/wp\/v2\/comments?post=5067"}],"version-history":[{"count":2,"href":"https:\/\/defensoriaparana.com.ar\/index.php\/wp-json\/wp\/v2\/posts\/5067\/revisions"}],"predecessor-version":[{"id":5069,"href":"https:\/\/defensoriaparana.com.ar\/index.php\/wp-json\/wp\/v2\/posts\/5067\/revisions\/5069"}],"wp:featuredmedia":[{"embeddable":true,"href":"https:\/\/defensoriaparana.com.ar\/index.php\/wp-json\/wp\/v2\/media\/5063"}],"wp:attachment":[{"href":"https:\/\/defensoriaparana.com.ar\/index.php\/wp-json\/wp\/v2\/media?parent=5067"}],"wp:term":[{"taxonomy":"category","embeddable":true,"href":"https:\/\/defensoriaparana.com.ar\/index.php\/wp-json\/wp\/v2\/categories?post=5067"},{"taxonomy":"post_tag","embeddable":true,"href":"https:\/\/defensoriaparana.com.ar\/index.php\/wp-json\/wp\/v2\/tags?post=5067"}],"curies":[{"name":"wp","href":"https:\/\/api.w.org\/{rel}","templated":true}]}}