{"id":5086,"date":"2023-10-26T15:33:01","date_gmt":"2023-10-26T15:33:01","guid":{"rendered":"http:\/\/defensoriaparana.com.ar\/?p=5086"},"modified":"2023-10-26T15:33:01","modified_gmt":"2023-10-26T15:33:01","slug":"la-oficina-movil-atendio-consultas-y-reclamos-de-barrios-de-la-zona-sur","status":"publish","type":"post","link":"https:\/\/defensoriaparana.com.ar\/index.php\/2023\/10\/26\/la-oficina-movil-atendio-consultas-y-reclamos-de-barrios-de-la-zona-sur\/","title":{"rendered":"La oficina m\u00f3vil atendi\u00f3 consultas y reclamos de barrios de la zona sur"},"content":{"rendered":"<p>La Defensor\u00eda del Pueblo de la Ciudad de Paran\u00e1 estuvo este jueves en la plaza Corbeta Ara Guerrico, en la zona de Juan Garrig\u00f3 y Miguel David.<\/p>\n<p>La Defensora del Pueblo Adjunta, Cecilia Pautaso, estuvo al frente de la atenci\u00f3n de la oficina hasta donde llegaron vecinos tanto plantear reclamos como tambi\u00e9n en busca de informaci\u00f3n u orientaci\u00f3n sobre distintos temas. Entre los casos recibidos, se pueden mencionar solicitudes relacionadas al derecho de identidad y respecto de tr\u00e1mites de personas migrantes.<\/p>\n<p>Cada semana, los d\u00edas jueves, la Defensor\u00eda del Pueblo participa de una jornada de atenci\u00f3n a la comunidad que re\u00fane a \u00e1reas municipales, provinciales y nacionales. La actividad tiene el fin de acercar los servicios a las distintas zonas de la ciudad.<\/p>\n<p>La salida a los barrios es un aspecto fundamental para la instituci\u00f3n, ya que constituye una de sus objetivos b\u00e1sicos del trabajo en el marco del programa \u201cLa Defensor\u00eda al encuentro\u201d de la ciudadan\u00eda.<\/p>\n<p>Entre las oficinas que participan de las jornadas est\u00e1n: Anses, Tarjeta Sube, DNI M\u00f3vil, Oficina de Empleo, Defensa al Consumidor, Centro de Acceso a la Justicia, Ministerio de Salud de la Entre R\u00edos con vacunaciones, la Subsecretar\u00eda de Salud de la Municipalidad con testeos de VIH, el programa Presentes del Consejo General de Educaci\u00f3n (CGE), Inadi, y las subsecretar\u00edas que dependen de la Secretar\u00eda de Pol\u00edticas Sociales, Inclusivas y Comunitarias de la Municipalidad.<\/p>\n<p>Los temas<\/p>\n<p>Se recuerda que la Defensor\u00eda del Pueblo puede intervenir en problemas e inquietudes respecto a: servicios p\u00fablicos, tasas municipales, impuestos y tarifas; instituciones de salud; entidades bancarias; transporte p\u00fablico y tr\u00e1nsito; obras p\u00fablicas; violaci\u00f3n de los derechos humanos y situaci\u00f3n de discriminaci\u00f3n; ocupaci\u00f3n de la v\u00eda p\u00fablica; contaminaci\u00f3n ambiental, entre otros casos de vulneraci\u00f3n de derechos.<\/p>\n<p>En tanto, el Centro de Mediaci\u00f3n de la instituci\u00f3n atiende conflictos comunitarios surgidos por divergencias en torno a, por ejemplo, medianeras, filtraciones de humedad, ruidos molestos, inconvenientes ocasionados por mascotas, construcciones. Tambi\u00e9n, situaciones generadas en el marco de la convivencia en el barrio.<\/p>\n<p>La mediaci\u00f3n se propone como un espacio de encuentro entre las personas que mantienen un conflicto, acompa\u00f1ados por los mediadores, quienes crean el clima adecuado para que puedan dialogar sobre las cuestiones que les preocupan, en un \u00e1mbito de respeto y comprensi\u00f3n mutua.<\/p>\n<p>A trav\u00e9s de la Defensor\u00eda de los Derechos de las Personas Mayores se atienden las distintas problem\u00e1ticas que afectan a esta importante poblaci\u00f3n.<\/p>\n<p>En tanto, los temas de jurisdicci\u00f3n nacional son abordados por la Oficina de la Defensor\u00eda del Pueblo de la Naci\u00f3n, delegaci\u00f3n Entre R\u00edos. El \u00e1rea funciona desde 2010 en la sede de la Defensor\u00eda del Pueblo de Paran\u00e1 mediante un convenio de colaboraci\u00f3n entre ambas instituciones.<\/p>\n<p><strong>\u00a0<\/strong><\/p>\n","protected":false},"excerpt":{"rendered":"<p>La Defensor\u00eda del Pueblo de la Ciudad de Paran\u00e1 estuvo este jueves en la plaza Corbeta Ara Guerrico, en la zona de Juan Garrig\u00f3 y Miguel David. La Defensora del Pueblo Adjunta, Cecilia Pautaso, estuvo al frente de la atenci\u00f3n de la oficina hasta donde llegaron vecinos tanto plantear reclamos como tambi\u00e9n en busca de [&hellip;]<\/p>\n","protected":false},"author":2,"featured_media":5084,"comment_status":"open","ping_status":"open","sticky":false,"template":"","format":"standard","meta":{"om_disable_all_campaigns":false,"_monsterinsights_skip_tracking":false,"_monsterinsights_sitenote_active":false,"_monsterinsights_sitenote_note":"","_monsterinsights_sitenote_category":0},"categories":[1],"tags":[],"_links":{"self":[{"href":"https:\/\/defensoriaparana.com.ar\/index.php\/wp-json\/wp\/v2\/posts\/5086"}],"collection":[{"href":"https:\/\/defensoriaparana.com.ar\/index.php\/wp-json\/wp\/v2\/posts"}],"about":[{"href":"https:\/\/defensoriaparana.com.ar\/index.php\/wp-json\/wp\/v2\/types\/post"}],"author":[{"embeddable":true,"href":"https:\/\/defensoriaparana.com.ar\/index.php\/wp-json\/wp\/v2\/users\/2"}],"replies":[{"embeddable":true,"href":"https:\/\/defensoriaparana.com.ar\/index.php\/wp-json\/wp\/v2\/comments?post=5086"}],"version-history":[{"count":1,"href":"https:\/\/defensoriaparana.com.ar\/index.php\/wp-json\/wp\/v2\/posts\/5086\/revisions"}],"predecessor-version":[{"id":5087,"href":"https:\/\/defensoriaparana.com.ar\/index.php\/wp-json\/wp\/v2\/posts\/5086\/revisions\/5087"}],"wp:featuredmedia":[{"embeddable":true,"href":"https:\/\/defensoriaparana.com.ar\/index.php\/wp-json\/wp\/v2\/media\/5084"}],"wp:attachment":[{"href":"https:\/\/defensoriaparana.com.ar\/index.php\/wp-json\/wp\/v2\/media?parent=5086"}],"wp:term":[{"taxonomy":"category","embeddable":true,"href":"https:\/\/defensoriaparana.com.ar\/index.php\/wp-json\/wp\/v2\/categories?post=5086"},{"taxonomy":"post_tag","embeddable":true,"href":"https:\/\/defensoriaparana.com.ar\/index.php\/wp-json\/wp\/v2\/tags?post=5086"}],"curies":[{"name":"wp","href":"https:\/\/api.w.org\/{rel}","templated":true}]}}