{"id":5088,"date":"2023-10-27T15:07:49","date_gmt":"2023-10-27T15:07:49","guid":{"rendered":"http:\/\/defensoriaparana.com.ar\/?p=5088"},"modified":"2023-10-27T15:08:00","modified_gmt":"2023-10-27T15:08:00","slug":"concluyo-el-ciclo-de-talleres-abiertos-dialogos-en-la-comunidad-con-una-notable-participacion","status":"publish","type":"post","link":"https:\/\/defensoriaparana.com.ar\/index.php\/2023\/10\/27\/concluyo-el-ciclo-de-talleres-abiertos-dialogos-en-la-comunidad-con-una-notable-participacion\/","title":{"rendered":"Concluy\u00f3 el ciclo de talleres abiertos Di\u00e1logos en la Comunidad con una notable participaci\u00f3n"},"content":{"rendered":"<p>\u201cNutri\u00f3 el intelecto tanto como al coraz\u00f3n\u201d, \u201cfue una experiencia hermosa, enriquecedora\u201d, \u201cun encuentro muy productivo\u201d, fueron algunas de las opiniones de los participantes del Ciclo de Talleres Abiertos Di\u00e1logos en la Comunidad, desarrollado en octubre.<\/p>\n<p>Se trat\u00f3 de la novena edici\u00f3n de la actividad, que se realiza desde 2015 ininterrumpidamente ante los excelentes resultados obtenidos, la recepci\u00f3n y adhesi\u00f3n de la comunidad. Cabe destacar que es una instancia abierta y gratuita que ofrece la Defensor\u00eda del Pueblo de Paran\u00e1.<\/p>\n<p>El ciclo es organizado por el Centro de Mediaci\u00f3n de la Defensor\u00eda del Pueblo y, en casi una d\u00e9cada, ha tenido distintos formatos y propuestas, conservando siempre la base fundacional que consiste en promover acciones y reflexiones en relaci\u00f3n al abordaje pac\u00edfico de los conflictos cotidianos y la prevenci\u00f3n de la violencia.<\/p>\n<p>Justamente, la iniciativa se centra en brindar recursos y habilidades sociales para la convivencia a trav\u00e9s de instancias participativas, din\u00e1micas y reflexivas.<\/p>\n<p>En esta oportunidad, se organizaron cuatro talleres que ocuparon los mi\u00e9rcoles de octubre y cuyos t\u00edtulos y docentes fueron los siguientes: \u201cCirculando palabras y emociones\u201d, a cargo de Ana Mar\u00eda Fava y Mar\u00eda Elida Mercado; \u201cComunicaci\u00f3n para la vida\u201d, con Mar\u00eda Luz Avellaneda y Melania Peirano; \u201cContribuciones a la paz desde nuestra propia paz\u201d, en manos de Mar\u00eda Isabel Budini Abib y Flavia Lorena Pereyra y \u201cCo-creando l\u00edderes antibullyng\u201d, con Mar\u00eda Eugenia Collado y Emilio Ruberto.<\/p>\n<p>\u201cFue una experiencia muy valiosa, gratificante. Cada a\u00f1o de Di\u00e1logos en la Comunidad suma conocimiento, experiencias y aportes distintos, constructivos. Tambi\u00e9n suma participantes, ya que se trata de una propuesta abierta a la comunidad que pretende contribuir a una buena convivencia en distintos \u00e1mbitos\u201d, expres\u00f3 Irina Chausovsky, Coordinadora del Centro de Mediaci\u00f3n de la Defensor\u00eda.<\/p>\n<p>La Coordinadora destac\u00f3 especialmente en esta edici\u00f3n el hecho de que los docentes hayan sido mediadores y mediadoras del Registro voluntario de la Defensor\u00eda del Pueblo. \u201cEstamos muy agradecidos y es un orgullo haber podido ofrecer a la comunidad cuatro propuestas valios\u00edsimas con el aporte de mediadores y mediadoras de nuestro Registro quienes, a su compromiso habitual con la mediaci\u00f3n, sumaron estos espacios\u201d, sostuvo.<\/p>\n<p>Por \u00faltimo, agradeci\u00f3 tambi\u00e9n a las autoridades de la Biblioteca Provincial de Entre R\u00edos por haber cedido el espacio para la concreci\u00f3n de los talleres, que result\u00f3 sumamente adecuado y acogedor.<\/p>\n<p>.<\/p>\n<p><strong>Los talleres obtuvieron un reconocimiento nacional<\/strong><\/p>\n<p>.<\/p>\n<p>El Ciclo Di\u00e1logos en la Comunidad fue incluido en la Ruta de la Paz Argentina 2023, movimiento internacional que propone desarrollar iniciativas de paz en cada provincia de nuestro pa\u00eds. Se trata de acciones solidarias, ecol\u00f3gicas, educativas, art\u00edsticas, deportivas, interreligiosas o interculturales, tur\u00edsticas-productivas, con foco en el bien com\u00fan y la dignidad de cada persona. En este caso, los talleres fueron considerados una valiosa instancia de promoci\u00f3n de la convivencia pac\u00edfica y por ello incluidos en la Ruta de la Paz.<\/p>\n<p>El movimiento surgi\u00f3 en 2015 promovido mundialmente por la Universal Peace Federation (UPF) y otras entidades internacionales. La Ruta de la Paz o Peace Road genera marchas y movilizaciones en pa\u00edses de todas las regiones con el lema \u201cConectar el mundo a trav\u00e9s de la Paz\u201d e involucra a organizaciones de la sociedad civil, sector p\u00fablico y privado, locales e internacionales, entendiendo que la paz es una construcci\u00f3n colectiva, cotidiana y permanente.<\/p>\n<p><strong>Im\u00e1genes del cuarto taller<\/strong><\/p>\n<p><img loading=\"lazy\" class=\"alignnone wp-image-5111 size-large\" src=\"http:\/\/defensoriaparana.com.ar\/wp-content\/uploads\/2023\/10\/cuarto-t-1024x461.jpg\" alt=\"\" width=\"960\" height=\"432\" srcset=\"https:\/\/defensoriaparana.com.ar\/wp-content\/uploads\/2023\/10\/cuarto-t-1024x461.jpg 1024w, https:\/\/defensoriaparana.com.ar\/wp-content\/uploads\/2023\/10\/cuarto-t-300x135.jpg 300w, https:\/\/defensoriaparana.com.ar\/wp-content\/uploads\/2023\/10\/cuarto-t-768x346.jpg 768w, https:\/\/defensoriaparana.com.ar\/wp-content\/uploads\/2023\/10\/cuarto-t-1536x691.jpg 1536w, https:\/\/defensoriaparana.com.ar\/wp-content\/uploads\/2023\/10\/cuarto-t-2048x922.jpg 2048w\" sizes=\"(max-width: 960px) 100vw, 960px\" \/><\/p>\n<p><img loading=\"lazy\" class=\"alignnone wp-image-5109 size-large\" src=\"http:\/\/defensoriaparana.com.ar\/wp-content\/uploads\/2023\/10\/cuarto-t-2-1024x461.jpg\" alt=\"\" width=\"960\" height=\"432\" srcset=\"https:\/\/defensoriaparana.com.ar\/wp-content\/uploads\/2023\/10\/cuarto-t-2-1024x461.jpg 1024w, https:\/\/defensoriaparana.com.ar\/wp-content\/uploads\/2023\/10\/cuarto-t-2-300x135.jpg 300w, https:\/\/defensoriaparana.com.ar\/wp-content\/uploads\/2023\/10\/cuarto-t-2-768x346.jpg 768w, https:\/\/defensoriaparana.com.ar\/wp-content\/uploads\/2023\/10\/cuarto-t-2-1536x691.jpg 1536w, https:\/\/defensoriaparana.com.ar\/wp-content\/uploads\/2023\/10\/cuarto-t-2-2048x922.jpg 2048w\" sizes=\"(max-width: 960px) 100vw, 960px\" \/><\/p>\n<p><img loading=\"lazy\" class=\"alignnone wp-image-5108 size-large\" src=\"http:\/\/defensoriaparana.com.ar\/wp-content\/uploads\/2023\/10\/cuarto-t-3-1024x461.jpg\" alt=\"\" width=\"960\" height=\"432\" srcset=\"https:\/\/defensoriaparana.com.ar\/wp-content\/uploads\/2023\/10\/cuarto-t-3-1024x461.jpg 1024w, https:\/\/defensoriaparana.com.ar\/wp-content\/uploads\/2023\/10\/cuarto-t-3-300x135.jpg 300w, https:\/\/defensoriaparana.com.ar\/wp-content\/uploads\/2023\/10\/cuarto-t-3-768x346.jpg 768w, https:\/\/defensoriaparana.com.ar\/wp-content\/uploads\/2023\/10\/cuarto-t-3-1536x691.jpg 1536w, https:\/\/defensoriaparana.com.ar\/wp-content\/uploads\/2023\/10\/cuarto-t-3-2048x922.jpg 2048w\" sizes=\"(max-width: 960px) 100vw, 960px\" \/><\/p>\n<p><img loading=\"lazy\" class=\"alignnone wp-image-5102 size-large\" src=\"http:\/\/defensoriaparana.com.ar\/wp-content\/uploads\/2023\/10\/cuarto-taller-central-central-va-1024x461.jpg\" alt=\"\" width=\"960\" height=\"432\" srcset=\"https:\/\/defensoriaparana.com.ar\/wp-content\/uploads\/2023\/10\/cuarto-taller-central-central-va-1024x461.jpg 1024w, https:\/\/defensoriaparana.com.ar\/wp-content\/uploads\/2023\/10\/cuarto-taller-central-central-va-300x135.jpg 300w, https:\/\/defensoriaparana.com.ar\/wp-content\/uploads\/2023\/10\/cuarto-taller-central-central-va-768x346.jpg 768w, https:\/\/defensoriaparana.com.ar\/wp-content\/uploads\/2023\/10\/cuarto-taller-central-central-va-1536x691.jpg 1536w, https:\/\/defensoriaparana.com.ar\/wp-content\/uploads\/2023\/10\/cuarto-taller-central-central-va-2048x922.jpg 2048w\" sizes=\"(max-width: 960px) 100vw, 960px\" \/><\/p>\n<p><img loading=\"lazy\" class=\"alignnone wp-image-5103 size-large\" src=\"http:\/\/defensoriaparana.com.ar\/wp-content\/uploads\/2023\/10\/cuarto-t-docentes-1024x461.jpg\" alt=\"\" width=\"960\" height=\"432\" srcset=\"https:\/\/defensoriaparana.com.ar\/wp-content\/uploads\/2023\/10\/cuarto-t-docentes-1024x461.jpg 1024w, https:\/\/defensoriaparana.com.ar\/wp-content\/uploads\/2023\/10\/cuarto-t-docentes-300x135.jpg 300w, https:\/\/defensoriaparana.com.ar\/wp-content\/uploads\/2023\/10\/cuarto-t-docentes-768x346.jpg 768w, https:\/\/defensoriaparana.com.ar\/wp-content\/uploads\/2023\/10\/cuarto-t-docentes-1536x691.jpg 1536w, https:\/\/defensoriaparana.com.ar\/wp-content\/uploads\/2023\/10\/cuarto-t-docentes-2048x922.jpg 2048w\" sizes=\"(max-width: 960px) 100vw, 960px\" \/><\/p>\n<p><img loading=\"lazy\" class=\"alignnone wp-image-5107 size-large\" src=\"http:\/\/defensoriaparana.com.ar\/wp-content\/uploads\/2023\/10\/cuarto-t-4-1024x461.jpg\" alt=\"\" width=\"960\" height=\"432\" srcset=\"https:\/\/defensoriaparana.com.ar\/wp-content\/uploads\/2023\/10\/cuarto-t-4-1024x461.jpg 1024w, https:\/\/defensoriaparana.com.ar\/wp-content\/uploads\/2023\/10\/cuarto-t-4-300x135.jpg 300w, https:\/\/defensoriaparana.com.ar\/wp-content\/uploads\/2023\/10\/cuarto-t-4-768x346.jpg 768w, https:\/\/defensoriaparana.com.ar\/wp-content\/uploads\/2023\/10\/cuarto-t-4-1536x691.jpg 1536w, https:\/\/defensoriaparana.com.ar\/wp-content\/uploads\/2023\/10\/cuarto-t-4-2048x922.jpg 2048w\" sizes=\"(max-width: 960px) 100vw, 960px\" \/><\/p>\n<p><strong>Im\u00e1genes del tercer taller<\/strong><\/p>\n<p><img loading=\"lazy\" class=\"alignnone wp-image-5093 size-large\" src=\"http:\/\/defensoriaparana.com.ar\/wp-content\/uploads\/2023\/10\/3-taller-general-1024x461.jpg\" alt=\"\" width=\"960\" height=\"432\" srcset=\"https:\/\/defensoriaparana.com.ar\/wp-content\/uploads\/2023\/10\/3-taller-general-1024x461.jpg 1024w, https:\/\/defensoriaparana.com.ar\/wp-content\/uploads\/2023\/10\/3-taller-general-300x135.jpg 300w, https:\/\/defensoriaparana.com.ar\/wp-content\/uploads\/2023\/10\/3-taller-general-768x346.jpg 768w, https:\/\/defensoriaparana.com.ar\/wp-content\/uploads\/2023\/10\/3-taller-general-1536x692.jpg 1536w, https:\/\/defensoriaparana.com.ar\/wp-content\/uploads\/2023\/10\/3-taller-general.jpg 2048w\" sizes=\"(max-width: 960px) 100vw, 960px\" \/><\/p>\n<p><img loading=\"lazy\" class=\"alignnone wp-image-5089 size-large\" src=\"http:\/\/defensoriaparana.com.ar\/wp-content\/uploads\/2023\/10\/3-otra-otra-general-1024x461.jpg\" alt=\"\" width=\"960\" height=\"432\" srcset=\"https:\/\/defensoriaparana.com.ar\/wp-content\/uploads\/2023\/10\/3-otra-otra-general-1024x461.jpg 1024w, https:\/\/defensoriaparana.com.ar\/wp-content\/uploads\/2023\/10\/3-otra-otra-general-300x135.jpg 300w, https:\/\/defensoriaparana.com.ar\/wp-content\/uploads\/2023\/10\/3-otra-otra-general-768x346.jpg 768w, https:\/\/defensoriaparana.com.ar\/wp-content\/uploads\/2023\/10\/3-otra-otra-general-1536x692.jpg 1536w, https:\/\/defensoriaparana.com.ar\/wp-content\/uploads\/2023\/10\/3-otra-otra-general.jpg 2048w\" sizes=\"(max-width: 960px) 100vw, 960px\" \/><\/p>\n<p><img loading=\"lazy\" class=\"alignnone wp-image-5090 size-large\" src=\"http:\/\/defensoriaparana.com.ar\/wp-content\/uploads\/2023\/10\/3-docente-1024x461.jpg\" alt=\"\" width=\"960\" height=\"432\" srcset=\"https:\/\/defensoriaparana.com.ar\/wp-content\/uploads\/2023\/10\/3-docente-1024x461.jpg 1024w, https:\/\/defensoriaparana.com.ar\/wp-content\/uploads\/2023\/10\/3-docente-300x135.jpg 300w, https:\/\/defensoriaparana.com.ar\/wp-content\/uploads\/2023\/10\/3-docente-768x346.jpg 768w, https:\/\/defensoriaparana.com.ar\/wp-content\/uploads\/2023\/10\/3-docente-1536x692.jpg 1536w, https:\/\/defensoriaparana.com.ar\/wp-content\/uploads\/2023\/10\/3-docente.jpg 2048w\" sizes=\"(max-width: 960px) 100vw, 960px\" \/><\/p>\n<p><img loading=\"lazy\" class=\"alignnone wp-image-5092 size-large\" src=\"http:\/\/defensoriaparana.com.ar\/wp-content\/uploads\/2023\/10\/3-todos-al-final-1024x461.jpg\" alt=\"\" width=\"960\" height=\"432\" srcset=\"https:\/\/defensoriaparana.com.ar\/wp-content\/uploads\/2023\/10\/3-todos-al-final-1024x461.jpg 1024w, https:\/\/defensoriaparana.com.ar\/wp-content\/uploads\/2023\/10\/3-todos-al-final-300x135.jpg 300w, https:\/\/defensoriaparana.com.ar\/wp-content\/uploads\/2023\/10\/3-todos-al-final-768x346.jpg 768w, https:\/\/defensoriaparana.com.ar\/wp-content\/uploads\/2023\/10\/3-todos-al-final-1536x692.jpg 1536w, https:\/\/defensoriaparana.com.ar\/wp-content\/uploads\/2023\/10\/3-todos-al-final.jpg 2048w\" sizes=\"(max-width: 960px) 100vw, 960px\" \/><\/p>\n","protected":false},"excerpt":{"rendered":"<p>\u201cNutri\u00f3 el intelecto tanto como al coraz\u00f3n\u201d, \u201cfue una experiencia hermosa, enriquecedora\u201d, \u201cun encuentro muy productivo\u201d, fueron algunas de las opiniones de los participantes del Ciclo de Talleres Abiertos Di\u00e1logos en la Comunidad, desarrollado en octubre. Se trat\u00f3 de la novena edici\u00f3n de la actividad, que se realiza desde 2015 ininterrumpidamente ante los excelentes resultados [&hellip;]<\/p>\n","protected":false},"author":2,"featured_media":5104,"comment_status":"open","ping_status":"open","sticky":false,"template":"","format":"standard","meta":{"om_disable_all_campaigns":false,"_monsterinsights_skip_tracking":false,"_monsterinsights_sitenote_active":false,"_monsterinsights_sitenote_note":"","_monsterinsights_sitenote_category":0},"categories":[1],"tags":[],"_links":{"self":[{"href":"https:\/\/defensoriaparana.com.ar\/index.php\/wp-json\/wp\/v2\/posts\/5088"}],"collection":[{"href":"https:\/\/defensoriaparana.com.ar\/index.php\/wp-json\/wp\/v2\/posts"}],"about":[{"href":"https:\/\/defensoriaparana.com.ar\/index.php\/wp-json\/wp\/v2\/types\/post"}],"author":[{"embeddable":true,"href":"https:\/\/defensoriaparana.com.ar\/index.php\/wp-json\/wp\/v2\/users\/2"}],"replies":[{"embeddable":true,"href":"https:\/\/defensoriaparana.com.ar\/index.php\/wp-json\/wp\/v2\/comments?post=5088"}],"version-history":[{"count":1,"href":"https:\/\/defensoriaparana.com.ar\/index.php\/wp-json\/wp\/v2\/posts\/5088\/revisions"}],"predecessor-version":[{"id":5112,"href":"https:\/\/defensoriaparana.com.ar\/index.php\/wp-json\/wp\/v2\/posts\/5088\/revisions\/5112"}],"wp:featuredmedia":[{"embeddable":true,"href":"https:\/\/defensoriaparana.com.ar\/index.php\/wp-json\/wp\/v2\/media\/5104"}],"wp:attachment":[{"href":"https:\/\/defensoriaparana.com.ar\/index.php\/wp-json\/wp\/v2\/media?parent=5088"}],"wp:term":[{"taxonomy":"category","embeddable":true,"href":"https:\/\/defensoriaparana.com.ar\/index.php\/wp-json\/wp\/v2\/categories?post=5088"},{"taxonomy":"post_tag","embeddable":true,"href":"https:\/\/defensoriaparana.com.ar\/index.php\/wp-json\/wp\/v2\/tags?post=5088"}],"curies":[{"name":"wp","href":"https:\/\/api.w.org\/{rel}","templated":true}]}}