{"id":5117,"date":"2023-11-01T14:28:26","date_gmt":"2023-11-01T14:28:26","guid":{"rendered":"http:\/\/defensoriaparana.com.ar\/?p=5117"},"modified":"2023-11-01T14:30:15","modified_gmt":"2023-11-01T14:30:15","slug":"hoy-se-celebra-el-dia-del-mediador-comunitario-y-los-20-anos-de-funcionamiento-del-centro-de-mediacion","status":"publish","type":"post","link":"https:\/\/defensoriaparana.com.ar\/index.php\/2023\/11\/01\/hoy-se-celebra-el-dia-del-mediador-comunitario-y-los-20-anos-de-funcionamiento-del-centro-de-mediacion\/","title":{"rendered":"Hoy se celebra el D\u00eda del Mediador Comunitario y los 20 a\u00f1os de funcionamiento del Centro de Mediaci\u00f3n"},"content":{"rendered":"<p>Dos celebraciones de relevancia para la Defensor\u00eda del Pueblo de la Ciudad de Paran\u00e1 se conjugan este 1\u00b0 de noviembre: el D\u00eda del Mediador Comunitario y los 20 a\u00f1os de funcionamiento del Centro de Mediaci\u00f3n de la instituci\u00f3n.<\/p>\n<p>El reconocimiento a los mediadores y mediadoras fue establecido, mediante la ordenanza N\u00b0 9117 de 2013, el primer d\u00eda de noviembre en conmemoraci\u00f3n del inicio del Centro de Mediaci\u00f3n, en 2003. Y la medida fue a modo de homenaje a la valiosa dedicaci\u00f3n de los m\u00e1s de un centenar de personas que integran cada a\u00f1o el Registro de Mediadores Comunitarios Voluntarios y Ad honorem de la Defensor\u00eda del Pueblo.<\/p>\n<p>El trabajo voluntario, silencioso y de gran val\u00eda, el compromiso y la vocaci\u00f3n por el di\u00e1logo y la convivencia pac\u00edfica son parte de los aspectos destacados de quienes integran actualmente el Registro de Mediadores \u2013algunos desde los primeros a\u00f1os- y de aquellos que han participado de la n\u00f3mina en distintos per\u00edodos.<\/p>\n<p>Son m\u00e1s de 500 personas las que han pasado por el Registro a lo largo de estas dos d\u00e9cadas.<\/p>\n<p><img loading=\"lazy\" class=\"alignnone wp-image-5120 size-large\" src=\"http:\/\/defensoriaparana.com.ar\/wp-content\/uploads\/2023\/11\/Mediadores-comunitarios-1024x768.jpg\" alt=\"\" width=\"960\" height=\"720\" srcset=\"https:\/\/defensoriaparana.com.ar\/wp-content\/uploads\/2023\/11\/Mediadores-comunitarios-1024x768.jpg 1024w, https:\/\/defensoriaparana.com.ar\/wp-content\/uploads\/2023\/11\/Mediadores-comunitarios-300x225.jpg 300w, https:\/\/defensoriaparana.com.ar\/wp-content\/uploads\/2023\/11\/Mediadores-comunitarios-768x576.jpg 768w, https:\/\/defensoriaparana.com.ar\/wp-content\/uploads\/2023\/11\/Mediadores-comunitarios-1536x1152.jpg 1536w, https:\/\/defensoriaparana.com.ar\/wp-content\/uploads\/2023\/11\/Mediadores-comunitarios.jpg 1600w\" sizes=\"(max-width: 960px) 100vw, 960px\" \/><\/p>\n<p>A todos ellos, la Defensor\u00eda del Pueblo saluda, agradece y destaca el trabajo generoso y comprometido, que permite a la instituci\u00f3n brindar un servicio de calidad y gratuito a la comunidad, fundado en el di\u00e1logo y en la resoluci\u00f3n pac\u00edfica y colaborativa de los conflictos de convivencia, brindando su tiempo y dedicaci\u00f3n tanto para mediar en los conflictos que recibe la Defensor\u00eda \u2013medio millar promedio al a\u00f1o-, como tambi\u00e9n cumpliendo con las instancias de capacitaci\u00f3n permanente y reflexi\u00f3n sobre la pr\u00e1ctica de la disciplina que ofrece y exige la instituci\u00f3n con el fin de resguardar la calidad del servicio.<\/p>\n<p>Es de destacar adem\u00e1s la activa participaci\u00f3n del grupo de mediadores en distintas actividades comunitarias \u2013rondas de escucha, pintura de murales, colectas, jornadas y trabajo en barrios VER- encaradas por el Centro de Mediaci\u00f3n.<\/p>\n<p>A todos ellos, la Defensor\u00eda del Pueblo saluda, agradece y destaca el trabajo generoso y comprometido, que permite a la instituci\u00f3n brindar un servicio de calidad y gratuito a la comunidad, fundado en el di\u00e1logo y en la resoluci\u00f3n pac\u00edfica y colaborativa de los conflictos de convivencia.<\/p>\n<p>El reconocimiento y un especial agradecimiento en este d\u00eda es tambi\u00e9n para Martha Arr\u00edas Pab\u00f3n, la primera Coordinadora del Centro de Mediaci\u00f3n y creadora del Registro de Mediadores Comunitarios Voluntario, una modalidad de trabajo in\u00e9dita iniciada en noviembre de 2003 que ha tenido una importante evoluci\u00f3n y crecimiento en el tiempo.<\/p>\n<p>As\u00ed, con esta impronta, con la labor incesante y las caracter\u00edsticas de ser el m\u00e1s numeroso del pa\u00eds \u2013m\u00e1s de cien mediadores y mediadoras se anotan por a\u00f1o-, su conformaci\u00f3n multidisciplinaria \u2013confluyen personas con distintos oficios y profesiones- y su condici\u00f3n de ad honorem-, ubican al Registro de Paran\u00e1 en un lugar destacado en el \u00e1mbito nacional y en otros pa\u00edses. Es considerado \u201cun modelo\u201d a seguir.<\/p>\n<p>A continuaci\u00f3n, un video con mensajes de mediadores y capacitadores de reconocida y vasta trayectoria que han acompa\u00f1ado el crecimiento del Centro en estos 20 a\u00f1os de historia.<\/p>\n<div style=\"width: 960px;\" class=\"wp-video\"><!--[if lt IE 9]><script>document.createElement('video');<\/script><![endif]-->\n<video class=\"wp-video-shortcode\" id=\"video-5117-1\" width=\"960\" height=\"540\" preload=\"metadata\" controls=\"controls\"><source type=\"video\/mp4\" src=\"http:\/\/defensoriaparana.com.ar\/wp-content\/uploads\/2023\/11\/20\u00b0-aniversario-del-Centro-de-Mediacion-de-la-Defensoria-del-Pueblo-de-Parana-Entre-Rios-Arg-5.mp4?_=1\" \/><a href=\"http:\/\/defensoriaparana.com.ar\/wp-content\/uploads\/2023\/11\/20\u00b0-aniversario-del-Centro-de-Mediacion-de-la-Defensoria-del-Pueblo-de-Parana-Entre-Rios-Arg-5.mp4\">http:\/\/defensoriaparana.com.ar\/wp-content\/uploads\/2023\/11\/20\u00b0-aniversario-del-Centro-de-Mediacion-de-la-Defensoria-del-Pueblo-de-Parana-Entre-Rios-Arg-5.mp4<\/a><\/video><\/div>\n","protected":false},"excerpt":{"rendered":"<p>Dos celebraciones de relevancia para la Defensor\u00eda del Pueblo de la Ciudad de Paran\u00e1 se conjugan este 1\u00b0 de noviembre: el D\u00eda del Mediador Comunitario y los 20 a\u00f1os de funcionamiento del Centro de Mediaci\u00f3n de la instituci\u00f3n. El reconocimiento a los mediadores y mediadoras fue establecido, mediante la ordenanza N\u00b0 9117 de 2013, el [&hellip;]<\/p>\n","protected":false},"author":2,"featured_media":5121,"comment_status":"open","ping_status":"open","sticky":false,"template":"","format":"standard","meta":{"om_disable_all_campaigns":false,"_monsterinsights_skip_tracking":false,"_monsterinsights_sitenote_active":false,"_monsterinsights_sitenote_note":"","_monsterinsights_sitenote_category":0},"categories":[1],"tags":[],"_links":{"self":[{"href":"https:\/\/defensoriaparana.com.ar\/index.php\/wp-json\/wp\/v2\/posts\/5117"}],"collection":[{"href":"https:\/\/defensoriaparana.com.ar\/index.php\/wp-json\/wp\/v2\/posts"}],"about":[{"href":"https:\/\/defensoriaparana.com.ar\/index.php\/wp-json\/wp\/v2\/types\/post"}],"author":[{"embeddable":true,"href":"https:\/\/defensoriaparana.com.ar\/index.php\/wp-json\/wp\/v2\/users\/2"}],"replies":[{"embeddable":true,"href":"https:\/\/defensoriaparana.com.ar\/index.php\/wp-json\/wp\/v2\/comments?post=5117"}],"version-history":[{"count":3,"href":"https:\/\/defensoriaparana.com.ar\/index.php\/wp-json\/wp\/v2\/posts\/5117\/revisions"}],"predecessor-version":[{"id":5123,"href":"https:\/\/defensoriaparana.com.ar\/index.php\/wp-json\/wp\/v2\/posts\/5117\/revisions\/5123"}],"wp:featuredmedia":[{"embeddable":true,"href":"https:\/\/defensoriaparana.com.ar\/index.php\/wp-json\/wp\/v2\/media\/5121"}],"wp:attachment":[{"href":"https:\/\/defensoriaparana.com.ar\/index.php\/wp-json\/wp\/v2\/media?parent=5117"}],"wp:term":[{"taxonomy":"category","embeddable":true,"href":"https:\/\/defensoriaparana.com.ar\/index.php\/wp-json\/wp\/v2\/categories?post=5117"},{"taxonomy":"post_tag","embeddable":true,"href":"https:\/\/defensoriaparana.com.ar\/index.php\/wp-json\/wp\/v2\/tags?post=5117"}],"curies":[{"name":"wp","href":"https:\/\/api.w.org\/{rel}","templated":true}]}}