{"id":5139,"date":"2023-11-07T15:38:50","date_gmt":"2023-11-07T15:38:50","guid":{"rendered":"http:\/\/defensoriaparana.com.ar\/?p=5139"},"modified":"2023-11-10T17:46:47","modified_gmt":"2023-11-10T17:46:47","slug":"defensorias-de-la-region-centro-continuan-con-la-difusion-de-las-tecnicas-de-rcp-en-el-marco-del-programa-codigo-infarto","status":"publish","type":"post","link":"https:\/\/defensoriaparana.com.ar\/index.php\/2023\/11\/07\/defensorias-de-la-region-centro-continuan-con-la-difusion-de-las-tecnicas-de-rcp-en-el-marco-del-programa-codigo-infarto\/","title":{"rendered":"Defensor\u00edas de la Regi\u00f3n Centro continuan con la difusi\u00f3n de las t\u00e9cnicas de RCP en el marco del programa \u201cC\u00f3digo infarto\u201d"},"content":{"rendered":"<p class=\"Standard\" style=\"text-align: justify; line-height: normal; margin: 0cm -25.8pt .0001pt 0cm;\"><span lang=\"ES-MX\" style=\"font-size: 15.0pt;\">\u00a0<\/span><\/p>\n<p class=\"Standard\" style=\"text-align: justify; line-height: normal; margin: 0cm -25.8pt .0001pt 0cm;\"><span lang=\"ES-MX\" style=\"font-size: 15.0pt;\">Las Defensor\u00edas del Pueblo de Santa Fe y de la Ciudad de Paran\u00e1, junto con la Federaci\u00f3n Argentina de Cardiolog\u00eda y la Asociaci\u00f3n de Enfermer\u00eda de Entre R\u00edos, analizaron la continuidad de las acciones de difusi\u00f3n de las t\u00e9cnicas de Reanimaci\u00f3n Cardio Pulmonar, para salvar vidas.<\/span><\/p>\n<p class=\"Standard\" style=\"text-align: justify; line-height: normal; margin: 0cm -25.8pt .0001pt 0cm;\"><span lang=\"ES-MX\" style=\"font-size: 15.0pt;\">\u00a0<\/span><\/p>\n<p class=\"Standard\" style=\"text-align: justify; line-height: normal; margin: 0cm -25.8pt .0001pt 0cm;\"><span lang=\"ES-MX\" style=\"font-size: 15.0pt;\">Marcia L\u00f3pez y Jorge Henn, Defensores del Pueblo de la Ciudad de Paran\u00e1 y de la Provincia de Santa Fe, respectivamente, comprometieron a extender las acciones de toma de conciencia y de la importancia de conocer las t\u00e9cnicas de RCP (Reanimaci\u00f3n Cardio Pulmonar) como forma de salvar vidas, ya que un gran porcentaje de las muertes s\u00fabitas podr\u00edan evitarse si se practicaran esas t\u00e9cnicas a tiempo.<\/span><\/p>\n<p class=\"Standard\" style=\"text-align: justify; line-height: normal; margin: 0cm -25.8pt .0001pt 0cm;\"><span lang=\"ES-MX\" style=\"font-size: 15.0pt;\">\u00a0<\/span><\/p>\n<p class=\"Standard\" style=\"text-align: justify; line-height: normal; margin: 0cm -25.8pt .0001pt 0cm;\"><span lang=\"ES-MX\" style=\"font-size: 15.0pt;\">V\u00edctor Hermos\u00ed, instructor de la UBA-Federaci\u00f3n Argentina de Cardiolog\u00eda; Marcelo Filiberti, de la Federaci\u00f3n Argentina de Cardiolog\u00eda y Roberto Ram\u00edrez, presidente de la Asociaci\u00f3n de Enfermer\u00eda de Entre R\u00edos; comentaron a los Defensores los alcances de las actividades realizadas el pasado 29 de septiembre, D\u00eda Mundial del Coraz\u00f3n, y en el marco del programa &#8220;C\u00f3digo Infarto&#8221;, en las ciudades de Santa Fe y Paran\u00e1.<\/span><\/p>\n<figure id=\"attachment_5137\" aria-describedby=\"caption-attachment-5137\" style=\"width: 960px\" class=\"wp-caption alignnone\"><img loading=\"lazy\" class=\"wp-image-5137 size-large\" src=\"http:\/\/defensoriaparana.com.ar\/wp-content\/uploads\/2023\/11\/reunion-Santa-Fe-1024x487.jpg\" alt=\"La Defensora Marcia L\u00f3pez particip\u00f3 de una reuni\u00f3n organizada por la Defensor\u00eda del Pueblo de Santa Fe.\" width=\"960\" height=\"457\" srcset=\"https:\/\/defensoriaparana.com.ar\/wp-content\/uploads\/2023\/11\/reunion-Santa-Fe-1024x487.jpg 1024w, https:\/\/defensoriaparana.com.ar\/wp-content\/uploads\/2023\/11\/reunion-Santa-Fe-300x143.jpg 300w, https:\/\/defensoriaparana.com.ar\/wp-content\/uploads\/2023\/11\/reunion-Santa-Fe-768x365.jpg 768w, https:\/\/defensoriaparana.com.ar\/wp-content\/uploads\/2023\/11\/reunion-Santa-Fe-1536x731.jpg 1536w, https:\/\/defensoriaparana.com.ar\/wp-content\/uploads\/2023\/11\/reunion-Santa-Fe.jpg 1600w\" sizes=\"(max-width: 960px) 100vw, 960px\" \/><figcaption id=\"caption-attachment-5137\" class=\"wp-caption-text\">La Defensora Marcia L\u00f3pez particip\u00f3 de una reuni\u00f3n organizada por la Defensor\u00eda del Pueblo de Santa Fe.<\/figcaption><\/figure>\n<p class=\"Standard\" style=\"text-align: justify; line-height: normal; margin: 0cm -25.8pt .0001pt 0cm;\"><span lang=\"ES-MX\" style=\"font-size: 15.0pt;\">\u00a0<\/span><\/p>\n<p class=\"Standard\" style=\"text-align: justify; line-height: normal; margin: 0cm -25.8pt .0001pt 0cm;\"><span lang=\"ES-MX\" style=\"font-size: 15.0pt;\">En ese sentido, Henn -en calidad de Secretario General de la Regi\u00f3n Centro de las Defensor\u00edas del Pueblo- propuso sumar a su par de C\u00f3rdoba a las actividades que se programen en lo sucesivo, publica en su p\u00e1gina web la Defensor\u00eda del Pueblo de Santa Fe. <\/span><\/p>\n<p class=\"Standard\" style=\"text-align: justify; line-height: normal; margin: 0cm -25.8pt .0001pt 0cm;\"><span lang=\"ES-MX\" style=\"font-size: 15.0pt;\">\u00a0<\/span><\/p>\n<p class=\"Standard\" style=\"text-align: justify; line-height: normal; margin: 0cm -25.8pt .0001pt 0cm;\"><span lang=\"ES-MX\" style=\"font-size: 15.0pt;\">Por su parte, la Defensora del Pueblo de Paran\u00e1 puso \u00e9nfasis en la importancia de la constituci\u00f3n de mesas de trabajo locales y regionales que tengan como fin para visibilizar la importancia de la tem\u00e1tica y emprender acciones en materia legislativa.<\/span><\/p>\n<p class=\"Standard\" style=\"text-align: justify; line-height: normal; margin: 0cm -25.8pt .0001pt 0cm;\"><span lang=\"ES-MX\" style=\"font-size: 15.0pt;\">\u00a0<\/span><\/p>\n<p class=\"Standard\" style=\"text-align: justify; line-height: normal; margin: 0cm -25.8pt .0001pt 0cm;\"><span lang=\"ES-MX\" style=\"font-size: 15.0pt;\">Hermos\u00ed, Filiberti y Ram\u00edrez enfatizaron que el 70% de las personas que sufren muertes s\u00fabitas tendr\u00edan posibilidades de sobrevida si se les practicara a tiempo la Reanimaci\u00f3n Cardio Pulmonar, para lo cual es fundamental conocer la t\u00e9cnica y aplicarla correctamente.<\/span><\/p>\n<p class=\"Standard\" style=\"text-align: justify; line-height: normal; margin: 0cm -25.8pt .0001pt 0cm;\"><span lang=\"ES-MX\" style=\"font-size: 15.0pt;\">\u00a0<\/span><\/p>\n<p class=\"Standard\" style=\"text-align: justify; line-height: normal; margin: 0cm -25.8pt .0001pt 0cm;\"><span lang=\"ES-MX\" style=\"font-size: 15.0pt;\">En el encuentro se acord\u00f3, a modo de resumen, trabajar en el fortalecimiento de las mesas de trabajo con instituciones relacionadas con la RCP, articular con aquellas otras que no participaron en las anteriores y reiterar otro encuentro para programar nuevas actividades, convocando a la Defensor\u00eda del Pueblo de C\u00f3rdoba, como integrante de la Regi\u00f3n Centro.<\/span><\/p>\n<p class=\"Standard\" style=\"text-align: justify; line-height: normal; margin: 0cm -25.8pt .0001pt 0cm;\"><span lang=\"ES-MX\" style=\"font-size: 15.0pt;\">\u00a0<\/span><\/p>\n<p class=\"Standard\" style=\"text-align: justify; line-height: normal; margin: 0cm -25.8pt .0001pt 0cm;\"><span lang=\"ES-MX\" style=\"font-size: 15.0pt;\">Informaci\u00f3n e im\u00e1genes, gentileza de la Defensor\u00eda del Pueblo de Santa Fe. <\/span><\/p>\n<p class=\"Standard\" style=\"text-align: justify; line-height: normal; margin: 0cm -25.8pt .0001pt 0cm;\"><span lang=\"ES-MX\" style=\"font-size: 15.0pt;\">\u00a0<\/span><\/p>\n","protected":false},"excerpt":{"rendered":"<p>\u00a0 Las Defensor\u00edas del Pueblo de Santa Fe y de la Ciudad de Paran\u00e1, junto con la Federaci\u00f3n Argentina de Cardiolog\u00eda y la Asociaci\u00f3n de Enfermer\u00eda de Entre R\u00edos, analizaron la continuidad de las acciones de difusi\u00f3n de las t\u00e9cnicas de Reanimaci\u00f3n Cardio Pulmonar, para salvar vidas. \u00a0 Marcia L\u00f3pez y Jorge Henn, Defensores del [&hellip;]<\/p>\n","protected":false},"author":2,"featured_media":5137,"comment_status":"open","ping_status":"open","sticky":false,"template":"","format":"standard","meta":{"om_disable_all_campaigns":false,"_monsterinsights_skip_tracking":false,"_monsterinsights_sitenote_active":false,"_monsterinsights_sitenote_note":"","_monsterinsights_sitenote_category":0},"categories":[14,1],"tags":[],"_links":{"self":[{"href":"https:\/\/defensoriaparana.com.ar\/index.php\/wp-json\/wp\/v2\/posts\/5139"}],"collection":[{"href":"https:\/\/defensoriaparana.com.ar\/index.php\/wp-json\/wp\/v2\/posts"}],"about":[{"href":"https:\/\/defensoriaparana.com.ar\/index.php\/wp-json\/wp\/v2\/types\/post"}],"author":[{"embeddable":true,"href":"https:\/\/defensoriaparana.com.ar\/index.php\/wp-json\/wp\/v2\/users\/2"}],"replies":[{"embeddable":true,"href":"https:\/\/defensoriaparana.com.ar\/index.php\/wp-json\/wp\/v2\/comments?post=5139"}],"version-history":[{"count":2,"href":"https:\/\/defensoriaparana.com.ar\/index.php\/wp-json\/wp\/v2\/posts\/5139\/revisions"}],"predecessor-version":[{"id":5141,"href":"https:\/\/defensoriaparana.com.ar\/index.php\/wp-json\/wp\/v2\/posts\/5139\/revisions\/5141"}],"wp:featuredmedia":[{"embeddable":true,"href":"https:\/\/defensoriaparana.com.ar\/index.php\/wp-json\/wp\/v2\/media\/5137"}],"wp:attachment":[{"href":"https:\/\/defensoriaparana.com.ar\/index.php\/wp-json\/wp\/v2\/media?parent=5139"}],"wp:term":[{"taxonomy":"category","embeddable":true,"href":"https:\/\/defensoriaparana.com.ar\/index.php\/wp-json\/wp\/v2\/categories?post=5139"},{"taxonomy":"post_tag","embeddable":true,"href":"https:\/\/defensoriaparana.com.ar\/index.php\/wp-json\/wp\/v2\/tags?post=5139"}],"curies":[{"name":"wp","href":"https:\/\/api.w.org\/{rel}","templated":true}]}}