{"id":5143,"date":"2023-11-10T14:29:20","date_gmt":"2023-11-10T14:29:20","guid":{"rendered":"https:\/\/defensoriaparana.com.ar\/?p=5143"},"modified":"2023-11-10T14:29:20","modified_gmt":"2023-11-10T14:29:20","slug":"la-defensora-del-pueblo-hablo-de-la-importancia-de-conocer-y-defender-los-derechos-ciudadanos-con-estudiantes-del-secundario","status":"publish","type":"post","link":"https:\/\/defensoriaparana.com.ar\/index.php\/2023\/11\/10\/la-defensora-del-pueblo-hablo-de-la-importancia-de-conocer-y-defender-los-derechos-ciudadanos-con-estudiantes-del-secundario\/","title":{"rendered":"La Defensora del Pueblo habl\u00f3 de la importancia de conocer y defender los derechos ciudadanos con estudiantes del secundario"},"content":{"rendered":"<p>La Defensora del Pueblo de la Ciudad de Paran\u00e1, Marcia L\u00f3pez, convers\u00f3 con estudiantes del 3er. A\u00f1o de la Escuela Secundaria N\u00b0 50 Rep\u00fablica de Entre R\u00edos sobre la importancia de los derechos ciudadanos y el rol de la instituci\u00f3n en su promoci\u00f3n y defensa.<\/p>\n<p>La actividad consisti\u00f3 en una charla, organizada en el marco de la materia Formaci\u00f3n \u00c9tica y Ciudadana, a la que Marcia L\u00f3pez fue especialmente invitada para desarrollar el tema.<\/p>\n<p><img loading=\"lazy\" class=\"alignnone wp-image-5145 size-large\" src=\"http:\/\/defensoriaparana.com.ar\/wp-content\/uploads\/2023\/11\/escuela-768x1024.jpg\" alt=\"\" width=\"768\" height=\"1024\" srcset=\"https:\/\/defensoriaparana.com.ar\/wp-content\/uploads\/2023\/11\/escuela-768x1024.jpg 768w, https:\/\/defensoriaparana.com.ar\/wp-content\/uploads\/2023\/11\/escuela-225x300.jpg 225w, https:\/\/defensoriaparana.com.ar\/wp-content\/uploads\/2023\/11\/escuela-1152x1536.jpg 1152w, https:\/\/defensoriaparana.com.ar\/wp-content\/uploads\/2023\/11\/escuela.jpg 1200w\" sizes=\"(max-width: 768px) 100vw, 768px\" \/><\/p>\n<p>En la materia se aborda la promoci\u00f3n y el conocimiento de los derechos pol\u00edticos, civiles, econ\u00f3micos, culturales y sociales de la poblaci\u00f3n. Al respecto, se analiz\u00f3 el rol de la Defensor\u00eda del Pueblo como instituci\u00f3n de la democracia que vela por la promoci\u00f3n de los derechos ciudadanos, por su cumplimiento y respeto efectivo.<\/p>\n<p>Marcia L\u00f3pez les coment\u00f3 a los estudiantes c\u00f3mo se cre\u00f3 la Defensor\u00eda del Pueblo de Paran\u00e1, la manera en que se designa a sus titulares, de qu\u00e9 manera funciona y se atiende la demanda de la ciudadan\u00eda y se refiri\u00f3 especialmente a la promoci\u00f3n de los derechos, una tarea primordial de la instituci\u00f3n.<\/p>\n<p>El tema gener\u00f3 inter\u00e9s en los estudiantes, quienes hicieron preguntas, comentarios, intercambiaron opiniones e indagaron sobre la Defensor\u00eda.<\/p>\n<p><img loading=\"lazy\" class=\"alignnone wp-image-5146 size-large\" src=\"http:\/\/defensoriaparana.com.ar\/wp-content\/uploads\/2023\/11\/escuela-final-1024x768.jpg\" alt=\"\" width=\"960\" height=\"720\" srcset=\"https:\/\/defensoriaparana.com.ar\/wp-content\/uploads\/2023\/11\/escuela-final-1024x768.jpg 1024w, https:\/\/defensoriaparana.com.ar\/wp-content\/uploads\/2023\/11\/escuela-final-300x225.jpg 300w, https:\/\/defensoriaparana.com.ar\/wp-content\/uploads\/2023\/11\/escuela-final-768x576.jpg 768w, https:\/\/defensoriaparana.com.ar\/wp-content\/uploads\/2023\/11\/escuela-final-1536x1152.jpg 1536w, https:\/\/defensoriaparana.com.ar\/wp-content\/uploads\/2023\/11\/escuela-final.jpg 1600w\" sizes=\"(max-width: 960px) 100vw, 960px\" \/><\/p>\n","protected":false},"excerpt":{"rendered":"<p>La Defensora del Pueblo de la Ciudad de Paran\u00e1, Marcia L\u00f3pez, convers\u00f3 con estudiantes del 3er. A\u00f1o de la Escuela Secundaria N\u00b0 50 Rep\u00fablica de Entre R\u00edos sobre la importancia de los derechos ciudadanos y el rol de la instituci\u00f3n en su promoci\u00f3n y defensa. La actividad consisti\u00f3 en una charla, organizada en el marco [&hellip;]<\/p>\n","protected":false},"author":2,"featured_media":5144,"comment_status":"open","ping_status":"open","sticky":false,"template":"","format":"standard","meta":{"om_disable_all_campaigns":false,"_monsterinsights_skip_tracking":false,"_monsterinsights_sitenote_active":false,"_monsterinsights_sitenote_note":"","_monsterinsights_sitenote_category":0},"categories":[1],"tags":[],"_links":{"self":[{"href":"https:\/\/defensoriaparana.com.ar\/index.php\/wp-json\/wp\/v2\/posts\/5143"}],"collection":[{"href":"https:\/\/defensoriaparana.com.ar\/index.php\/wp-json\/wp\/v2\/posts"}],"about":[{"href":"https:\/\/defensoriaparana.com.ar\/index.php\/wp-json\/wp\/v2\/types\/post"}],"author":[{"embeddable":true,"href":"https:\/\/defensoriaparana.com.ar\/index.php\/wp-json\/wp\/v2\/users\/2"}],"replies":[{"embeddable":true,"href":"https:\/\/defensoriaparana.com.ar\/index.php\/wp-json\/wp\/v2\/comments?post=5143"}],"version-history":[{"count":1,"href":"https:\/\/defensoriaparana.com.ar\/index.php\/wp-json\/wp\/v2\/posts\/5143\/revisions"}],"predecessor-version":[{"id":5147,"href":"https:\/\/defensoriaparana.com.ar\/index.php\/wp-json\/wp\/v2\/posts\/5143\/revisions\/5147"}],"wp:featuredmedia":[{"embeddable":true,"href":"https:\/\/defensoriaparana.com.ar\/index.php\/wp-json\/wp\/v2\/media\/5144"}],"wp:attachment":[{"href":"https:\/\/defensoriaparana.com.ar\/index.php\/wp-json\/wp\/v2\/media?parent=5143"}],"wp:term":[{"taxonomy":"category","embeddable":true,"href":"https:\/\/defensoriaparana.com.ar\/index.php\/wp-json\/wp\/v2\/categories?post=5143"},{"taxonomy":"post_tag","embeddable":true,"href":"https:\/\/defensoriaparana.com.ar\/index.php\/wp-json\/wp\/v2\/tags?post=5143"}],"curies":[{"name":"wp","href":"https:\/\/api.w.org\/{rel}","templated":true}]}}