{"id":5148,"date":"2023-11-09T14:30:37","date_gmt":"2023-11-09T14:30:37","guid":{"rendered":"https:\/\/defensoriaparana.com.ar\/?p=5148"},"modified":"2023-11-10T14:32:48","modified_gmt":"2023-11-10T14:32:48","slug":"la-defensoria-del-pueblo-atendio-consultas-y-reclamos-en-gazzano","status":"publish","type":"post","link":"https:\/\/defensoriaparana.com.ar\/index.php\/2023\/11\/09\/la-defensoria-del-pueblo-atendio-consultas-y-reclamos-en-gazzano\/","title":{"rendered":"La Defensor\u00eda del Pueblo atendi\u00f3 consultas y reclamos en Gazzano"},"content":{"rendered":"<div dir=\"auto\"><\/div>\n<div dir=\"auto\">La oficina m\u00f3vil de la instituci\u00f3n estuvo este jueves en el Nodo Solidario de Alimentos Tierra de Vida, ubicado en el Parque Gazzano, junto a \u00e1reas municipales, provinciales y nacionales.<\/div>\n<div dir=\"auto\"><\/div>\n<div dir=\"auto\">La jornada de atenci\u00f3n convoc\u00f3 a vecinos de Parque del Lago y zonas aleda\u00f1as, quienes se acercaron hasta el parque durante el transcurso de la ma\u00f1ana.<\/div>\n<div dir=\"auto\"><\/div>\n<div dir=\"auto\">La Defensora del Pueblo Adjunta de Paran\u00e1, Cecilia Pautaso, junto a personal de la instituci\u00f3n, atendi\u00f3 consultas, requerimientos de informaci\u00f3n y asesoramiento y reclamos, relacionados con servicios p\u00fablicos y de transporte de colectivo. Tambi\u00e9n se atendieron solicitudes referidas al tr\u00e1mite para obtener o renovar el DNI, entre otras.<\/div>\n<div dir=\"auto\"><img loading=\"lazy\" class=\"alignnone wp-image-5149 size-large\" src=\"http:\/\/defensoriaparana.com.ar\/wp-content\/uploads\/2023\/11\/ceci-abordaje-768x1024.jpg\" alt=\"\" width=\"768\" height=\"1024\" srcset=\"https:\/\/defensoriaparana.com.ar\/wp-content\/uploads\/2023\/11\/ceci-abordaje-768x1024.jpg 768w, https:\/\/defensoriaparana.com.ar\/wp-content\/uploads\/2023\/11\/ceci-abordaje-225x300.jpg 225w, https:\/\/defensoriaparana.com.ar\/wp-content\/uploads\/2023\/11\/ceci-abordaje-1152x1536.jpg 1152w, https:\/\/defensoriaparana.com.ar\/wp-content\/uploads\/2023\/11\/ceci-abordaje.jpg 1200w\" sizes=\"(max-width: 768px) 100vw, 768px\" \/><\/div>\n<div dir=\"auto\">La Defensor\u00eda del Pueblo, atendiendo a uno de sus pilares de trabajo en la comunidad, ofrece sus servicios cada jueves en distintos puntos de la ciudad. Es que la salida a los barrios forma parte de la historia de la instituci\u00f3n, ya que es una actividad fundamental de acercamiento a los vecinos y de promoci\u00f3n de los derechos ciudadanos.<\/div>\n<div dir=\"auto\"><\/div>\n<div dir=\"auto\">En las jornadas de atenci\u00f3n de los jueves, la ciudadan\u00eda puede realizar distintos tr\u00e1mites ya que participan las siguientes \u00e1reas: Tarjeta Sube, ANSES, DNI M\u00f3vil, Oficina de Empleo, Defensa al Consumidor, Centro de Acceso a la Justicia, Ministerio de Salud de la Entre R\u00edos con vacunaciones, la Subsecretar\u00eda de Salud de la Municipalidad con testeos de VIH, el programa Presentes del Consejo General de Educaci\u00f3n (CGE), INADI, y las subsecretar\u00edas que dependen de la Secretar\u00eda de Pol\u00edticas Sociales, Inclusivas y Comunitarias de la Municipalidad, entre otras.<\/div>\n<div dir=\"auto\">En esta oportunidad, la Subsecretar\u00eda de Econom\u00eda Social, entregaron un kit de semillas familiares para realizar huertas agroecol\u00f3gicas y adquirir alimentos hort\u00edcolas.<\/div>\n","protected":false},"excerpt":{"rendered":"<p>La oficina m\u00f3vil de la instituci\u00f3n estuvo este jueves en el Nodo Solidario de Alimentos Tierra de Vida, ubicado en el Parque Gazzano, junto a \u00e1reas municipales, provinciales y nacionales. La jornada de atenci\u00f3n convoc\u00f3 a vecinos de Parque del Lago y zonas aleda\u00f1as, quienes se acercaron hasta el parque durante el transcurso de la [&hellip;]<\/p>\n","protected":false},"author":2,"featured_media":5150,"comment_status":"open","ping_status":"open","sticky":false,"template":"","format":"standard","meta":{"om_disable_all_campaigns":false,"_monsterinsights_skip_tracking":false,"_monsterinsights_sitenote_active":false,"_monsterinsights_sitenote_note":"","_monsterinsights_sitenote_category":0},"categories":[1],"tags":[],"_links":{"self":[{"href":"https:\/\/defensoriaparana.com.ar\/index.php\/wp-json\/wp\/v2\/posts\/5148"}],"collection":[{"href":"https:\/\/defensoriaparana.com.ar\/index.php\/wp-json\/wp\/v2\/posts"}],"about":[{"href":"https:\/\/defensoriaparana.com.ar\/index.php\/wp-json\/wp\/v2\/types\/post"}],"author":[{"embeddable":true,"href":"https:\/\/defensoriaparana.com.ar\/index.php\/wp-json\/wp\/v2\/users\/2"}],"replies":[{"embeddable":true,"href":"https:\/\/defensoriaparana.com.ar\/index.php\/wp-json\/wp\/v2\/comments?post=5148"}],"version-history":[{"count":1,"href":"https:\/\/defensoriaparana.com.ar\/index.php\/wp-json\/wp\/v2\/posts\/5148\/revisions"}],"predecessor-version":[{"id":5151,"href":"https:\/\/defensoriaparana.com.ar\/index.php\/wp-json\/wp\/v2\/posts\/5148\/revisions\/5151"}],"wp:featuredmedia":[{"embeddable":true,"href":"https:\/\/defensoriaparana.com.ar\/index.php\/wp-json\/wp\/v2\/media\/5150"}],"wp:attachment":[{"href":"https:\/\/defensoriaparana.com.ar\/index.php\/wp-json\/wp\/v2\/media?parent=5148"}],"wp:term":[{"taxonomy":"category","embeddable":true,"href":"https:\/\/defensoriaparana.com.ar\/index.php\/wp-json\/wp\/v2\/categories?post=5148"},{"taxonomy":"post_tag","embeddable":true,"href":"https:\/\/defensoriaparana.com.ar\/index.php\/wp-json\/wp\/v2\/tags?post=5148"}],"curies":[{"name":"wp","href":"https:\/\/api.w.org\/{rel}","templated":true}]}}