{"id":5155,"date":"2023-11-08T14:36:43","date_gmt":"2023-11-08T14:36:43","guid":{"rendered":"https:\/\/defensoriaparana.com.ar\/?p=5155"},"modified":"2023-11-10T14:39:25","modified_gmt":"2023-11-10T14:39:25","slug":"se-abre-la-inscripcion-de-mediadores-y-mediadoras-comunitarias-de-la-defensoria-del-pueblo","status":"publish","type":"post","link":"https:\/\/defensoriaparana.com.ar\/index.php\/2023\/11\/08\/se-abre-la-inscripcion-de-mediadores-y-mediadoras-comunitarias-de-la-defensoria-del-pueblo\/","title":{"rendered":"Se abre la inscripci\u00f3n de mediadores y mediadoras comunitarias de la Defensor\u00eda del Pueblo"},"content":{"rendered":"<div class=\"xdj266r x11i5rnm xat24cr x1mh8g0r x1vvkbs x126k92a\">\n<div dir=\"auto\"><\/div>\n<div dir=\"auto\">.<\/div>\n<div dir=\"auto\">El pr\u00f3ximo lunes 13 comienza la inscripci\u00f3n al Registro 2024 de Mediadores Comunitarios Voluntarios y Ad honorem del Centro de Mediaci\u00f3n de la Defensor\u00eda del Pueblo de la Ciudad de Paran\u00e1. El tiempo para anotarse se extender\u00e1 hasta el viernes 17 de noviembre.<\/div>\n<\/div>\n<div class=\"x11i5rnm xat24cr x1mh8g0r x1vvkbs xtlvy1s x126k92a\">\n<div dir=\"auto\">El Registro de Mediadores se renueva de forma anual en el mes de noviembre, cuando comenz\u00f3 su funcionamiento junto al del Centro de Mediaci\u00f3n en 2003. En esta oportunidad, la convocatoria tiene un sentido especial, ya que se realiza en el marco de la celebraci\u00f3n de los 20 a\u00f1os de prol\u00edfico trabajo en pos de la convivencia pac\u00edfica de la comunidad de Paran\u00e1.<\/div>\n<\/div>\n<div class=\"x11i5rnm xat24cr x1mh8g0r x1vvkbs xtlvy1s x126k92a\">\n<div dir=\"auto\">Al respecto, cabe recordar que la Defensor\u00eda del Pueblo atiende \u2013a trav\u00e9s de su Centro y el Registro- una numerosa y variada demanda relacionada a conflictos entre vecinos, que ronda unos 500 casos promedio por a\u00f1o.<\/div>\n<div dir=\"auto\"><strong>.<\/strong><\/div>\n<div dir=\"auto\"><strong>Requisitos<\/strong><\/div>\n<div dir=\"auto\">.<\/div>\n<div dir=\"auto\">Las personas interesadas en anotarse deber\u00e1n contar con el t\u00edtulo de formaci\u00f3n b\u00e1sica en Mediaci\u00f3n -que consiste en un m\u00ednimo de 100 horas de capacitaci\u00f3n- que debe estar homologado por el Ministerio de Justicia de la Naci\u00f3n. En cuanto al nivel educativo, se requiere secundario completo.<\/div>\n<div dir=\"auto\">La documentaci\u00f3n que acredite dichos requisitos debe presentarse en fotocopias. Adem\u00e1s, los aspirantes deber\u00e1n adjuntar un breve curr\u00edculum vitae y completar personalmente la planilla de inscripci\u00f3n en la oficina del Centro de Mediaci\u00f3n.<\/div>\n<div dir=\"auto\">Respecto de los integrantes del Registro 2023 que quieran continuar en la n\u00f3mina, deber\u00e1n cumplir con una serie de exigencias referidas a la realizaci\u00f3n de la capacitaci\u00f3n que se brinda durante el a\u00f1o.<\/div>\n<div dir=\"auto\">Los postulantes que se anoten por primera vez tendr\u00e1n que acercarse a la sede de la Defensor\u00eda del Pueblo, en calle H. Yrigoyen 236, en el horario de 8 a 13. En tanto, quienes ya son parte del Registro y re\u00fanen los requisitos para volver a postularse, deben completar una planilla online.<\/div>\n<div dir=\"auto\">Para m\u00e1s informaci\u00f3n, se atienden consultas en los tel\u00e9fonos 4211029 (de 8 a 13), en la l\u00ednea de WhatsApp 3435 163712 y en el mail mediacionparana@hotmail.com.<\/div>\n<div dir=\"auto\">.<\/div>\n<div dir=\"auto\"><strong>El rol de la mediaci\u00f3n y los mediadores<\/strong><\/div>\n<div dir=\"auto\">.<\/div>\n<div dir=\"auto\">Para la Defensor\u00eda del Pueblo, la mediaci\u00f3n es una herramienta fundamental para abordar los conflictos comunitarios. A trav\u00e9s de esta modalidad, se busca promover el encuentro, el di\u00e1logo y la escucha activa entre vecinos para la resoluci\u00f3n pac\u00edfica y colaborativa de situaciones cotidianas que trastornan la convivencia.<\/div>\n<\/div>\n<div class=\"x11i5rnm xat24cr x1mh8g0r x1vvkbs xtlvy1s x126k92a\">\n<div dir=\"auto\">Por ello, la Defensor\u00eda de Paran\u00e1 brinda a la ciudadan\u00eda el servicio de mediaci\u00f3n, una instancia extra-judicial, voluntaria, confidencial y gratuita.<\/div>\n<div dir=\"auto\">La instrumentaci\u00f3n de este servicio es posible gracias al invalorable aporte del Registro, integrado cada a\u00f1o por m\u00e1s de un centenar de mediadores y mediadoras. La n\u00f3mina re\u00fane a profesionales, provenientes de distintas disciplinas y oficios, que participan ad honorem, cumpliendo un rol de imparcialidad, para facilitar el di\u00e1logo.<\/div>\n<\/div>\n<div class=\"x11i5rnm xat24cr x1mh8g0r x1vvkbs xtlvy1s x126k92a\">\n<div dir=\"auto\">Adem\u00e1s de mediar en los procesos para los que son convocados (siempre formando parejas de co-mediaci\u00f3n), los integrantes del Registro participan de una intensa actividad de capacitaci\u00f3n: reuniones mensuales de intercambio de experiencias, talleres de reflexi\u00f3n trimestrales y de un curso anual con profesionales de vasta trayectoria. Todo ello, con el fin de resguardar la calidad y excelencia del servicio.<\/div>\n<div dir=\"auto\">Tambi\u00e9n es parte de la labor del Centro la realizaci\u00f3n de actividades en la comunidad (talleres en instituciones y organizaciones y distintas intervenciones en barrios).<\/div>\n<div dir=\"auto\">.<\/div>\n<div dir=\"auto\"><strong>Noviembre, mes aniversario<\/strong><\/div>\n<div dir=\"auto\">.<\/div>\n<div dir=\"auto\">El Centro de Mediaci\u00f3n Comunitaria es un \u00e1rea medular de la instituci\u00f3n. La Defensor\u00eda del Pueblo de Paran\u00e1 conmemora este a\u00f1o los 20 a\u00f1os de funcionamiento \u2013la celebraci\u00f3n fue en junio pasado- y el Centro de Mediaci\u00f3n, junto al Registro, cumple sus dos d\u00e9cadas de trabajo en noviembre. Es a partir del primer d\u00eda de ese mes, en 2003, que comenz\u00f3 efectivamente el funcionamiento del Centro con la coordinaci\u00f3n de Martha Arr\u00edas Pab\u00f3n, creadora del Registro.<\/div>\n<div dir=\"auto\">A modo de homenaje, se celebra en este mes el D\u00eda del Mediador Comunitario y se realiza la convocatoria para renovar el Registro de Mediadores Comunitarios.<\/div>\n<div dir=\"auto\">\u201cEs un orgullo cumplir 20 a\u00f1os al servicio de la sociedad\u201d, expres\u00f3 Irina Chausovsky, Coordinadora del Centro de Mediaci\u00f3n, quien agradeci\u00f3 el valioso aporte realizado cada a\u00f1o por mediadores y mediadoras comunitarias.<\/div>\n<div dir=\"auto\"><img loading=\"lazy\" class=\"alignnone wp-image-5156 size-large\" src=\"http:\/\/defensoriaparana.com.ar\/wp-content\/uploads\/2023\/11\/AFICHE-724x1024.jpg\" alt=\"\" width=\"724\" height=\"1024\" srcset=\"https:\/\/defensoriaparana.com.ar\/wp-content\/uploads\/2023\/11\/AFICHE-724x1024.jpg 724w, https:\/\/defensoriaparana.com.ar\/wp-content\/uploads\/2023\/11\/AFICHE-212x300.jpg 212w, https:\/\/defensoriaparana.com.ar\/wp-content\/uploads\/2023\/11\/AFICHE-768x1086.jpg 768w, https:\/\/defensoriaparana.com.ar\/wp-content\/uploads\/2023\/11\/AFICHE-1086x1536.jpg 1086w, https:\/\/defensoriaparana.com.ar\/wp-content\/uploads\/2023\/11\/AFICHE.jpg 1131w\" sizes=\"(max-width: 724px) 100vw, 724px\" \/><\/div>\n<\/div>\n","protected":false},"excerpt":{"rendered":"<p>. El pr\u00f3ximo lunes 13 comienza la inscripci\u00f3n al Registro 2024 de Mediadores Comunitarios Voluntarios y Ad honorem del Centro de Mediaci\u00f3n de la Defensor\u00eda del Pueblo de la Ciudad de Paran\u00e1. El tiempo para anotarse se extender\u00e1 hasta el viernes 17 de noviembre. El Registro de Mediadores se renueva de forma anual en el [&hellip;]<\/p>\n","protected":false},"author":2,"featured_media":5156,"comment_status":"open","ping_status":"open","sticky":false,"template":"","format":"standard","meta":{"om_disable_all_campaigns":false,"_monsterinsights_skip_tracking":false,"_monsterinsights_sitenote_active":false,"_monsterinsights_sitenote_note":"","_monsterinsights_sitenote_category":0},"categories":[1],"tags":[],"_links":{"self":[{"href":"https:\/\/defensoriaparana.com.ar\/index.php\/wp-json\/wp\/v2\/posts\/5155"}],"collection":[{"href":"https:\/\/defensoriaparana.com.ar\/index.php\/wp-json\/wp\/v2\/posts"}],"about":[{"href":"https:\/\/defensoriaparana.com.ar\/index.php\/wp-json\/wp\/v2\/types\/post"}],"author":[{"embeddable":true,"href":"https:\/\/defensoriaparana.com.ar\/index.php\/wp-json\/wp\/v2\/users\/2"}],"replies":[{"embeddable":true,"href":"https:\/\/defensoriaparana.com.ar\/index.php\/wp-json\/wp\/v2\/comments?post=5155"}],"version-history":[{"count":1,"href":"https:\/\/defensoriaparana.com.ar\/index.php\/wp-json\/wp\/v2\/posts\/5155\/revisions"}],"predecessor-version":[{"id":5157,"href":"https:\/\/defensoriaparana.com.ar\/index.php\/wp-json\/wp\/v2\/posts\/5155\/revisions\/5157"}],"wp:featuredmedia":[{"embeddable":true,"href":"https:\/\/defensoriaparana.com.ar\/index.php\/wp-json\/wp\/v2\/media\/5156"}],"wp:attachment":[{"href":"https:\/\/defensoriaparana.com.ar\/index.php\/wp-json\/wp\/v2\/media?parent=5155"}],"wp:term":[{"taxonomy":"category","embeddable":true,"href":"https:\/\/defensoriaparana.com.ar\/index.php\/wp-json\/wp\/v2\/categories?post=5155"},{"taxonomy":"post_tag","embeddable":true,"href":"https:\/\/defensoriaparana.com.ar\/index.php\/wp-json\/wp\/v2\/tags?post=5155"}],"curies":[{"name":"wp","href":"https:\/\/api.w.org\/{rel}","templated":true}]}}