{"id":5166,"date":"2023-11-15T11:00:56","date_gmt":"2023-11-15T11:00:56","guid":{"rendered":"https:\/\/defensoriaparana.com.ar\/?p=5166"},"modified":"2023-11-15T11:00:56","modified_gmt":"2023-11-15T11:00:56","slug":"el-rol-de-la-mediacion-y-la-apertura-de-la-inscripcion-del-registro","status":"publish","type":"post","link":"https:\/\/defensoriaparana.com.ar\/index.php\/2023\/11\/15\/el-rol-de-la-mediacion-y-la-apertura-de-la-inscripcion-del-registro\/","title":{"rendered":"El rol de la mediaci\u00f3n y la apertura de la inscripci\u00f3n del Registro"},"content":{"rendered":"<div class=\"xdj266r x11i5rnm xat24cr x1mh8g0r x1vvkbs x126k92a\">\n<div dir=\"auto\">Los 20 a\u00f1os de trabajo del Centro de Mediaci\u00f3n de la Defensor\u00eda del Pueblo de Paran\u00e1, el alcance y los objetivos de la labor en pos de mejorar la convivencia y la existencia de un Registro de Mediadores Voluntarios y Ad honorem, \u00fanico en su tipo en el \u00e1mbito nacional y de pa\u00edses vecinos desde hace dos d\u00e9cadas, fueron temas abordados en la nota con Gonzalo Schmidt, de Canal 6 (ERTV).<\/div>\n<\/div>\n<div class=\"x11i5rnm xat24cr x1mh8g0r x1vvkbs xtlvy1s x126k92a\">\n<div dir=\"auto\"><\/div>\n<div dir=\"auto\">Irina Chausovsky, Coordinadora del Centro de Mediaci\u00f3n, remarc\u00f3 tambi\u00e9n el llamado a inscripci\u00f3n de mediadores y mediadoras comunitarias que comienza este lunes y que tiene el fin de renovar la n\u00f3mina del Registro 2024.<\/div>\n<\/div>\n<div class=\"x11i5rnm xat24cr x1mh8g0r x1vvkbs xtlvy1s x126k92a\">\n<div dir=\"auto\"><\/div>\n<div dir=\"auto\">A continuaci\u00f3n, la nota<span class=\"x3nfvp2 x1j61x8r x1fcty0u xdj266r xhhsvwb xat24cr xgzva0m xxymvpz xlup9mm x1kky2od\"><img loading=\"lazy\" class=\"xz74otr\" src=\"https:\/\/static.xx.fbcdn.net\/images\/emoji.php\/v9\/t4f\/1\/16\/1f447.png\" alt=\"\ud83d\udc47\" width=\"16\" height=\"16\" \/><\/span><span class=\"x3nfvp2 x1j61x8r x1fcty0u xdj266r xhhsvwb xat24cr xgzva0m xxymvpz xlup9mm x1kky2od\"><img loading=\"lazy\" class=\"xz74otr\" src=\"https:\/\/static.xx.fbcdn.net\/images\/emoji.php\/v9\/t4f\/1\/16\/1f447.png\" alt=\"\ud83d\udc47\" width=\"16\" height=\"16\" \/><\/span><\/div>\n<\/div>\n<div dir=\"auto\"><a href=\"https:\/\/www.youtube.com\/watch?v=_4Axvfq2mP0\">https:\/\/www.youtube.com\/watch?v=_4Axvfq2mP0<\/a><\/div>\n<div dir=\"auto\"><\/div>\n<div dir=\"auto\">\n<div style=\"width: 960px;\" class=\"wp-video\"><!--[if lt IE 9]><script>document.createElement('video');<\/script><![endif]-->\n<video class=\"wp-video-shortcode\" id=\"video-5166-1\" width=\"960\" height=\"540\" preload=\"metadata\" controls=\"controls\"><source type=\"video\/mp4\" src=\"http:\/\/defensoriaparana.com.ar\/wp-content\/uploads\/2023\/11\/SM6-_-Irina-Chausovsky-20-anos-del-registro-de-mediadores-comunitarios-6.mp4?_=1\" \/><a href=\"http:\/\/defensoriaparana.com.ar\/wp-content\/uploads\/2023\/11\/SM6-_-Irina-Chausovsky-20-anos-del-registro-de-mediadores-comunitarios-6.mp4\">http:\/\/defensoriaparana.com.ar\/wp-content\/uploads\/2023\/11\/SM6-_-Irina-Chausovsky-20-anos-del-registro-de-mediadores-comunitarios-6.mp4<\/a><\/video><\/div>\n<\/div>\n","protected":false},"excerpt":{"rendered":"<p>Los 20 a\u00f1os de trabajo del Centro de Mediaci\u00f3n de la Defensor\u00eda del Pueblo de Paran\u00e1, el alcance y los objetivos de la labor en pos de mejorar la convivencia y la existencia de un Registro de Mediadores Voluntarios y Ad honorem, \u00fanico en su tipo en el \u00e1mbito nacional y de pa\u00edses vecinos desde [&hellip;]<\/p>\n","protected":false},"author":2,"featured_media":5169,"comment_status":"open","ping_status":"open","sticky":false,"template":"","format":"standard","meta":{"om_disable_all_campaigns":false,"_monsterinsights_skip_tracking":false,"_monsterinsights_sitenote_active":false,"_monsterinsights_sitenote_note":"","_monsterinsights_sitenote_category":0},"categories":[1],"tags":[],"_links":{"self":[{"href":"https:\/\/defensoriaparana.com.ar\/index.php\/wp-json\/wp\/v2\/posts\/5166"}],"collection":[{"href":"https:\/\/defensoriaparana.com.ar\/index.php\/wp-json\/wp\/v2\/posts"}],"about":[{"href":"https:\/\/defensoriaparana.com.ar\/index.php\/wp-json\/wp\/v2\/types\/post"}],"author":[{"embeddable":true,"href":"https:\/\/defensoriaparana.com.ar\/index.php\/wp-json\/wp\/v2\/users\/2"}],"replies":[{"embeddable":true,"href":"https:\/\/defensoriaparana.com.ar\/index.php\/wp-json\/wp\/v2\/comments?post=5166"}],"version-history":[{"count":1,"href":"https:\/\/defensoriaparana.com.ar\/index.php\/wp-json\/wp\/v2\/posts\/5166\/revisions"}],"predecessor-version":[{"id":5171,"href":"https:\/\/defensoriaparana.com.ar\/index.php\/wp-json\/wp\/v2\/posts\/5166\/revisions\/5171"}],"wp:featuredmedia":[{"embeddable":true,"href":"https:\/\/defensoriaparana.com.ar\/index.php\/wp-json\/wp\/v2\/media\/5169"}],"wp:attachment":[{"href":"https:\/\/defensoriaparana.com.ar\/index.php\/wp-json\/wp\/v2\/media?parent=5166"}],"wp:term":[{"taxonomy":"category","embeddable":true,"href":"https:\/\/defensoriaparana.com.ar\/index.php\/wp-json\/wp\/v2\/categories?post=5166"},{"taxonomy":"post_tag","embeddable":true,"href":"https:\/\/defensoriaparana.com.ar\/index.php\/wp-json\/wp\/v2\/tags?post=5166"}],"curies":[{"name":"wp","href":"https:\/\/api.w.org\/{rel}","templated":true}]}}