{"id":5182,"date":"2023-11-18T14:54:17","date_gmt":"2023-11-18T14:54:17","guid":{"rendered":"https:\/\/defensoriaparana.com.ar\/?p=5182"},"modified":"2023-11-22T14:54:33","modified_gmt":"2023-11-22T14:54:33","slug":"defensorias-del-pueblo-del-pais-solicitan-la-designacion-del-defensor-del-pueblo-de-la-nacion","status":"publish","type":"post","link":"https:\/\/defensoriaparana.com.ar\/index.php\/2023\/11\/18\/defensorias-del-pueblo-del-pais-solicitan-la-designacion-del-defensor-del-pueblo-de-la-nacion\/","title":{"rendered":"Defensor\u00edas del Pueblo del pa\u00eds solicitan la designaci\u00f3n del Defensor del Pueblo de la Naci\u00f3n"},"content":{"rendered":"<div class=\"xdj266r x11i5rnm xat24cr x1mh8g0r x1vvkbs x126k92a\">\n<div dir=\"auto\"><\/div>\n<\/div>\n<div class=\"x11i5rnm xat24cr x1mh8g0r x1vvkbs xtlvy1s x126k92a\">\n<div dir=\"auto\">La Asociaci\u00f3n de Defensor\u00edas del Pueblo de la Rep\u00fablica Argentina (Adpra), de la que es parte la instituci\u00f3n de Paran\u00e1, emiti\u00f3 un comunicado reiterando la solicitud de que designe a las autoridades de la Defensor\u00eda del Pueblo de la Naci\u00f3n, ac\u00e9fala desde hace 14 a\u00f1os.<\/div>\n<div dir=\"auto\">El documento expresa que Adpra &#8220;llama a fortalecer el sistema democr\u00e1tico en su conjunto y a consolidar los avances conseguidos en materia de derechos&#8221;.<\/div>\n<div dir=\"auto\">A continuaci\u00f3n, se manifiesta que los &#8220;integrantes de Adpra reiteraron el pedido para que el Congreso designe un Defensor o Defensora del Pueblo de la Naci\u00f3n, cargo vacante desde hace 14 a\u00f1os. La resoluci\u00f3n de dicha situaci\u00f3n resulta necesaria para la protecci\u00f3n integral de los derechos de las personas, el fortalecimiento de los organismos de control y la promoci\u00f3n de los derechos humanos&#8221;.<\/div>\n<div dir=\"auto\">El documento concluye que &#8220;a 40 a\u00f1os del retorno de la democracia, los Defensores y Defensoras del Pueblo de todo el pa\u00eds expresaron su compromiso con la defensa de los derechos y los consensos alcanzados de forma colectiva, e invitan a la comunidad a acompa\u00f1ar con el voto en defensa de la democracia&#8221;.<\/div>\n<div dir=\"auto\"><img loading=\"lazy\" class=\"alignnone wp-image-5183 size-large\" src=\"http:\/\/defensoriaparana.com.ar\/wp-content\/uploads\/2023\/11\/adpra-973x1024.jpg\" alt=\"\" width=\"960\" height=\"1010\" srcset=\"https:\/\/defensoriaparana.com.ar\/wp-content\/uploads\/2023\/11\/adpra-973x1024.jpg 973w, https:\/\/defensoriaparana.com.ar\/wp-content\/uploads\/2023\/11\/adpra-285x300.jpg 285w, https:\/\/defensoriaparana.com.ar\/wp-content\/uploads\/2023\/11\/adpra-768x808.jpg 768w, https:\/\/defensoriaparana.com.ar\/wp-content\/uploads\/2023\/11\/adpra.jpg 1290w\" sizes=\"(max-width: 960px) 100vw, 960px\" \/><\/div>\n<\/div>\n","protected":false},"excerpt":{"rendered":"<p>La Asociaci\u00f3n de Defensor\u00edas del Pueblo de la Rep\u00fablica Argentina (Adpra), de la que es parte la instituci\u00f3n de Paran\u00e1, emiti\u00f3 un comunicado reiterando la solicitud de que designe a las autoridades de la Defensor\u00eda del Pueblo de la Naci\u00f3n, ac\u00e9fala desde hace 14 a\u00f1os. El documento expresa que Adpra &#8220;llama a fortalecer el sistema [&hellip;]<\/p>\n","protected":false},"author":2,"featured_media":5183,"comment_status":"open","ping_status":"open","sticky":false,"template":"","format":"standard","meta":{"om_disable_all_campaigns":false,"_monsterinsights_skip_tracking":false,"_monsterinsights_sitenote_active":false,"_monsterinsights_sitenote_note":"","_monsterinsights_sitenote_category":0},"categories":[1],"tags":[],"_links":{"self":[{"href":"https:\/\/defensoriaparana.com.ar\/index.php\/wp-json\/wp\/v2\/posts\/5182"}],"collection":[{"href":"https:\/\/defensoriaparana.com.ar\/index.php\/wp-json\/wp\/v2\/posts"}],"about":[{"href":"https:\/\/defensoriaparana.com.ar\/index.php\/wp-json\/wp\/v2\/types\/post"}],"author":[{"embeddable":true,"href":"https:\/\/defensoriaparana.com.ar\/index.php\/wp-json\/wp\/v2\/users\/2"}],"replies":[{"embeddable":true,"href":"https:\/\/defensoriaparana.com.ar\/index.php\/wp-json\/wp\/v2\/comments?post=5182"}],"version-history":[{"count":1,"href":"https:\/\/defensoriaparana.com.ar\/index.php\/wp-json\/wp\/v2\/posts\/5182\/revisions"}],"predecessor-version":[{"id":5184,"href":"https:\/\/defensoriaparana.com.ar\/index.php\/wp-json\/wp\/v2\/posts\/5182\/revisions\/5184"}],"wp:featuredmedia":[{"embeddable":true,"href":"https:\/\/defensoriaparana.com.ar\/index.php\/wp-json\/wp\/v2\/media\/5183"}],"wp:attachment":[{"href":"https:\/\/defensoriaparana.com.ar\/index.php\/wp-json\/wp\/v2\/media?parent=5182"}],"wp:term":[{"taxonomy":"category","embeddable":true,"href":"https:\/\/defensoriaparana.com.ar\/index.php\/wp-json\/wp\/v2\/categories?post=5182"},{"taxonomy":"post_tag","embeddable":true,"href":"https:\/\/defensoriaparana.com.ar\/index.php\/wp-json\/wp\/v2\/tags?post=5182"}],"curies":[{"name":"wp","href":"https:\/\/api.w.org\/{rel}","templated":true}]}}