{"id":5185,"date":"2023-11-24T10:59:19","date_gmt":"2023-11-24T10:59:19","guid":{"rendered":"https:\/\/defensoriaparana.com.ar\/?p=5185"},"modified":"2023-11-24T11:20:33","modified_gmt":"2023-11-24T11:20:33","slug":"discapacidad-la-defensoria-del-pueblo-gestiona-el-reclamo-de-prestadores-de-salud-por-la-demora-de-los-pagos-por-parte-de-obras-sociales","status":"publish","type":"post","link":"https:\/\/defensoriaparana.com.ar\/index.php\/2023\/11\/24\/discapacidad-la-defensoria-del-pueblo-gestiona-el-reclamo-de-prestadores-de-salud-por-la-demora-de-los-pagos-por-parte-de-obras-sociales\/","title":{"rendered":"Discapacidad: la Defensor\u00eda del Pueblo gestiona el reclamo de prestadores de salud por la demora de los pagos por parte de obras sociales"},"content":{"rendered":"<div>\n<div class=\"\" dir=\"auto\">\n<div id=\":rb1:\" class=\"x1iorvi4 x1pi30zi x1l90r2v x1swvt13\" data-ad-comet-preview=\"message\" data-ad-preview=\"message\">\n<div class=\"x78zum5 xdt5ytf xz62fqu x16ldp7u\">\n<div class=\"xu06os2 x1ok221b\">\n<div class=\"xdj266r x11i5rnm xat24cr x1mh8g0r x1vvkbs x126k92a\">\n<div dir=\"auto\"><\/div>\n<div dir=\"auto\">La Defensor\u00eda del Pueblo de Paran\u00e1 trabaja en estos d\u00edas en el reclamo presentado por prestadores de salud ante la demora en los pagos, por parte de obras sociales, de la atenci\u00f3n a personas con discapacidad.<\/div>\n<div dir=\"auto\"><\/div>\n<\/div>\n<div class=\"x11i5rnm xat24cr x1mh8g0r x1vvkbs xtlvy1s x126k92a\">\n<div dir=\"auto\">La situaci\u00f3n, que tuvo una primera reacci\u00f3n del sector el a\u00f1o pasado y que afecta a prestaciones de kinesiolog\u00eda, psicolog\u00eda, entre otras especialidades, volvi\u00f3 a recrudecer ahora debido al proceso inflacionario y la devaluaci\u00f3n permanente de los recursos.<\/div>\n<\/div>\n<div class=\"x11i5rnm xat24cr x1mh8g0r x1vvkbs xtlvy1s x126k92a\">\n<div dir=\"auto\"><\/div>\n<div dir=\"auto\">\u201cEl problema es que los prestadores, por ejemplo, facturaron una prestaci\u00f3n en julio y reci\u00e9n perciben el pago en noviembre\u201d, dijo la Defensora del Pueblo, Marcia L\u00f3pez, al explicar el planteo recibido por el sector.<\/div>\n<\/div>\n<div class=\"x11i5rnm xat24cr x1mh8g0r x1vvkbs xtlvy1s x126k92a\">\n<div dir=\"auto\"><\/div>\n<div dir=\"auto\">La Defensora record\u00f3 la gesti\u00f3n realizada en 2022 a trav\u00e9s de la Asociaci\u00f3n de Defensor\u00edas del Pueblo de la Rep\u00fablica Argentina (Adpra) -\u00e1mbito que integra la instituci\u00f3n de Paran\u00e1 y ejerce la vicepresidencia primera de la mesa de conducci\u00f3n-, ante la Superintendencia de Servicios de Salud \u2013organismo de control de las obras sociales a nivel nacional-.<\/div>\n<\/div>\n<div class=\"x11i5rnm xat24cr x1mh8g0r x1vvkbs xtlvy1s x126k92a\">\n<div dir=\"auto\"><\/div>\n<div dir=\"auto\">La presentaci\u00f3n agiliz\u00f3 el tr\u00e1mite de cobro en su momento, pero en la actualidad la situaci\u00f3n volvi\u00f3 complicarse.<\/div>\n<\/div>\n<div class=\"x11i5rnm xat24cr x1mh8g0r x1vvkbs xtlvy1s x126k92a\">\n<div dir=\"auto\">La Defensora explic\u00f3 que el escollo estar\u00eda en la vigencia de una Resoluci\u00f3n (N\u00b0 887), que establece los pasos del sistema de pago.<\/div>\n<div dir=\"auto\"><\/div>\n<div dir=\"auto\">\u201cEl prestador factura el servicio y lo presenta ante la obra social, de ah\u00ed se env\u00eda a la Superintendencia para que pase por auditor\u00eda, despu\u00e9s se manda a Afip y finalmente vuelve a la obra social con el pago. Todo eso lleva mucho tiempo y eso provoca el retraso\u201d, detall\u00f3 la Defensora, quien sostuvo que en los pr\u00f3ximos d\u00edas se pedir\u00e1 formalmente que \u201cse modifique esa disposici\u00f3n para que acorten esos plazos con el fin de que las obras sociales no se tomen -despu\u00e9s de realizado ese circuito administrativo- sesenta d\u00edas para pagar los honorarios\u201d.<\/div>\n<\/div>\n<div class=\"x11i5rnm xat24cr x1mh8g0r x1vvkbs xtlvy1s x126k92a\">\n<div dir=\"auto\"><\/div>\n<div dir=\"auto\">Al respecto, remarc\u00f3 que el pedido para que se modifique la resoluci\u00f3n ser\u00e1 gestionado ante la Superintendencia de Servicios de Salud a trav\u00e9s de Adpra, en conjunto con otras Defensor\u00edas del pa\u00eds que tambi\u00e9n han recibido el reclamo.<\/div>\n<\/div>\n<div class=\"x11i5rnm xat24cr x1mh8g0r x1vvkbs xtlvy1s x126k92a\">\n<div dir=\"auto\"><\/div>\n<div dir=\"auto\">\u201cSe solicitar\u00e1 que se tenga en cuenta la inflaci\u00f3n que estamos viviendo y el hecho de que los pagos pueden demorar m\u00e1s de dos meses, lo que significa una notable p\u00e9rdida del valor inicial\u201d, destac\u00f3 Marcia L\u00f3pez.<\/div>\n<\/div>\n<div class=\"x11i5rnm xat24cr x1mh8g0r x1vvkbs xtlvy1s x126k92a\">\n<div dir=\"auto\"><\/div>\n<div dir=\"auto\">Por \u00faltimo, la Defensora de Paran\u00e1 hizo hincapi\u00e9 en la necesidad de que se prioricen y se resguarden los derechos tanto de los prestadores como de los pacientes.<\/div>\n<\/div>\n<\/div>\n<\/div>\n<\/div>\n<\/div>\n<div id=\":rb2:\" class=\"x1n2onr6\">\n<div class=\"x1n2onr6\">\n<div class=\"x6s0dn4 x1jx94hy x78zum5 xdt5ytf x6ikm8r x10wlt62 x1n2onr6 xh8yej3\">\n<div>\n<div class=\"xqtp20y x6ikm8r x10wlt62 x1n2onr6\">\n<div class=\"x10l6tqk x13vifvy\"><img loading=\"lazy\" class=\"x1ey2m1c xds687c x5yr21d x10l6tqk x17qophe x13vifvy xh8yej3 xl1xv1r\" src=\"https:\/\/scontent.fros2-2.fna.fbcdn.net\/v\/t39.30808-6\/405328786_686010513624936_9165102479180057060_n.jpg?_nc_cat=103&amp;ccb=1-7&amp;_nc_sid=5f2048&amp;_nc_eui2=AeGMPQzEXvmQdl5EgYkPNauZF3k-BuWr9ysXeT4G5av3K_mQsa244FDuTlSoq9p64l8CQC49ZH1Ql2ALTSONh44J&amp;_nc_ohc=Z2tJdjL8CW8AX_7aTTJ&amp;_nc_oc=AQlYwigJ9W-Xlr0C4TxqMI4nZrkD-WZpWCGXpq-ug1eh7lAa_kM3Do3XGRbC_3Qq9RM&amp;_nc_zt=23&amp;_nc_ht=scontent.fros2-2.fna&amp;oh=00_AfBUxO1ZmYf-cyglqj9o7BebWheT0xAs0vMpByWC52C7iA&amp;oe=6564F2F9\" alt=\"Puede ser una imagen de 1 persona y hospital\" width=\"770\" height=\"350\" \/><\/div>\n<\/div>\n<\/div>\n<\/div>\n<div class=\"xua58t2 xzg4506 x1ey2m1c xds687c x47corl x10l6tqk x17qophe x13vifvy\"><\/div>\n<\/div>\n<\/div>\n<\/div>\n<div>\n<div class=\"x168nmei x13lgxp2 x30kzoy x9jhf4c x6ikm8r x10wlt62\" data-visualcompletion=\"ignore-dynamic\">\n<div>\n<div>\n<div>\n<div class=\"xq8finb x16n37ib\">\n<div class=\"x9f619 x1n2onr6 x1ja2u2z x78zum5 x2lah0s x1qughib x1qjc9v5 xozqiw3 x1q0g3np x150jy0e x1e558r4 xjkvuk6 x1iorvi4 xwrv7xz x8182xy x4cne27 xifccgj\">\n<div class=\"x9f619 x1n2onr6 x1ja2u2z x78zum5 xdt5ytf x193iq5w xeuugli x1r8uery x1iyjqo2 xs83m0k xg83lxy x1h0ha7o x10b6aqq x1yrsyyn\">\n<div class=\"x1i10hfl x1qjc9v5 xjbqb8w xjqpnuy xa49m3k xqeqjp1 x2hbi6w x13fuv20 xu3j5b3 x1q0q8m5 x26u7qi x972fbf xcfux6l x1qhh985 xm0m39n x9f619 x1ypdohk xdl72j9 x2lah0s xe8uvvx xdj266r x11i5rnm xat24cr x1mh8g0r x2lwn1j xeuugli xexx8yu x4uap5 x18d9i69 xkhd6sd x1n2onr6 x16tdsg8 x1hl2dhg xggy1nq x1ja2u2z x1t137rt x1o1ewxj x3x9cwd x1e5q0jg x13rtm0m x3nfvp2 x1q0g3np x87ps6o x1lku1pv x1a2a7pz\" tabindex=\"0\" role=\"button\" aria-label=\"Enviar esto a tus amigos o publicarlo en tu biograf\u00eda\">\n<div class=\"x1o1ewxj x3x9cwd x1e5q0jg x13rtm0m x1ey2m1c xds687c xg01cxk x47corl x10l6tqk x17qophe x13vifvy x1ebt8du x19991ni x1dhq9h\" data-visualcompletion=\"ignore\"><\/div>\n<\/div>\n<\/div>\n<\/div>\n<\/div>\n<\/div>\n<\/div>\n<div class=\"xzueoph\"><\/div>\n<\/div>\n<\/div>\n<\/div>\n","protected":false},"excerpt":{"rendered":"<p>La Defensor\u00eda del Pueblo de Paran\u00e1 trabaja en estos d\u00edas en el reclamo presentado por prestadores de salud ante la demora en los pagos, por parte de obras sociales, de la atenci\u00f3n a personas con discapacidad. La situaci\u00f3n, que tuvo una primera reacci\u00f3n del sector el a\u00f1o pasado y que afecta a prestaciones de kinesiolog\u00eda, [&hellip;]<\/p>\n","protected":false},"author":2,"featured_media":5186,"comment_status":"open","ping_status":"open","sticky":false,"template":"","format":"standard","meta":{"om_disable_all_campaigns":false,"_monsterinsights_skip_tracking":false,"_monsterinsights_sitenote_active":false,"_monsterinsights_sitenote_note":"","_monsterinsights_sitenote_category":0},"categories":[1],"tags":[],"_links":{"self":[{"href":"https:\/\/defensoriaparana.com.ar\/index.php\/wp-json\/wp\/v2\/posts\/5185"}],"collection":[{"href":"https:\/\/defensoriaparana.com.ar\/index.php\/wp-json\/wp\/v2\/posts"}],"about":[{"href":"https:\/\/defensoriaparana.com.ar\/index.php\/wp-json\/wp\/v2\/types\/post"}],"author":[{"embeddable":true,"href":"https:\/\/defensoriaparana.com.ar\/index.php\/wp-json\/wp\/v2\/users\/2"}],"replies":[{"embeddable":true,"href":"https:\/\/defensoriaparana.com.ar\/index.php\/wp-json\/wp\/v2\/comments?post=5185"}],"version-history":[{"count":2,"href":"https:\/\/defensoriaparana.com.ar\/index.php\/wp-json\/wp\/v2\/posts\/5185\/revisions"}],"predecessor-version":[{"id":5188,"href":"https:\/\/defensoriaparana.com.ar\/index.php\/wp-json\/wp\/v2\/posts\/5185\/revisions\/5188"}],"wp:featuredmedia":[{"embeddable":true,"href":"https:\/\/defensoriaparana.com.ar\/index.php\/wp-json\/wp\/v2\/media\/5186"}],"wp:attachment":[{"href":"https:\/\/defensoriaparana.com.ar\/index.php\/wp-json\/wp\/v2\/media?parent=5185"}],"wp:term":[{"taxonomy":"category","embeddable":true,"href":"https:\/\/defensoriaparana.com.ar\/index.php\/wp-json\/wp\/v2\/categories?post=5185"},{"taxonomy":"post_tag","embeddable":true,"href":"https:\/\/defensoriaparana.com.ar\/index.php\/wp-json\/wp\/v2\/tags?post=5185"}],"curies":[{"name":"wp","href":"https:\/\/api.w.org\/{rel}","templated":true}]}}