{"id":5222,"date":"2023-12-07T18:31:25","date_gmt":"2023-12-07T18:31:25","guid":{"rendered":"https:\/\/defensoriaparana.com.ar\/?p=5222"},"modified":"2023-12-07T18:32:40","modified_gmt":"2023-12-07T18:32:40","slug":"se-realizo-el-primer-encuentro-del-registro-de-mediadores-comunitarios-2024","status":"publish","type":"post","link":"https:\/\/defensoriaparana.com.ar\/index.php\/2023\/12\/07\/se-realizo-el-primer-encuentro-del-registro-de-mediadores-comunitarios-2024\/","title":{"rendered":"Se realiz\u00f3 el primer encuentro del Registro de Mediadores Comunitarios 2024"},"content":{"rendered":"<p>\u201c20 a\u00f1os. Una historia construida juntos&#8221; fue la consigna de la convocatoria del 1er. Taller del Registro de Mediadores Comunitarios Voluntarios y Ad honorem 2024 de la Defensor\u00eda del Pueblo de Paran\u00e1, realizado el martes 5 de diciembre en el Sala Mayo del Puerto Nuevo.<\/p>\n<div style=\"width: 480px;\" class=\"wp-video\"><!--[if lt IE 9]><script>document.createElement('video');<\/script><![endif]-->\n<video class=\"wp-video-shortcode\" id=\"video-5222-1\" width=\"480\" height=\"864\" preload=\"metadata\" controls=\"controls\"><source type=\"video\/mp4\" src=\"http:\/\/defensoriaparana.com.ar\/wp-content\/uploads\/2023\/12\/WhatsApp-Video-2023-12-07-at-13.46.17.mp4?_=1\" \/><a href=\"http:\/\/defensoriaparana.com.ar\/wp-content\/uploads\/2023\/12\/WhatsApp-Video-2023-12-07-at-13.46.17.mp4\">http:\/\/defensoriaparana.com.ar\/wp-content\/uploads\/2023\/12\/WhatsApp-Video-2023-12-07-at-13.46.17.mp4<\/a><\/video><\/div>\n<p>El encuentro, como todos los a\u00f1os, tuvo el objetivo de reunir y dar la bienvenida a los mediadores y mediadoras que trabajar\u00e1n en la resoluci\u00f3n pac\u00edfica de conflictos entre vecinos. Cabe recordar que el Centro de Mediaci\u00f3n de la Defensor\u00eda recibe, en promedio, 500 casos anuales, en los que interviene -a trav\u00e9s del valioso trabajo del Registro- con el fin de aportar a una mejor convivencia comunitaria.<\/p>\n<p><img loading=\"lazy\" class=\"alignnone wp-image-5229 size-large\" src=\"http:\/\/defensoriaparana.com.ar\/wp-content\/uploads\/2023\/12\/taller-2023-1-1024x461.jpg\" alt=\"\" width=\"960\" height=\"432\" srcset=\"https:\/\/defensoriaparana.com.ar\/wp-content\/uploads\/2023\/12\/taller-2023-1-1024x461.jpg 1024w, https:\/\/defensoriaparana.com.ar\/wp-content\/uploads\/2023\/12\/taller-2023-1-300x135.jpg 300w, https:\/\/defensoriaparana.com.ar\/wp-content\/uploads\/2023\/12\/taller-2023-1-768x346.jpg 768w, https:\/\/defensoriaparana.com.ar\/wp-content\/uploads\/2023\/12\/taller-2023-1.jpg 1280w\" sizes=\"(max-width: 960px) 100vw, 960px\" \/><\/p>\n<p>La nueva n\u00f3mina de mediadores, surgida tras el llamado p\u00fablico a inscripci\u00f3n en noviembre pasado, re\u00fane a 92 personas provenientes de diferentes profesiones y oficios. Ese n\u00famero es provisorio y responde a las inscripciones fehacientemente confirmadas a la fecha, mientras que hay otro grupo de personas anotadas cuya revalidaci\u00f3n depende del cumplimiento de requisitos de capacitaci\u00f3n.<\/p>\n<p><img loading=\"lazy\" class=\"alignnone wp-image-5225 size-large\" src=\"http:\/\/defensoriaparana.com.ar\/wp-content\/uploads\/2023\/12\/taller-2023-5-1024x461.jpg\" alt=\"\" width=\"960\" height=\"432\" srcset=\"https:\/\/defensoriaparana.com.ar\/wp-content\/uploads\/2023\/12\/taller-2023-5-1024x461.jpg 1024w, https:\/\/defensoriaparana.com.ar\/wp-content\/uploads\/2023\/12\/taller-2023-5-300x135.jpg 300w, https:\/\/defensoriaparana.com.ar\/wp-content\/uploads\/2023\/12\/taller-2023-5-768x346.jpg 768w, https:\/\/defensoriaparana.com.ar\/wp-content\/uploads\/2023\/12\/taller-2023-5-1536x691.jpg 1536w, https:\/\/defensoriaparana.com.ar\/wp-content\/uploads\/2023\/12\/taller-2023-5.jpg 1600w\" sizes=\"(max-width: 960px) 100vw, 960px\" \/><\/p>\n<p>Del total de integrantes, 17 son mediadores y mediadoras que ingresan a la n\u00f3mina por primera vez. El resto, se trata de personas que vienen participando del Registro y que se reinscribieron, tras cumplir con las exigencias de capacitaci\u00f3n requeridas.<\/p>\n<p><img loading=\"lazy\" class=\"alignnone wp-image-5230 size-large\" src=\"http:\/\/defensoriaparana.com.ar\/wp-content\/uploads\/2023\/12\/taller-2023-461x1024.jpg\" alt=\"\" width=\"461\" height=\"1024\" srcset=\"https:\/\/defensoriaparana.com.ar\/wp-content\/uploads\/2023\/12\/taller-2023-461x1024.jpg 461w, https:\/\/defensoriaparana.com.ar\/wp-content\/uploads\/2023\/12\/taller-2023-135x300.jpg 135w, https:\/\/defensoriaparana.com.ar\/wp-content\/uploads\/2023\/12\/taller-2023.jpg 576w\" sizes=\"(max-width: 461px) 100vw, 461px\" \/><\/p>\n<p>El taller tuvo, como eje principal, un recorrido a trav\u00e9s de una l\u00ednea de tiempo por los 20 a\u00f1os de existencia del Centro de Mediaci\u00f3n y las actividades del Registro, valorando el trabajo de los mediadores voluntarios y toda su entrega y generosidad. En el transcurso hubo momentos cargados de emotividad, ya que se rescataron vivencias e historias compartidas, y se record\u00f3 con mucho cari\u00f1o a personas fallecidas que integraron el Registro y fueron parte fundamental de la historia del grupo.<\/p>\n<p><img loading=\"lazy\" class=\"alignnone wp-image-5228 size-large\" src=\"http:\/\/defensoriaparana.com.ar\/wp-content\/uploads\/2023\/12\/taller-2023-2-1024x836.jpg\" alt=\"\" width=\"960\" height=\"784\" srcset=\"https:\/\/defensoriaparana.com.ar\/wp-content\/uploads\/2023\/12\/taller-2023-2-1024x836.jpg 1024w, https:\/\/defensoriaparana.com.ar\/wp-content\/uploads\/2023\/12\/taller-2023-2-300x245.jpg 300w, https:\/\/defensoriaparana.com.ar\/wp-content\/uploads\/2023\/12\/taller-2023-2-768x627.jpg 768w, https:\/\/defensoriaparana.com.ar\/wp-content\/uploads\/2023\/12\/taller-2023-2.jpg 1260w\" sizes=\"(max-width: 960px) 100vw, 960px\" \/><\/p>\n<p>Se realiz\u00f3 un homenaje especial a Martha Arr\u00edas Pabon, quien fue la primera Coordinadora del Centro de Mediaci\u00f3n, cuya actividad se inici\u00f3 en noviembre de 2003, y fue tambi\u00e9n la creadora, por entonces, del Registro de Mediadores, una herramienta institucional con reconocimiento a nivel nacional y en otros pa\u00edses por sus caracter\u00edsticas de voluntariado, basado en la solidaridad, por su constituci\u00f3n fundada en la interdisciplinariedad y por la cantidad de personas \u2013alrededor del centenar- que lo integran ad honorem.<\/p>\n<p><img loading=\"lazy\" class=\"alignnone wp-image-5226 size-large\" src=\"http:\/\/defensoriaparana.com.ar\/wp-content\/uploads\/2023\/12\/taller-2023-4-1024x461.jpg\" alt=\"\" width=\"960\" height=\"432\" srcset=\"https:\/\/defensoriaparana.com.ar\/wp-content\/uploads\/2023\/12\/taller-2023-4-1024x461.jpg 1024w, https:\/\/defensoriaparana.com.ar\/wp-content\/uploads\/2023\/12\/taller-2023-4-300x135.jpg 300w, https:\/\/defensoriaparana.com.ar\/wp-content\/uploads\/2023\/12\/taller-2023-4-768x346.jpg 768w, https:\/\/defensoriaparana.com.ar\/wp-content\/uploads\/2023\/12\/taller-2023-4-1536x691.jpg 1536w, https:\/\/defensoriaparana.com.ar\/wp-content\/uploads\/2023\/12\/taller-2023-4.jpg 1600w\" sizes=\"(max-width: 960px) 100vw, 960px\" \/><\/p>\n<p>Participaron de la reuni\u00f3n las Defensoras del Pueblo, Marcia L\u00f3pez y Cecilia Pautaso (Adjunta), quienes destacaron el rol de la mediaci\u00f3n en la tarea de la instituci\u00f3n y el invaluable trabajo voluntario de mediadores y mediadoras del Registro.<\/p>\n<p>\u201cEs de destacar el camino recorrido en estos 20 a\u00f1os del Centro de Mediaci\u00f3n, desde el inicio cuando se empez\u00f3 con un grupo de mediadores hasta en los per\u00edodos siguientes, en los que han sido m\u00e1s de cien. Esto es realmente valorable, es un Centro reconocido no s\u00f3lo a nivel nacional sino tambi\u00e9n internacional y con una infinidad de capacitaciones brindadas que sin lugar a dudas ha marcado una senda en la que se tratan de solucionar los conflictos a trav\u00e9s de medios pac\u00edficos, el di\u00e1logo y la escucha\u201d, expres\u00f3 la Defensora Marcia L\u00f3pez.<\/p>\n<p><img loading=\"lazy\" class=\"alignnone wp-image-5227 size-large\" src=\"http:\/\/defensoriaparana.com.ar\/wp-content\/uploads\/2023\/12\/taller-2023-3-1024x461.jpg\" alt=\"\" width=\"960\" height=\"432\" srcset=\"https:\/\/defensoriaparana.com.ar\/wp-content\/uploads\/2023\/12\/taller-2023-3-1024x461.jpg 1024w, https:\/\/defensoriaparana.com.ar\/wp-content\/uploads\/2023\/12\/taller-2023-3-300x135.jpg 300w, https:\/\/defensoriaparana.com.ar\/wp-content\/uploads\/2023\/12\/taller-2023-3-768x346.jpg 768w, https:\/\/defensoriaparana.com.ar\/wp-content\/uploads\/2023\/12\/taller-2023-3-1536x691.jpg 1536w, https:\/\/defensoriaparana.com.ar\/wp-content\/uploads\/2023\/12\/taller-2023-3.jpg 1600w\" sizes=\"(max-width: 960px) 100vw, 960px\" \/><\/p>\n<p><img loading=\"lazy\" class=\"alignnone wp-image-5223 size-large\" src=\"http:\/\/defensoriaparana.com.ar\/wp-content\/uploads\/2023\/12\/taller-2023-7-1024x512.jpg\" alt=\"\" width=\"960\" height=\"480\" srcset=\"https:\/\/defensoriaparana.com.ar\/wp-content\/uploads\/2023\/12\/taller-2023-7-1024x512.jpg 1024w, https:\/\/defensoriaparana.com.ar\/wp-content\/uploads\/2023\/12\/taller-2023-7-300x150.jpg 300w, https:\/\/defensoriaparana.com.ar\/wp-content\/uploads\/2023\/12\/taller-2023-7-768x384.jpg 768w, https:\/\/defensoriaparana.com.ar\/wp-content\/uploads\/2023\/12\/taller-2023-7-1536x768.jpg 1536w, https:\/\/defensoriaparana.com.ar\/wp-content\/uploads\/2023\/12\/taller-2023-7.jpg 1599w\" sizes=\"(max-width: 960px) 100vw, 960px\" \/><\/p>\n","protected":false},"excerpt":{"rendered":"<p>\u201c20 a\u00f1os. Una historia construida juntos&#8221; fue la consigna de la convocatoria del 1er. Taller del Registro de Mediadores Comunitarios Voluntarios y Ad honorem 2024 de la Defensor\u00eda del Pueblo de Paran\u00e1, realizado el martes 5 de diciembre en el Sala Mayo del Puerto Nuevo. El encuentro, como todos los a\u00f1os, tuvo el objetivo de [&hellip;]<\/p>\n","protected":false},"author":2,"featured_media":5230,"comment_status":"open","ping_status":"open","sticky":false,"template":"","format":"standard","meta":{"om_disable_all_campaigns":false,"_monsterinsights_skip_tracking":false,"_monsterinsights_sitenote_active":false,"_monsterinsights_sitenote_note":"","_monsterinsights_sitenote_category":0},"categories":[1],"tags":[],"_links":{"self":[{"href":"https:\/\/defensoriaparana.com.ar\/index.php\/wp-json\/wp\/v2\/posts\/5222"}],"collection":[{"href":"https:\/\/defensoriaparana.com.ar\/index.php\/wp-json\/wp\/v2\/posts"}],"about":[{"href":"https:\/\/defensoriaparana.com.ar\/index.php\/wp-json\/wp\/v2\/types\/post"}],"author":[{"embeddable":true,"href":"https:\/\/defensoriaparana.com.ar\/index.php\/wp-json\/wp\/v2\/users\/2"}],"replies":[{"embeddable":true,"href":"https:\/\/defensoriaparana.com.ar\/index.php\/wp-json\/wp\/v2\/comments?post=5222"}],"version-history":[{"count":2,"href":"https:\/\/defensoriaparana.com.ar\/index.php\/wp-json\/wp\/v2\/posts\/5222\/revisions"}],"predecessor-version":[{"id":5233,"href":"https:\/\/defensoriaparana.com.ar\/index.php\/wp-json\/wp\/v2\/posts\/5222\/revisions\/5233"}],"wp:featuredmedia":[{"embeddable":true,"href":"https:\/\/defensoriaparana.com.ar\/index.php\/wp-json\/wp\/v2\/media\/5230"}],"wp:attachment":[{"href":"https:\/\/defensoriaparana.com.ar\/index.php\/wp-json\/wp\/v2\/media?parent=5222"}],"wp:term":[{"taxonomy":"category","embeddable":true,"href":"https:\/\/defensoriaparana.com.ar\/index.php\/wp-json\/wp\/v2\/categories?post=5222"},{"taxonomy":"post_tag","embeddable":true,"href":"https:\/\/defensoriaparana.com.ar\/index.php\/wp-json\/wp\/v2\/tags?post=5222"}],"curies":[{"name":"wp","href":"https:\/\/api.w.org\/{rel}","templated":true}]}}