{"id":5234,"date":"2023-12-12T21:42:34","date_gmt":"2023-12-12T21:42:34","guid":{"rendered":"https:\/\/defensoriaparana.com.ar\/?p=5234"},"modified":"2023-12-12T21:42:34","modified_gmt":"2023-12-12T21:42:34","slug":"nuevos-murales-de-la-defensoria-del-pueblo-en-el-cic-ii-este","status":"publish","type":"post","link":"https:\/\/defensoriaparana.com.ar\/index.php\/2023\/12\/12\/nuevos-murales-de-la-defensoria-del-pueblo-en-el-cic-ii-este\/","title":{"rendered":"Nuevos murales de la Defensor\u00eda del Pueblo en el CIC II Este"},"content":{"rendered":"<div dir=\"auto\"><\/div>\n<div dir=\"auto\">\u201cPor los derechos de las infancias\u201d es la consigna inspiradora de cuatro bellos murales que quedaron pintados en las paredes del Centro Integrador Comunitario (CIC) II Este.<\/div>\n<div dir=\"auto\">La obra fue realizada por Andr\u00e9s Leiva, muralista y artista pl\u00e1stico, integrante del equipo del Centro de Mediaci\u00f3n de la Defensor\u00eda del Pueblo de la Ciudad de Paran\u00e1, en colaboraci\u00f3n con el CIC II, ubicado en calle Vicegobernador Luis Chaile y Roque S\u00e1enz Pe\u00f1a.<\/div>\n<div dir=\"auto\">El acto de inauguraci\u00f3n se realiz\u00f3 el 5 de diciembre, en el marco del cierre de talleres, y cont\u00f3 con la presencia de las autoridades de la Defensor\u00eda del Pueblo y del CIC.<\/div>\n<div dir=\"auto\">En la oportunidad se destac\u00f3 que la obra se enmarca en el Programa Nacional Primeros A\u00f1os, que abarca a ni\u00f1os y ni\u00f1as de 0 a 4 a\u00f1os y a personas gestantes en situaci\u00f3n de vulnerabilidad social.<\/div>\n<div dir=\"auto\"><img loading=\"lazy\" class=\"alignnone wp-image-5235 size-large\" src=\"http:\/\/defensoriaparana.com.ar\/wp-content\/uploads\/2023\/12\/MURAL-NUEVO-PRINCI-1024x768.jpg\" alt=\"\" width=\"960\" height=\"720\" srcset=\"https:\/\/defensoriaparana.com.ar\/wp-content\/uploads\/2023\/12\/MURAL-NUEVO-PRINCI-1024x768.jpg 1024w, https:\/\/defensoriaparana.com.ar\/wp-content\/uploads\/2023\/12\/MURAL-NUEVO-PRINCI-300x225.jpg 300w, https:\/\/defensoriaparana.com.ar\/wp-content\/uploads\/2023\/12\/MURAL-NUEVO-PRINCI-768x576.jpg 768w, https:\/\/defensoriaparana.com.ar\/wp-content\/uploads\/2023\/12\/MURAL-NUEVO-PRINCI.jpg 1040w\" sizes=\"(max-width: 960px) 100vw, 960px\" \/><\/div>\n<div dir=\"auto\"><\/div>\n<div dir=\"auto\">.<\/div>\n<div dir=\"auto\">Sentido e importancia<\/div>\n<div dir=\"auto\">.<\/div>\n<div dir=\"auto\">La Defensora del Pueblo, Marcia L\u00f3pez, remarc\u00f3 la participaci\u00f3n de la instituci\u00f3n en la ceremonia de inauguraci\u00f3n y finalizaci\u00f3n de talleres, desarrollados en el marco del programa mencionado. Destac\u00f3 la concreci\u00f3n de estos nuevos murales \u2013se han realizado otros con anterioridad-, que \u201cembellecer\u00e1n, dar\u00e1n sentido y una impronta amorosa y amigable para que las ni\u00f1eces puedan estar compartiendo junto a sus madres, padres y dem\u00e1s familiares cultivando el derecho al cuidado\u201d.<\/div>\n<div dir=\"auto\"><img loading=\"lazy\" class=\"alignnone wp-image-5236 size-large\" src=\"http:\/\/defensoriaparana.com.ar\/wp-content\/uploads\/2023\/12\/MURAL-NUEVO-DO-1024x768.jpg\" alt=\"\" width=\"960\" height=\"720\" srcset=\"https:\/\/defensoriaparana.com.ar\/wp-content\/uploads\/2023\/12\/MURAL-NUEVO-DO-1024x768.jpg 1024w, https:\/\/defensoriaparana.com.ar\/wp-content\/uploads\/2023\/12\/MURAL-NUEVO-DO-300x225.jpg 300w, https:\/\/defensoriaparana.com.ar\/wp-content\/uploads\/2023\/12\/MURAL-NUEVO-DO-768x576.jpg 768w, https:\/\/defensoriaparana.com.ar\/wp-content\/uploads\/2023\/12\/MURAL-NUEVO-DO.jpg 1040w\" sizes=\"(max-width: 960px) 100vw, 960px\" \/><\/div>\n<div dir=\"auto\">.<\/div>\n<div dir=\"auto\">\u201cDerechos de la primera infancia\u201d<\/div>\n<div dir=\"auto\">.<\/div>\n<div dir=\"auto\">Al respecto, Emilio Ruberto, a cargo de la direcci\u00f3n del CIC en el momento de la inauguraci\u00f3n, dijo que la actividad se realiz\u00f3 en el marco de \u201cun programa que atiende los derechos de la primera infancia\u201d, al tiempo que inform\u00f3 que las obras se ubican en la sala en la que se desarrollan las actividades dirigidas, especialmente, a las personas que est\u00e1n a cargo de la crianza de los ni\u00f1os y ni\u00f1as. \u201cHay 160 libros de la primera infancia, canciones, juegos, juguetes, hay cursos de c\u00f3mo amamantar y acompa\u00f1ar peque\u00f1as huertas org\u00e1nicas\u201d y, en definitiva, distintas formas de facilitaci\u00f3n de acceso a la cultura, sostuvo.<\/div>\n<div dir=\"auto\"><img loading=\"lazy\" class=\"alignnone wp-image-5240 size-large\" src=\"http:\/\/defensoriaparana.com.ar\/wp-content\/uploads\/2023\/12\/MURAL-VERTI-461x1024.jpg\" alt=\"\" width=\"461\" height=\"1024\" srcset=\"https:\/\/defensoriaparana.com.ar\/wp-content\/uploads\/2023\/12\/MURAL-VERTI-461x1024.jpg 461w, https:\/\/defensoriaparana.com.ar\/wp-content\/uploads\/2023\/12\/MURAL-VERTI-135x300.jpg 135w, https:\/\/defensoriaparana.com.ar\/wp-content\/uploads\/2023\/12\/MURAL-VERTI-691x1536.jpg 691w, https:\/\/defensoriaparana.com.ar\/wp-content\/uploads\/2023\/12\/MURAL-VERTI.jpg 720w\" sizes=\"(max-width: 461px) 100vw, 461px\" \/><img loading=\"lazy\" class=\"alignnone wp-image-5241 size-large\" src=\"http:\/\/defensoriaparana.com.ar\/wp-content\/uploads\/2023\/12\/MURAL-VERTI-2-461x1024.jpg\" alt=\"\" width=\"461\" height=\"1024\" srcset=\"https:\/\/defensoriaparana.com.ar\/wp-content\/uploads\/2023\/12\/MURAL-VERTI-2-461x1024.jpg 461w, https:\/\/defensoriaparana.com.ar\/wp-content\/uploads\/2023\/12\/MURAL-VERTI-2-135x300.jpg 135w, https:\/\/defensoriaparana.com.ar\/wp-content\/uploads\/2023\/12\/MURAL-VERTI-2-691x1536.jpg 691w, https:\/\/defensoriaparana.com.ar\/wp-content\/uploads\/2023\/12\/MURAL-VERTI-2.jpg 720w\" sizes=\"(max-width: 461px) 100vw, 461px\" \/><\/div>\n<div dir=\"auto\">.<\/div>\n<div dir=\"auto\">Por la visibilizaci\u00f3n<\/div>\n<div dir=\"auto\">.<\/div>\n<div dir=\"auto\">Los murales recientemente inaugurados se suman a otros que se fueron concretando en los \u00faltimos a\u00f1os en el edificio del CIC con el fin de ser un medio efectivo de visibilizaci\u00f3n de derechos ciudadanos y como un modo de estimular la participaci\u00f3n comunitaria, objetivos esenciales de promoci\u00f3n de la Defensor\u00eda del Pueblo.<\/div>\n<div dir=\"auto\">As\u00ed, a mediados de 2020, en tiempos de pandemia, se realiz\u00f3 una pintura comunitaria para reflejar los derechos de las personas en situaci\u00f3n de calle. Por entonces, funcionaba un refugio en el edificio. En diciembre de ese a\u00f1o, en conmemoraci\u00f3n del D\u00eda Internacional de las Personas con Discapacidad y en defensa de sus derechos, qued\u00f3 inaugurado otro mural colaborativo en el marco de una Jornada la Inclusi\u00f3n. Por el d\u00eda de la Memoria por la Verdad y la Justicia, en marzo de 2021, se plasm\u00f3 un emotivo mural que cont\u00f3 con la participaci\u00f3n activa de la comunidad.<\/div>\n<div dir=\"auto\">Cabe recordar, que la Defensor\u00eda del Pueblo viene impulsando desde 2018 diversos proyectos participativos en espacios comunitarios de distintos barrios de la ciudad, en el marco del Programa Arte, Convivencia y Abordaje de Conflictos de la instituci\u00f3n. A trav\u00e9s de los murales, se buscan visibilizar derechos ciudadanos, generar reflexi\u00f3n sobre distintas realidades y tem\u00e1ticas, as\u00ed como realizar homenajes a, por ejemplo, personas trabajadoras de una comunidad, y reivindicaciones a procesos hist\u00f3ricos de instituciones. Todo ello se logra en base a herramientas de las artes pl\u00e1sticas, el di\u00e1logo, del trabajo multidisciplinario y de la participaci\u00f3n comunitaria.<\/div>\n<div dir=\"auto\"><img loading=\"lazy\" class=\"alignnone wp-image-5237 size-large\" src=\"http:\/\/defensoriaparana.com.ar\/wp-content\/uploads\/2023\/12\/MURAL-TRES-1024x768.jpg\" alt=\"\" width=\"960\" height=\"720\" srcset=\"https:\/\/defensoriaparana.com.ar\/wp-content\/uploads\/2023\/12\/MURAL-TRES-1024x768.jpg 1024w, https:\/\/defensoriaparana.com.ar\/wp-content\/uploads\/2023\/12\/MURAL-TRES-300x225.jpg 300w, https:\/\/defensoriaparana.com.ar\/wp-content\/uploads\/2023\/12\/MURAL-TRES-768x576.jpg 768w, https:\/\/defensoriaparana.com.ar\/wp-content\/uploads\/2023\/12\/MURAL-TRES.jpg 1040w\" sizes=\"(max-width: 960px) 100vw, 960px\" \/><\/div>\n<div dir=\"auto\"><img loading=\"lazy\" class=\"alignnone wp-image-5238 size-large\" src=\"http:\/\/defensoriaparana.com.ar\/wp-content\/uploads\/2023\/12\/MURAL-JORNADA-1024x768.jpg\" alt=\"\" width=\"960\" height=\"720\" srcset=\"https:\/\/defensoriaparana.com.ar\/wp-content\/uploads\/2023\/12\/MURAL-JORNADA-1024x768.jpg 1024w, https:\/\/defensoriaparana.com.ar\/wp-content\/uploads\/2023\/12\/MURAL-JORNADA-300x225.jpg 300w, https:\/\/defensoriaparana.com.ar\/wp-content\/uploads\/2023\/12\/MURAL-JORNADA-768x576.jpg 768w, https:\/\/defensoriaparana.com.ar\/wp-content\/uploads\/2023\/12\/MURAL-JORNADA.jpg 1040w\" sizes=\"(max-width: 960px) 100vw, 960px\" \/><\/div>\n<div dir=\"auto\"><img loading=\"lazy\" class=\"alignnone wp-image-5242 size-large\" src=\"http:\/\/defensoriaparana.com.ar\/wp-content\/uploads\/2023\/12\/MURAL-JORNADA1-1024x768.jpg\" alt=\"\" width=\"960\" height=\"720\" srcset=\"https:\/\/defensoriaparana.com.ar\/wp-content\/uploads\/2023\/12\/MURAL-JORNADA1-1024x768.jpg 1024w, https:\/\/defensoriaparana.com.ar\/wp-content\/uploads\/2023\/12\/MURAL-JORNADA1-300x225.jpg 300w, https:\/\/defensoriaparana.com.ar\/wp-content\/uploads\/2023\/12\/MURAL-JORNADA1-768x576.jpg 768w, https:\/\/defensoriaparana.com.ar\/wp-content\/uploads\/2023\/12\/MURAL-JORNADA1.jpg 1040w\" sizes=\"(max-width: 960px) 100vw, 960px\" \/><\/div>\n","protected":false},"excerpt":{"rendered":"<p>\u201cPor los derechos de las infancias\u201d es la consigna inspiradora de cuatro bellos murales que quedaron pintados en las paredes del Centro Integrador Comunitario (CIC) II Este. La obra fue realizada por Andr\u00e9s Leiva, muralista y artista pl\u00e1stico, integrante del equipo del Centro de Mediaci\u00f3n de la Defensor\u00eda del Pueblo de la Ciudad de Paran\u00e1, [&hellip;]<\/p>\n","protected":false},"author":2,"featured_media":5239,"comment_status":"open","ping_status":"open","sticky":false,"template":"","format":"standard","meta":{"om_disable_all_campaigns":false,"_monsterinsights_skip_tracking":false,"_monsterinsights_sitenote_active":false,"_monsterinsights_sitenote_note":"","_monsterinsights_sitenote_category":0},"categories":[1],"tags":[],"_links":{"self":[{"href":"https:\/\/defensoriaparana.com.ar\/index.php\/wp-json\/wp\/v2\/posts\/5234"}],"collection":[{"href":"https:\/\/defensoriaparana.com.ar\/index.php\/wp-json\/wp\/v2\/posts"}],"about":[{"href":"https:\/\/defensoriaparana.com.ar\/index.php\/wp-json\/wp\/v2\/types\/post"}],"author":[{"embeddable":true,"href":"https:\/\/defensoriaparana.com.ar\/index.php\/wp-json\/wp\/v2\/users\/2"}],"replies":[{"embeddable":true,"href":"https:\/\/defensoriaparana.com.ar\/index.php\/wp-json\/wp\/v2\/comments?post=5234"}],"version-history":[{"count":1,"href":"https:\/\/defensoriaparana.com.ar\/index.php\/wp-json\/wp\/v2\/posts\/5234\/revisions"}],"predecessor-version":[{"id":5243,"href":"https:\/\/defensoriaparana.com.ar\/index.php\/wp-json\/wp\/v2\/posts\/5234\/revisions\/5243"}],"wp:featuredmedia":[{"embeddable":true,"href":"https:\/\/defensoriaparana.com.ar\/index.php\/wp-json\/wp\/v2\/media\/5239"}],"wp:attachment":[{"href":"https:\/\/defensoriaparana.com.ar\/index.php\/wp-json\/wp\/v2\/media?parent=5234"}],"wp:term":[{"taxonomy":"category","embeddable":true,"href":"https:\/\/defensoriaparana.com.ar\/index.php\/wp-json\/wp\/v2\/categories?post=5234"},{"taxonomy":"post_tag","embeddable":true,"href":"https:\/\/defensoriaparana.com.ar\/index.php\/wp-json\/wp\/v2\/tags?post=5234"}],"curies":[{"name":"wp","href":"https:\/\/api.w.org\/{rel}","templated":true}]}}