{"id":5244,"date":"2023-12-14T17:18:10","date_gmt":"2023-12-14T17:18:10","guid":{"rendered":"https:\/\/defensoriaparana.com.ar\/?p=5244"},"modified":"2023-12-14T17:18:10","modified_gmt":"2023-12-14T17:18:10","slug":"la-defensoria-del-pueblo-brindo-un-taller-a-personal-del-servicio-penitenciario-sobre-gestion-de-conflictos-y-convivencia-pacifica","status":"publish","type":"post","link":"https:\/\/defensoriaparana.com.ar\/index.php\/2023\/12\/14\/la-defensoria-del-pueblo-brindo-un-taller-a-personal-del-servicio-penitenciario-sobre-gestion-de-conflictos-y-convivencia-pacifica\/","title":{"rendered":"La Defensor\u00eda del Pueblo brind\u00f3 un taller a personal del Servicio Penitenciario sobre gesti\u00f3n de conflictos y convivencia pac\u00edfica"},"content":{"rendered":"<div class=\"xdj266r x11i5rnm xat24cr x1mh8g0r x1vvkbs x126k92a\">\n<div dir=\"auto\">M\u00e1s de veinte oficiales de la Unidades Penales N\u00b01 y N\u00b06 de Paran\u00e1 y de la Direcci\u00f3n General del Servicio Penitenciario de Entre R\u00edos (SPER) participaron de un taller brindado por la Defensor\u00eda del Pueblo de Paran\u00e1.<\/div>\n<div dir=\"auto\"><\/div>\n<div dir=\"auto\">Esta primera actividad se enmarca en una propuesta m\u00e1s amplia de la Defensor\u00eda, que ofrece instancias de capacitaci\u00f3n y di\u00e1logo en \u00e1mbitos carcelarios de la ciudad y busca brindar recursos comunicacionales para mejorar la convivencia cotidiana en el \u00e1mbito penitenciario.<\/div>\n<div dir=\"auto\"><\/div>\n<div dir=\"auto\"><img loading=\"lazy\" class=\"alignnone wp-image-5246 size-large\" src=\"http:\/\/defensoriaparana.com.ar\/wp-content\/uploads\/2023\/12\/agentes-3-1024x576.jpg\" alt=\"\" width=\"960\" height=\"540\" srcset=\"https:\/\/defensoriaparana.com.ar\/wp-content\/uploads\/2023\/12\/agentes-3-1024x576.jpg 1024w, https:\/\/defensoriaparana.com.ar\/wp-content\/uploads\/2023\/12\/agentes-3-300x169.jpg 300w, https:\/\/defensoriaparana.com.ar\/wp-content\/uploads\/2023\/12\/agentes-3-768x432.jpg 768w, https:\/\/defensoriaparana.com.ar\/wp-content\/uploads\/2023\/12\/agentes-3-1536x864.jpg 1536w, https:\/\/defensoriaparana.com.ar\/wp-content\/uploads\/2023\/12\/agentes-3.jpg 1599w\" sizes=\"(max-width: 960px) 100vw, 960px\" \/><\/div>\n<div dir=\"auto\">El encuentro se realiz\u00f3 el jueves 7 de diciembre y tiene como sustento un proyecto, presentado ante el SPER en septiembre pasado por la Defensor\u00eda en conjunto con la Procuraci\u00f3n Penitenciaria de la Naci\u00f3n (PPN).<\/div>\n<div dir=\"auto\"><\/div>\n<div dir=\"auto\">\u201cPalabras para escuchar\u201d es el t\u00edtulo de la iniciativa elaborada por la Defensor\u00eda, que a su vez se referencia en el \u201cPrograma de Formaci\u00f3n-Acci\u00f3n para la Facilitaci\u00f3n del Di\u00e1logo en Contextos de Encierro\u201d, una capacitaci\u00f3n dictada por la PPN de la que participaron durante este a\u00f1o integrantes de la instituci\u00f3n y del Registro de Mediadores Comunitarios Voluntarios.<\/div>\n<div dir=\"auto\"><\/div>\n<div dir=\"auto\">El taller estuvo coordinado por el Director de Prevenci\u00f3n de la Tortura, Di\u00e1logo y Gesti\u00f3n Colaborativa de la PPN, Alberto Javier Volpi, y por integrantes de la Defensor\u00eda del Pueblo de Paran\u00e1. Particip\u00f3 la Defensora del Pueblo, Marcia L\u00f3pez, el Subdirector de Orientaci\u00f3n a la Ciudadan\u00eda, Fernando Veiga, y Mart\u00edn Esp\u00edndola, Germ\u00e1n Goncebatt, y Valeria Prado, miembros del Registro de Mediadores Comunitarios.<\/div>\n<\/div>\n<div class=\"x11i5rnm xat24cr x1mh8g0r x1vvkbs xtlvy1s x126k92a\">\n<div dir=\"auto\">La propuesta de la Defensor\u00eda del Pueblo alcanza tanto a los agentes del servicio penitenciario como a las personas privadas de libertad en las unidades penales de Paran\u00e1.<\/div>\n<div dir=\"auto\"><img loading=\"lazy\" class=\"alignnone wp-image-5247 size-large\" src=\"http:\/\/defensoriaparana.com.ar\/wp-content\/uploads\/2023\/12\/agentes-2-1024x576.jpg\" alt=\"\" width=\"960\" height=\"540\" srcset=\"https:\/\/defensoriaparana.com.ar\/wp-content\/uploads\/2023\/12\/agentes-2-1024x576.jpg 1024w, https:\/\/defensoriaparana.com.ar\/wp-content\/uploads\/2023\/12\/agentes-2-300x169.jpg 300w, https:\/\/defensoriaparana.com.ar\/wp-content\/uploads\/2023\/12\/agentes-2-768x432.jpg 768w, https:\/\/defensoriaparana.com.ar\/wp-content\/uploads\/2023\/12\/agentes-2-1536x864.jpg 1536w, https:\/\/defensoriaparana.com.ar\/wp-content\/uploads\/2023\/12\/agentes-2.jpg 1599w\" sizes=\"(max-width: 960px) 100vw, 960px\" \/><\/div>\n<div dir=\"auto\"><\/div>\n<\/div>\n<div class=\"x11i5rnm xat24cr x1mh8g0r x1vvkbs xtlvy1s x126k92a\">\n<div dir=\"auto\">En esta primera etapa la capacitaci\u00f3n se inici\u00f3 con personal carcelario. El objetivo consisti\u00f3 en desarrollar espacios para la construcci\u00f3n de confianza a fin de promover el di\u00e1logo, contribuir a la reflexi\u00f3n sobre situaciones de la convivencia cotidiana en los contextos de encierro y brindar herramientas comunicacionales efectivas orientadas a la gesti\u00f3n pac\u00edfica de los conflictos y de las emociones.<\/div>\n<div dir=\"auto\"><img loading=\"lazy\" class=\"alignnone wp-image-5245 size-large\" src=\"http:\/\/defensoriaparana.com.ar\/wp-content\/uploads\/2023\/12\/agentes-4-1024x576.jpg\" alt=\"\" width=\"960\" height=\"540\" srcset=\"https:\/\/defensoriaparana.com.ar\/wp-content\/uploads\/2023\/12\/agentes-4-1024x576.jpg 1024w, https:\/\/defensoriaparana.com.ar\/wp-content\/uploads\/2023\/12\/agentes-4-300x169.jpg 300w, https:\/\/defensoriaparana.com.ar\/wp-content\/uploads\/2023\/12\/agentes-4-768x432.jpg 768w, https:\/\/defensoriaparana.com.ar\/wp-content\/uploads\/2023\/12\/agentes-4-1536x864.jpg 1536w, https:\/\/defensoriaparana.com.ar\/wp-content\/uploads\/2023\/12\/agentes-4.jpg 1599w\" sizes=\"(max-width: 960px) 100vw, 960px\" \/><\/div>\n<\/div>\n<div class=\"x11i5rnm xat24cr x1mh8g0r x1vvkbs xtlvy1s x126k92a\">\n<div dir=\"auto\">Tras los excelentes resultados de este primer encuentro, se organizar\u00e1n talleres, posteriormente, destinados a internos de las unidades penales de la ciudad. Mientras tanto, ya se han realizado durante este a\u00f1o c\u00edrculos de di\u00e1logo con mujeres que se encuentran bajo el \u00e1mbito del Patronato de Liberados de la Provincia de Entre R\u00edos.<\/div>\n<div dir=\"auto\"><\/div>\n<\/div>\n","protected":false},"excerpt":{"rendered":"<p>M\u00e1s de veinte oficiales de la Unidades Penales N\u00b01 y N\u00b06 de Paran\u00e1 y de la Direcci\u00f3n General del Servicio Penitenciario de Entre R\u00edos (SPER) participaron de un taller brindado por la Defensor\u00eda del Pueblo de Paran\u00e1. Esta primera actividad se enmarca en una propuesta m\u00e1s amplia de la Defensor\u00eda, que ofrece instancias de capacitaci\u00f3n [&hellip;]<\/p>\n","protected":false},"author":2,"featured_media":5249,"comment_status":"open","ping_status":"open","sticky":false,"template":"","format":"standard","meta":{"om_disable_all_campaigns":false,"_monsterinsights_skip_tracking":false,"_monsterinsights_sitenote_active":false,"_monsterinsights_sitenote_note":"","_monsterinsights_sitenote_category":0},"categories":[1],"tags":[],"_links":{"self":[{"href":"https:\/\/defensoriaparana.com.ar\/index.php\/wp-json\/wp\/v2\/posts\/5244"}],"collection":[{"href":"https:\/\/defensoriaparana.com.ar\/index.php\/wp-json\/wp\/v2\/posts"}],"about":[{"href":"https:\/\/defensoriaparana.com.ar\/index.php\/wp-json\/wp\/v2\/types\/post"}],"author":[{"embeddable":true,"href":"https:\/\/defensoriaparana.com.ar\/index.php\/wp-json\/wp\/v2\/users\/2"}],"replies":[{"embeddable":true,"href":"https:\/\/defensoriaparana.com.ar\/index.php\/wp-json\/wp\/v2\/comments?post=5244"}],"version-history":[{"count":1,"href":"https:\/\/defensoriaparana.com.ar\/index.php\/wp-json\/wp\/v2\/posts\/5244\/revisions"}],"predecessor-version":[{"id":5250,"href":"https:\/\/defensoriaparana.com.ar\/index.php\/wp-json\/wp\/v2\/posts\/5244\/revisions\/5250"}],"wp:featuredmedia":[{"embeddable":true,"href":"https:\/\/defensoriaparana.com.ar\/index.php\/wp-json\/wp\/v2\/media\/5249"}],"wp:attachment":[{"href":"https:\/\/defensoriaparana.com.ar\/index.php\/wp-json\/wp\/v2\/media?parent=5244"}],"wp:term":[{"taxonomy":"category","embeddable":true,"href":"https:\/\/defensoriaparana.com.ar\/index.php\/wp-json\/wp\/v2\/categories?post=5244"},{"taxonomy":"post_tag","embeddable":true,"href":"https:\/\/defensoriaparana.com.ar\/index.php\/wp-json\/wp\/v2\/tags?post=5244"}],"curies":[{"name":"wp","href":"https:\/\/api.w.org\/{rel}","templated":true}]}}