{"id":5252,"date":"2023-12-21T22:16:54","date_gmt":"2023-12-21T22:16:54","guid":{"rendered":"https:\/\/defensoriaparana.com.ar\/?p=5252"},"modified":"2023-12-21T22:16:54","modified_gmt":"2023-12-21T22:16:54","slug":"la-intencion-es-incentivar-a-los-ciudadanos-a-que-conozcan-sus-derechos","status":"publish","type":"post","link":"https:\/\/defensoriaparana.com.ar\/index.php\/2023\/12\/21\/la-intencion-es-incentivar-a-los-ciudadanos-a-que-conozcan-sus-derechos\/","title":{"rendered":"\u201cLa intenci\u00f3n es incentivar a los ciudadanos a que conozcan sus derechos\u201d"},"content":{"rendered":"<p>La Defensora de los Derechos de las Personas Mayores, Ligia Blanco, se refiri\u00f3 a su funci\u00f3n, primera en el pa\u00eds, instituida a trav\u00e9s de una ordenanza municipal, en el \u00e1mbito de la Defensor\u00eda del Pueblo de la Ciudad de Paran\u00e1. Lo hizo en el marco de una nota period\u00edstica realizada por un medio radial de Buenos Aires, interesado en conocer los objetivos y el trabajo del instituto creado en 2016 por la ordenanza 9385, para promocionar y defender los derechos de las personas mayores, y efectivamente instrumentado en octubre de 2020, con la designaci\u00f3n por concurso p\u00fablico de Ligia Blanco.<\/p>\n<p>\u201cMi funci\u00f3n es proteger y gestionar acciones que ayuden a defender los derechos de las personas de m\u00e1s de 60 a\u00f1os\u201d, explic\u00f3 la Defensora, tras lo cual detall\u00f3 la variada gama de consultas y reclamos que recibe la instituci\u00f3n. Desde un problema con una compra, cuesti\u00f3n por la que se brinda asesoramiento al ciudadano y se lo orienta para realizar formalmente una presentaci\u00f3n ante Defensa del Consumidor, hasta planteos por temas de salud, abandono de personas mayores, acceso a servicios p\u00fablicos, entre otros.<\/p>\n<p>La Defensora fue consultada tambi\u00e9n por las caracter\u00edsticas de la instituci\u00f3n y del cargo. Al respecto, inform\u00f3 que se trata de un organismo estatal no gubernamental, que funciona en el \u00e1mbito del Concejo Deliberante pero que no depende de ning\u00fan poder de turno. En cuanto al cargo, puso \u00e9nfasis en el hecho de que contempla la postulaci\u00f3n de cualquier ciudadano de Paran\u00e1, a trav\u00e9s de una convocatoria abierta a la comunidad, y que la elecci\u00f3n surge de un concurso p\u00fablico de antecedentes y oposici\u00f3n.<\/p>\n<p>En cuanto a temas puntuales, mencion\u00f3 uno muy sensible: la salud de las personas mayores, entre ellas la mental, y las posibilidades de acceso a la atenci\u00f3n por parte de las obras sociales, principalmente Pami. Se\u00f1al\u00f3, como un escollo para esta franja etaria, la digitalizaci\u00f3n de los tr\u00e1mites. \u201cEs dif\u00edcil porque hay personas que no tienen la tecnolog\u00eda adecuada o, bien, manejan lo b\u00e1sico para comunicarse y les cuesta poder ser aut\u00f3nomos en estas cuestiones digitales\u201d, indic\u00f3, en di\u00e1logo con la emisora bonaerense La Luna.<\/p>\n<p>La situaci\u00f3n de los geri\u00e1tricos fue otro de los puntos abordados. La Defensora coment\u00f3 que se trabaja con el Municipio en relaci\u00f3n a las habilitaciones, a las caracter\u00edsticas del edificio. Una vez superada la instancia edilicia, pasa al Ministerio de Salud de Entre R\u00edos que autoriza y controla el funcionamiento en s\u00ed.<\/p>\n<p>\u201cLa intenci\u00f3n es incentivar a los ciudadanos a que conozcan sus derechos y siempre acompa\u00f1arlos para que los puedan defender y ejercer\u201d, expres\u00f3, por \u00faltimo.<\/p>\n<p><img loading=\"lazy\" class=\"alignnone wp-image-5254 \" src=\"http:\/\/defensoriaparana.com.ar\/wp-content\/uploads\/2023\/12\/li-2-768x1024.jpg\" alt=\"\" width=\"472\" height=\"630\" srcset=\"https:\/\/defensoriaparana.com.ar\/wp-content\/uploads\/2023\/12\/li-2-768x1024.jpg 768w, https:\/\/defensoriaparana.com.ar\/wp-content\/uploads\/2023\/12\/li-2-225x300.jpg 225w, https:\/\/defensoriaparana.com.ar\/wp-content\/uploads\/2023\/12\/li-2-1152x1536.jpg 1152w, https:\/\/defensoriaparana.com.ar\/wp-content\/uploads\/2023\/12\/li-2.jpg 1200w\" sizes=\"(max-width: 472px) 100vw, 472px\" \/><\/p>\n","protected":false},"excerpt":{"rendered":"<p>La Defensora de los Derechos de las Personas Mayores, Ligia Blanco, se refiri\u00f3 a su funci\u00f3n, primera en el pa\u00eds, instituida a trav\u00e9s de una ordenanza municipal, en el \u00e1mbito de la Defensor\u00eda del Pueblo de la Ciudad de Paran\u00e1. Lo hizo en el marco de una nota period\u00edstica realizada por un medio radial de [&hellip;]<\/p>\n","protected":false},"author":2,"featured_media":5253,"comment_status":"open","ping_status":"open","sticky":false,"template":"","format":"standard","meta":{"om_disable_all_campaigns":false,"_monsterinsights_skip_tracking":false,"_monsterinsights_sitenote_active":false,"_monsterinsights_sitenote_note":"","_monsterinsights_sitenote_category":0},"categories":[1],"tags":[],"_links":{"self":[{"href":"https:\/\/defensoriaparana.com.ar\/index.php\/wp-json\/wp\/v2\/posts\/5252"}],"collection":[{"href":"https:\/\/defensoriaparana.com.ar\/index.php\/wp-json\/wp\/v2\/posts"}],"about":[{"href":"https:\/\/defensoriaparana.com.ar\/index.php\/wp-json\/wp\/v2\/types\/post"}],"author":[{"embeddable":true,"href":"https:\/\/defensoriaparana.com.ar\/index.php\/wp-json\/wp\/v2\/users\/2"}],"replies":[{"embeddable":true,"href":"https:\/\/defensoriaparana.com.ar\/index.php\/wp-json\/wp\/v2\/comments?post=5252"}],"version-history":[{"count":1,"href":"https:\/\/defensoriaparana.com.ar\/index.php\/wp-json\/wp\/v2\/posts\/5252\/revisions"}],"predecessor-version":[{"id":5255,"href":"https:\/\/defensoriaparana.com.ar\/index.php\/wp-json\/wp\/v2\/posts\/5252\/revisions\/5255"}],"wp:featuredmedia":[{"embeddable":true,"href":"https:\/\/defensoriaparana.com.ar\/index.php\/wp-json\/wp\/v2\/media\/5253"}],"wp:attachment":[{"href":"https:\/\/defensoriaparana.com.ar\/index.php\/wp-json\/wp\/v2\/media?parent=5252"}],"wp:term":[{"taxonomy":"category","embeddable":true,"href":"https:\/\/defensoriaparana.com.ar\/index.php\/wp-json\/wp\/v2\/categories?post=5252"},{"taxonomy":"post_tag","embeddable":true,"href":"https:\/\/defensoriaparana.com.ar\/index.php\/wp-json\/wp\/v2\/tags?post=5252"}],"curies":[{"name":"wp","href":"https:\/\/api.w.org\/{rel}","templated":true}]}}