{"id":5260,"date":"2024-01-09T16:40:55","date_gmt":"2024-01-09T16:40:55","guid":{"rendered":"https:\/\/defensoriaparana.com.ar\/?p=5260"},"modified":"2024-01-09T16:40:55","modified_gmt":"2024-01-09T16:40:55","slug":"la-defensoria-del-pueblo-reitero-que-el-gas-debe-ser-considerado-un-servicio-esencial","status":"publish","type":"post","link":"https:\/\/defensoriaparana.com.ar\/index.php\/2024\/01\/09\/la-defensoria-del-pueblo-reitero-que-el-gas-debe-ser-considerado-un-servicio-esencial\/","title":{"rendered":"La Defensor\u00eda del Pueblo reiter\u00f3 que el gas debe ser considerado un servicio esencial"},"content":{"rendered":"<p>&nbsp;<\/p>\n<p>Ante la realizaci\u00f3n de la primera audiencia p\u00fablica del a\u00f1o para la recomposici\u00f3n de tarifas de gas, la Defensora del Pueblo Adjunta de Paran\u00e1, Cecilia Pautaso, fue consultada por medios de comunicaci\u00f3n locales respecto del tema y sobre la falta de convocatoria a la instituci\u00f3n, como representante de los usuarios.<\/p>\n<p>.<\/p>\n<p>En cuanto a este \u00faltimo punto, la Defensora record\u00f3 que \u201chist\u00f3ricamente la Defensor\u00eda del Pueblo ha sido la voz y la representaci\u00f3n del usuario cuando se han tratado temas de tarifas\u201d y entendi\u00f3 que esta vez \u201cha sido un olvido de las nuevas autoridades\u201d.<\/p>\n<p>&nbsp;<\/p>\n<p>En cada convocatoria, la instituci\u00f3n realiza una b\u00fasqueda de informaci\u00f3n y consulta con profesionales entendidos en la tem\u00e1tica para tener un panorama de las actualizaciones solicitadas. Respecto del cuadro tarifario puesto a consideraci\u00f3n en la audiencia del lunes, la Defensora se bas\u00f3 en las publicaciones period\u00edsticas y dijo que frente a \u201cun aumento salarial del 18% y un aumento de m\u00e1s del 140% del gas\u201d, la situaci\u00f3n resulta inadmisible.<\/p>\n<p>&nbsp;<\/p>\n<p>Seguidamente, a\u00f1adi\u00f3 que &#8220;los niveles de inflaci\u00f3n comprometen seriamente los ingresos de la ciudadan\u00eda, que ya se encuentra con serias dificultades para cubrir el costo de la canasta b\u00e1sica siendo los nuevos aumentos -en este caso, los de servicios p\u00fablicos- una nueva carga para la mayor\u00eda de los hogares&#8221;.<\/p>\n<p>&nbsp;<\/p>\n<p>Al respecto, Cecilia Pautaso mencion\u00f3 que la Asociaci\u00f3n de Defensor\u00edas del Pueblo de la Rep\u00fablica Argentina (Adpra), organizaci\u00f3n que integra la instituci\u00f3n de Paran\u00e1, viene solicitando al Estado nacional que se declare al gas como un servicio esencial y que se garantice el acceso a los hogares del pa\u00eds.<\/p>\n<p>&nbsp;<\/p>\n<p>En junio pasado, con motivo de realizarse el 1er. Plenario Anual de Adpra en Paran\u00e1, los Defensores de todo el pa\u00eds rubricaron una nota conteniendo la solicitud para que se declare el gas como servicio esencial con tarifas sociales tanto para el gas envasado como el natural. La nota fue presentada ante los organismos nacionales correspondientes.<\/p>\n","protected":false},"excerpt":{"rendered":"<p>&nbsp; Ante la realizaci\u00f3n de la primera audiencia p\u00fablica del a\u00f1o para la recomposici\u00f3n de tarifas de gas, la Defensora del Pueblo Adjunta de Paran\u00e1, Cecilia Pautaso, fue consultada por medios de comunicaci\u00f3n locales respecto del tema y sobre la falta de convocatoria a la instituci\u00f3n, como representante de los usuarios. . En cuanto a [&hellip;]<\/p>\n","protected":false},"author":2,"featured_media":5263,"comment_status":"open","ping_status":"open","sticky":false,"template":"","format":"standard","meta":{"om_disable_all_campaigns":false,"_monsterinsights_skip_tracking":false,"_monsterinsights_sitenote_active":false,"_monsterinsights_sitenote_note":"","_monsterinsights_sitenote_category":0},"categories":[1],"tags":[],"_links":{"self":[{"href":"https:\/\/defensoriaparana.com.ar\/index.php\/wp-json\/wp\/v2\/posts\/5260"}],"collection":[{"href":"https:\/\/defensoriaparana.com.ar\/index.php\/wp-json\/wp\/v2\/posts"}],"about":[{"href":"https:\/\/defensoriaparana.com.ar\/index.php\/wp-json\/wp\/v2\/types\/post"}],"author":[{"embeddable":true,"href":"https:\/\/defensoriaparana.com.ar\/index.php\/wp-json\/wp\/v2\/users\/2"}],"replies":[{"embeddable":true,"href":"https:\/\/defensoriaparana.com.ar\/index.php\/wp-json\/wp\/v2\/comments?post=5260"}],"version-history":[{"count":1,"href":"https:\/\/defensoriaparana.com.ar\/index.php\/wp-json\/wp\/v2\/posts\/5260\/revisions"}],"predecessor-version":[{"id":5264,"href":"https:\/\/defensoriaparana.com.ar\/index.php\/wp-json\/wp\/v2\/posts\/5260\/revisions\/5264"}],"wp:featuredmedia":[{"embeddable":true,"href":"https:\/\/defensoriaparana.com.ar\/index.php\/wp-json\/wp\/v2\/media\/5263"}],"wp:attachment":[{"href":"https:\/\/defensoriaparana.com.ar\/index.php\/wp-json\/wp\/v2\/media?parent=5260"}],"wp:term":[{"taxonomy":"category","embeddable":true,"href":"https:\/\/defensoriaparana.com.ar\/index.php\/wp-json\/wp\/v2\/categories?post=5260"},{"taxonomy":"post_tag","embeddable":true,"href":"https:\/\/defensoriaparana.com.ar\/index.php\/wp-json\/wp\/v2\/tags?post=5260"}],"curies":[{"name":"wp","href":"https:\/\/api.w.org\/{rel}","templated":true}]}}