{"id":5265,"date":"2024-01-11T22:32:14","date_gmt":"2024-01-11T22:32:14","guid":{"rendered":"https:\/\/defensoriaparana.com.ar\/?p=5265"},"modified":"2024-01-11T22:32:14","modified_gmt":"2024-01-11T22:32:14","slug":"los-primeros-reclamos-del-ano-suciedad-en-baldios-problemas-de-acceso-en-servicios-de-salud-falta-de-agua-y-ruidos-molestos","status":"publish","type":"post","link":"https:\/\/defensoriaparana.com.ar\/index.php\/2024\/01\/11\/los-primeros-reclamos-del-ano-suciedad-en-baldios-problemas-de-acceso-en-servicios-de-salud-falta-de-agua-y-ruidos-molestos\/","title":{"rendered":"Los primeros reclamos del a\u00f1o: suciedad en bald\u00edos, problemas de acceso en servicios de salud, falta de agua y ruidos molestos"},"content":{"rendered":"<p>Durante las dos primeras semanas de enero, en etapa de receso administrativo, la Defensor\u00eda del Pueblo de Paran\u00e1 ha continuado con la atenci\u00f3n al p\u00fablico y ha recibido reclamos e inquietudes relacionados con servicios p\u00fablicos, obras sociales, mantenimiento de espacios comunes y ruidos molestos.<\/p>\n<p>Respecto a los servicios de salud, Cecilia Pautaso, Defensora del Pueblo Adjunta de Paran\u00e1, dijo, en declaraciones a Radio LT14 General Urquiza, que se han advertido \u201crecortes\u201d y \u201cdemoras en cuanto a prestaciones, algunas de car\u00e1cter urgente\u201d. Y mencion\u00f3, a modo de ejemplo, casos de pacientes que necesitan medicaci\u00f3n oncol\u00f3gica o anti hemof\u00edlica. \u201cHemos visto c\u00f3mo obras sociales y prepagas han incorporado (entre sus argumentos ante el pedido de una prestaci\u00f3n) que no hay recursos, que no hay plata\u201d, explic\u00f3, tras marcar que la demanda recae luego en el hospital p\u00fablico o hacia el reclamo que se presenta en la Defensor\u00eda.<\/p>\n<p>Otros requerimientos radican en problemas con la provisi\u00f3n de agua potable -con los inconvenientes habituales de escasa presi\u00f3n o corte del servicio en determinadas zonas de la ciudad- y por la falta de limpieza y desmalezado de terrenos por parte de propietarios. Al respecto de este \u00faltimo tema, inform\u00f3 que vecinos han recurrido a la Defensor\u00eda para solicitar la intervenci\u00f3n debido a las molestias y, en casos, los problemas de inseguridad que generan los bald\u00edos con malezas y suciedad. En este sentido, remarc\u00f3 que ante estas situaciones se debe recurrir al Municipio, que puede intimar al propietario a que realice el mantenimiento, y pidi\u00f3 a vecinos que por ninguna raz\u00f3n recurran a generar incendios. Remarc\u00f3 la prohibici\u00f3n y los riesgos de las quemas intenciones, ya que pueden poner en peligro a los vecinos lindantes y provocar problemas en la convivencia.<\/p>\n<p>Tambi\u00e9n, la instituci\u00f3n ha recibido quejas por ruidos molestos. Mencion\u00f3 los casos de lugares habilitados como quioscos que luego se convierten en espacie de bares, que funcionan hasta altas horas de la noche con m\u00fasica elevada, expendiendo bebidas alcoh\u00f3licas y generando trastornos en el descanso de los vecinos. La Defensor\u00eda ha tomado intervenci\u00f3n solicitando al \u00e1rea de Habilitaciones Comerciales del Municipio informaci\u00f3n respecto a los permisos otorgados en los diferentes casos y a los controles del funcionamiento efectuados.<\/p>\n<p>En relaci\u00f3n al per\u00edodo de receso actual, la Defensora manifest\u00f3 que el trabajo en la instituci\u00f3n es permanente y sobre temas variados. \u201cAvizoramos un per\u00edodo de reclamos de derechos ciudadanos y en eso la Defensor\u00eda tiene en claro que su funci\u00f3n es acompa\u00f1ar los derechos humanos y de la convivencia\u201d, puntualiz\u00f3.<\/p>\n<p><img loading=\"lazy\" class=\"alignnone wp-image-5266 size-large\" src=\"http:\/\/defensoriaparana.com.ar\/wp-content\/uploads\/2024\/01\/20230626_113806-1-768x1024.jpg\" alt=\"\" width=\"768\" height=\"1024\" srcset=\"https:\/\/defensoriaparana.com.ar\/wp-content\/uploads\/2024\/01\/20230626_113806-1-768x1024.jpg 768w, https:\/\/defensoriaparana.com.ar\/wp-content\/uploads\/2024\/01\/20230626_113806-1-225x300.jpg 225w, https:\/\/defensoriaparana.com.ar\/wp-content\/uploads\/2024\/01\/20230626_113806-1-1152x1536.jpg 1152w, https:\/\/defensoriaparana.com.ar\/wp-content\/uploads\/2024\/01\/20230626_113806-1-1536x2048.jpg 1536w, https:\/\/defensoriaparana.com.ar\/wp-content\/uploads\/2024\/01\/20230626_113806-1-scaled.jpg 1920w\" sizes=\"(max-width: 768px) 100vw, 768px\" \/><\/p>\n<p><strong>Preocupaci\u00f3n por el aumento de tarifas <\/strong><\/p>\n<p>&nbsp;<\/p>\n<p>La Defensora Pautaso expres\u00f3 su preocupaci\u00f3n ante el aumento de la tarifa del gas, tras la audiencia p\u00fablica realizada el lunes. \u201cSe avizoran subas de m\u00e1s del 140%, lo cual va a comprometer los bolsillos de la mayor\u00eda de la poblaci\u00f3n. (El inconveniente) no es s\u00f3lo de los sectores vulnerables, sino de la mayor\u00eda que tiene gas envasado o natural y que va ver comprometido el consumo\u201d, dijo, tras lo cual inform\u00f3 que la instituci\u00f3n de Paran\u00e1 estar\u00e1 junto a la Asociaci\u00f3n de Defensor\u00edas del Pueblo de la Rep\u00fablica Argentina (Adpra) reclamando y rechazando estos aumentos excesivos. En tanto, a la poblaci\u00f3n le solicitamos un uso racional de la energ\u00eda.<\/p>\n<p>.<\/p>\n<p><strong>C\u00f3mo es la atenci\u00f3n <\/strong><\/p>\n<p>.<\/p>\n<p>La atenci\u00f3n de la Defensor\u00eda del Pueblo de Paran\u00e1 es presencial, en su sede de calle Yrigoyen 236, de 8 a 12 hasta el 19 de enero, cuando se retomar\u00e1 el horario habitual de 7.30 a 13.<\/p>\n<p>Durante el horario actual tambi\u00e9n est\u00e1n disponibles las l\u00edneas telef\u00f3nicas (0343) 4202322 y 08007771112.<\/p>\n<p>En tanto, los reclamos y consultas se contin\u00faan recibiendo sin l\u00edmite horario por mensajes de texto al whatsapp institucional, 343 5346616, por mail a defensoriaparana@gmail.com y al Facebook Defensor\u00eda del Pueblo de Paran\u00e1.<\/p>\n<p>\u201cUna de las premisas de esta instituci\u00f3n es nunca cerrar sus puertas y estar a disposici\u00f3n de los vecinos\u201d, dijo la Defensora, por \u00faltimo.<\/p>\n<p>&nbsp;<\/p>\n","protected":false},"excerpt":{"rendered":"<p>Durante las dos primeras semanas de enero, en etapa de receso administrativo, la Defensor\u00eda del Pueblo de Paran\u00e1 ha continuado con la atenci\u00f3n al p\u00fablico y ha recibido reclamos e inquietudes relacionados con servicios p\u00fablicos, obras sociales, mantenimiento de espacios comunes y ruidos molestos. Respecto a los servicios de salud, Cecilia Pautaso, Defensora del Pueblo [&hellip;]<\/p>\n","protected":false},"author":2,"featured_media":5266,"comment_status":"open","ping_status":"open","sticky":false,"template":"","format":"standard","meta":{"om_disable_all_campaigns":false,"_monsterinsights_skip_tracking":false,"_monsterinsights_sitenote_active":false,"_monsterinsights_sitenote_note":"","_monsterinsights_sitenote_category":0},"categories":[1],"tags":[],"_links":{"self":[{"href":"https:\/\/defensoriaparana.com.ar\/index.php\/wp-json\/wp\/v2\/posts\/5265"}],"collection":[{"href":"https:\/\/defensoriaparana.com.ar\/index.php\/wp-json\/wp\/v2\/posts"}],"about":[{"href":"https:\/\/defensoriaparana.com.ar\/index.php\/wp-json\/wp\/v2\/types\/post"}],"author":[{"embeddable":true,"href":"https:\/\/defensoriaparana.com.ar\/index.php\/wp-json\/wp\/v2\/users\/2"}],"replies":[{"embeddable":true,"href":"https:\/\/defensoriaparana.com.ar\/index.php\/wp-json\/wp\/v2\/comments?post=5265"}],"version-history":[{"count":1,"href":"https:\/\/defensoriaparana.com.ar\/index.php\/wp-json\/wp\/v2\/posts\/5265\/revisions"}],"predecessor-version":[{"id":5267,"href":"https:\/\/defensoriaparana.com.ar\/index.php\/wp-json\/wp\/v2\/posts\/5265\/revisions\/5267"}],"wp:featuredmedia":[{"embeddable":true,"href":"https:\/\/defensoriaparana.com.ar\/index.php\/wp-json\/wp\/v2\/media\/5266"}],"wp:attachment":[{"href":"https:\/\/defensoriaparana.com.ar\/index.php\/wp-json\/wp\/v2\/media?parent=5265"}],"wp:term":[{"taxonomy":"category","embeddable":true,"href":"https:\/\/defensoriaparana.com.ar\/index.php\/wp-json\/wp\/v2\/categories?post=5265"},{"taxonomy":"post_tag","embeddable":true,"href":"https:\/\/defensoriaparana.com.ar\/index.php\/wp-json\/wp\/v2\/tags?post=5265"}],"curies":[{"name":"wp","href":"https:\/\/api.w.org\/{rel}","templated":true}]}}