{"id":5269,"date":"2024-01-17T14:34:13","date_gmt":"2024-01-17T14:34:13","guid":{"rendered":"https:\/\/defensoriaparana.com.ar\/?p=5269"},"modified":"2024-01-17T14:34:13","modified_gmt":"2024-01-17T14:34:13","slug":"la-defensoria-del-pueblo-de-parana-participo-de-una-reunion-con-sus-pares-por-la-tarifa-del-gas-temas-de-salud-y-alquileres","status":"publish","type":"post","link":"https:\/\/defensoriaparana.com.ar\/index.php\/2024\/01\/17\/la-defensoria-del-pueblo-de-parana-participo-de-una-reunion-con-sus-pares-por-la-tarifa-del-gas-temas-de-salud-y-alquileres\/","title":{"rendered":"La Defensor\u00eda del Pueblo de Paran\u00e1 particip\u00f3 de una reuni\u00f3n con sus pares por la tarifa del gas, temas de salud y alquileres"},"content":{"rendered":"<p>La Defensora del Pueblo de la Ciudad de Paran\u00e1, Marcia L\u00f3pez, particip\u00f3 de una reuni\u00f3n virtual de la comisi\u00f3n directiva de la Asociaci\u00f3n de Defensor\u00edas del Pueblo de la Rep\u00fablica Argentina (Adpra), organizaci\u00f3n que nuclea a m\u00e1s de cincuenta instituciones del pa\u00eds, con el fin de abordar temas de relevancia para la ciudadan\u00eda.<\/p>\n<p>Como eje central de la agenda, el encuentro tuvo las tarifas del gas, cuesti\u00f3n que es motivo de preocupaci\u00f3n en cada Defensor\u00eda.<\/p>\n<p>Al respecto, Marcia L\u00f3pez inform\u00f3 que se pedir\u00e1n una serie de aclaraciones a la Secretar\u00eda de Energ\u00eda de la Naci\u00f3n, mediante un documento que elaborar\u00e1n las Defensor\u00edas de Santa Fe y de R\u00edo Negro. Entre los puntos sobre los que se solicitar\u00e1 informaci\u00f3n se mencion\u00f3 el precio del gas en boca de pozo y precisiones acerca de la aplicaci\u00f3n de la quita del subsidio, entre otros puntos. Sucede que estos aspectos no quedaron claros, a criterio de los Defensores, en la presentaci\u00f3n realizada por el Secretario de Energ\u00eda, Dr. Eduardo Rodr\u00edguez Chirillo, durante la audiencia p\u00fablica realizada el 8 de enero pasado, convocada para determinar actualizaciones en los precios en la<\/p>\n<p>Tras la audiencia, hay diez d\u00edas h\u00e1biles para que se emita un informe t\u00e9cnico de lo expuesto y solicitado en el \u00e1mbito y luego, el Ente Nacional Regulador del Gas (Enargas) tiene 30 d\u00edas para expedirse respecto de una eventual suba.<\/p>\n<p><img loading=\"lazy\" class=\"alignnone wp-image-5270 size-large\" src=\"http:\/\/defensoriaparana.com.ar\/wp-content\/uploads\/2024\/01\/marcia-virtual-1024x768.jpg\" alt=\"\" width=\"960\" height=\"720\" srcset=\"https:\/\/defensoriaparana.com.ar\/wp-content\/uploads\/2024\/01\/marcia-virtual-1024x768.jpg 1024w, https:\/\/defensoriaparana.com.ar\/wp-content\/uploads\/2024\/01\/marcia-virtual-300x225.jpg 300w, https:\/\/defensoriaparana.com.ar\/wp-content\/uploads\/2024\/01\/marcia-virtual-768x576.jpg 768w, https:\/\/defensoriaparana.com.ar\/wp-content\/uploads\/2024\/01\/marcia-virtual-1536x1152.jpg 1536w, https:\/\/defensoriaparana.com.ar\/wp-content\/uploads\/2024\/01\/marcia-virtual.jpg 1600w\" sizes=\"(max-width: 960px) 100vw, 960px\" \/><\/p>\n<p>.<\/p>\n<p>Otros temas<\/p>\n<p>.<\/p>\n<p>Tambi\u00e9n se analiz\u00f3 la falta de respuestas del Programa Federal Incluir Salud, una situaci\u00f3n advertida por las distintas Defensor\u00edas, por lo que se puso \u00e9nfasis en la urgencia de que el Poder Ejecutivo nombre a las autoridades correspondientes frente a este sistema y se responsabilice por la carencia de prestaciones (como traslados de personas, demoras en la entrega de pr\u00f3tesis). Estuvo especialmente invitado el Defensor de los Derechos de las Personas con Discapacidad de Mendoza.<\/p>\n<p>Adem\u00e1s, se atendi\u00f3 la situaci\u00f3n referida a las modificaciones propuestas por el gobierno nacional, actualmente en tratamiento en el Congreso, en relaci\u00f3n a la Ley de Salud Mental, N\u00b0 26.657. Se escucharon los reclamos de organizaciones en relaci\u00f3n a los cambios y se continuar\u00e1 con las ruedas de consulta.<\/p>\n<p>Otro tema consisti\u00f3 en los derechos relacionados con los contratos de alquiler y las fechas de vencimiento y renovaci\u00f3n.<\/p>\n","protected":false},"excerpt":{"rendered":"<p>La Defensora del Pueblo de la Ciudad de Paran\u00e1, Marcia L\u00f3pez, particip\u00f3 de una reuni\u00f3n virtual de la comisi\u00f3n directiva de la Asociaci\u00f3n de Defensor\u00edas del Pueblo de la Rep\u00fablica Argentina (Adpra), organizaci\u00f3n que nuclea a m\u00e1s de cincuenta instituciones del pa\u00eds, con el fin de abordar temas de relevancia para la ciudadan\u00eda. Como eje [&hellip;]<\/p>\n","protected":false},"author":2,"featured_media":5270,"comment_status":"open","ping_status":"open","sticky":false,"template":"","format":"standard","meta":{"om_disable_all_campaigns":false,"_monsterinsights_skip_tracking":false,"_monsterinsights_sitenote_active":false,"_monsterinsights_sitenote_note":"","_monsterinsights_sitenote_category":0},"categories":[1],"tags":[],"_links":{"self":[{"href":"https:\/\/defensoriaparana.com.ar\/index.php\/wp-json\/wp\/v2\/posts\/5269"}],"collection":[{"href":"https:\/\/defensoriaparana.com.ar\/index.php\/wp-json\/wp\/v2\/posts"}],"about":[{"href":"https:\/\/defensoriaparana.com.ar\/index.php\/wp-json\/wp\/v2\/types\/post"}],"author":[{"embeddable":true,"href":"https:\/\/defensoriaparana.com.ar\/index.php\/wp-json\/wp\/v2\/users\/2"}],"replies":[{"embeddable":true,"href":"https:\/\/defensoriaparana.com.ar\/index.php\/wp-json\/wp\/v2\/comments?post=5269"}],"version-history":[{"count":1,"href":"https:\/\/defensoriaparana.com.ar\/index.php\/wp-json\/wp\/v2\/posts\/5269\/revisions"}],"predecessor-version":[{"id":5271,"href":"https:\/\/defensoriaparana.com.ar\/index.php\/wp-json\/wp\/v2\/posts\/5269\/revisions\/5271"}],"wp:featuredmedia":[{"embeddable":true,"href":"https:\/\/defensoriaparana.com.ar\/index.php\/wp-json\/wp\/v2\/media\/5270"}],"wp:attachment":[{"href":"https:\/\/defensoriaparana.com.ar\/index.php\/wp-json\/wp\/v2\/media?parent=5269"}],"wp:term":[{"taxonomy":"category","embeddable":true,"href":"https:\/\/defensoriaparana.com.ar\/index.php\/wp-json\/wp\/v2\/categories?post=5269"},{"taxonomy":"post_tag","embeddable":true,"href":"https:\/\/defensoriaparana.com.ar\/index.php\/wp-json\/wp\/v2\/tags?post=5269"}],"curies":[{"name":"wp","href":"https:\/\/api.w.org\/{rel}","templated":true}]}}