{"id":5272,"date":"2024-01-23T15:24:27","date_gmt":"2024-01-23T15:24:27","guid":{"rendered":"https:\/\/defensoriaparana.com.ar\/?p=5272"},"modified":"2024-01-23T15:25:07","modified_gmt":"2024-01-23T15:25:07","slug":"defensorias-del-pueblo-del-pais-se-expidieron-ante-las-modificaciones-promovidas-por-el-gobierno-nacional-en-la-ley-de-salud-mental","status":"publish","type":"post","link":"https:\/\/defensoriaparana.com.ar\/index.php\/2024\/01\/23\/defensorias-del-pueblo-del-pais-se-expidieron-ante-las-modificaciones-promovidas-por-el-gobierno-nacional-en-la-ley-de-salud-mental\/","title":{"rendered":"Defensor\u00edas del Pueblo del pa\u00eds se expidieron ante las modificaciones promovidas por el gobierno nacional en la Ley de Salud Mental"},"content":{"rendered":"<p>La Asociaci\u00f3n de Defensor\u00edas del Pueblo de la Rep\u00fablica Argentina (Adpra), organizaci\u00f3n de la que forma parte la instituci\u00f3n de Paran\u00e1, se expidi\u00f3 ante las modificaciones que el gobierno nacional promueve en el proyecto denominado Ley \u00d3mnibus en relaci\u00f3n a la legislaci\u00f3n vigente en torno a la salud mental. \u00a0\u201cConsideramos que configurar\u00edan un retroceso en materia de Derechos Humanos\u201d, expresa el pronunciamiento de Adpra, cuyo texto se cita a continuaci\u00f3n:<\/p>\n<p>\u201cDe aprobarse las modificaciones que el Ejecutivo promueve a Ley Nacional de Salud Mental N\u00b0 26.657, incluidas en el proyecto de ley \u201c\u00f3mnibus\u201d enviado por la Casa Rosada y que actualmente se debate en la C\u00e1mara de Diputados del Congreso, los Defensores del Pueblo -Provinciales y Municipales- nucleados en ADPRA, consideramos que configurar\u00edan un retroceso en materia de Derechos Humanos; toda vez que vulnerar\u00edan de modo flagrante al art\u00edculo 1\u00b0de dicha norma que define su objeto y el anclaje legal que la sustenta a la par de resultar contradictorias al paradigma vigente.<\/p>\n<p>&nbsp;<\/p>\n<p>La ley de Salud Mental actual fue aprobada con amplio consenso y sustituy\u00f3 la perspectiva \u201cmanicomial y tutelar\u201d por un modelo de atenci\u00f3n en salud mental basado en la inclusi\u00f3n social y la intervenci\u00f3n comunitaria; con eje en la integraci\u00f3n, en la atenci\u00f3n primaria y hospitales generales, el desarrollo de la red de servicios comunitarios, la participaci\u00f3n social y la coordinaci\u00f3n intersectorial.<\/p>\n<p>&nbsp;<\/p>\n<p>Este enfoque se integra de manera efectiva, en el sistema de atenci\u00f3n p\u00fablica de la salud, adoptando un abordaje integral desde la perspectiva de los derechos humanos, que est\u00e1 en consonancia con los compromisos internacionales asumidos por el Estado argentino. ADPRA, entiende que resulta sustancial atender como sociedad, la importancia de la plena implementaci\u00f3n de ley 26.657, para lo cual se requiere:<\/p>\n<p>* un aumento de la asignaci\u00f3n presupuestaria al sistema integral de salud,<\/p>\n<p>* apostar a la creaci\u00f3n de dispositivos para tratamientos ambulatorios,<\/p>\n<p>* optimizar la atenci\u00f3n en hospitales y cl\u00ednica generales,<\/p>\n<p>* fortalecer las capacitaciones; en definitiva, mejorar las condiciones de tratamientos y abordajes en el marco de los est\u00e1ndares internacionales, tanto en el sector p\u00fablico como en el privado.<\/p>\n<p>&nbsp;<\/p>\n<p>Es fundamental, considerar que la ley nacional de Salud Mental vigente, prev\u00e9 en un cap\u00edtulo entero, la posibilidad de realizar las internaciones involuntarias o forzadas. Ello, cuando en virtud del criterio de un equipo interdisciplinario, la persona se encuentra cl\u00ednicamente en situaci\u00f3n de riesgo cierto e inminente para s\u00ed o para terceros y con la necesidad de un tratamiento institucionalizado. Importar\u00eda una falacia la creencia de que tales supuestos (las internaciones involuntarias o forzadas) hoy est\u00e1n vedadas en los casos en que son indispensables. ADPRA, considera oportuno subrayar que la propuesta planteada por el Poder Ejecutivo Nacional contrar\u00eda los est\u00e1ndares y paradigmas convencionales y nacionales que significaron un avance en la protecci\u00f3n de los derechos de las personas con padecimientos subjetivos.<\/p>\n<p>&nbsp;<\/p>\n<p>Puntualmente los retrocesos se ven reflejados en los siguientes puntos:<\/p>\n<p>*-Habilita a los jueces a decidir las internaciones sin el requisito de la evaluaci\u00f3n de un equipo interdisciplinario, ampliando los mecanismos, m\u00e1s all\u00e1 de la existencia de riesgo cierto e inminente, transformando la internaci\u00f3n en un mero acto jur\u00eddico y no cl\u00ednico- sanitario.<\/p>\n<p>* -Faculta al abogado\/a del Art. 22 de la ley de Salud Mental vigente a oponerse a la externaci\u00f3n de su patrocinado\/a y a proponer la medida terap\u00e9utica que considere m\u00e1s adecuada, lo cual desnaturaliza el derecho a una defensa t\u00e9cnica permitiendo la subrogaci\u00f3n de la voluntad de su representado\/a;<\/p>\n<p>* -Autoriza la apertura de establecimientos monovalentes, neuropsiqui\u00e1tricos, cl\u00ednicas y comunidades terap\u00e9uticas;<\/p>\n<p>* -Modifica la composici\u00f3n del \u00d3rgano de Revisi\u00f3n, prescindiendo de los organismos representativos del Estado, de los Organismos de DDHH y de las asociaciones de usuarios\/as y familiares, reemplaz\u00e1ndolos por un equipo multidisciplinario, integrado por distintos especialistas y t\u00e9cnicos. Por todo lo expuesto, la Asociaci\u00f3n de Defensores del Pueblo de la Rep\u00fablica Argentina (ADPRA) considera que la Ley de Salud Mental N\u00ba 26.657, debe ser implementada y respetada.<\/p>\n","protected":false},"excerpt":{"rendered":"<p>La Asociaci\u00f3n de Defensor\u00edas del Pueblo de la Rep\u00fablica Argentina (Adpra), organizaci\u00f3n de la que forma parte la instituci\u00f3n de Paran\u00e1, se expidi\u00f3 ante las modificaciones que el gobierno nacional promueve en el proyecto denominado Ley \u00d3mnibus en relaci\u00f3n a la legislaci\u00f3n vigente en torno a la salud mental. \u00a0\u201cConsideramos que configurar\u00edan un retroceso en [&hellip;]<\/p>\n","protected":false},"author":2,"featured_media":5273,"comment_status":"open","ping_status":"open","sticky":false,"template":"","format":"standard","meta":{"om_disable_all_campaigns":false,"_monsterinsights_skip_tracking":false,"_monsterinsights_sitenote_active":false,"_monsterinsights_sitenote_note":"","_monsterinsights_sitenote_category":0},"categories":[1],"tags":[],"_links":{"self":[{"href":"https:\/\/defensoriaparana.com.ar\/index.php\/wp-json\/wp\/v2\/posts\/5272"}],"collection":[{"href":"https:\/\/defensoriaparana.com.ar\/index.php\/wp-json\/wp\/v2\/posts"}],"about":[{"href":"https:\/\/defensoriaparana.com.ar\/index.php\/wp-json\/wp\/v2\/types\/post"}],"author":[{"embeddable":true,"href":"https:\/\/defensoriaparana.com.ar\/index.php\/wp-json\/wp\/v2\/users\/2"}],"replies":[{"embeddable":true,"href":"https:\/\/defensoriaparana.com.ar\/index.php\/wp-json\/wp\/v2\/comments?post=5272"}],"version-history":[{"count":2,"href":"https:\/\/defensoriaparana.com.ar\/index.php\/wp-json\/wp\/v2\/posts\/5272\/revisions"}],"predecessor-version":[{"id":5275,"href":"https:\/\/defensoriaparana.com.ar\/index.php\/wp-json\/wp\/v2\/posts\/5272\/revisions\/5275"}],"wp:featuredmedia":[{"embeddable":true,"href":"https:\/\/defensoriaparana.com.ar\/index.php\/wp-json\/wp\/v2\/media\/5273"}],"wp:attachment":[{"href":"https:\/\/defensoriaparana.com.ar\/index.php\/wp-json\/wp\/v2\/media?parent=5272"}],"wp:term":[{"taxonomy":"category","embeddable":true,"href":"https:\/\/defensoriaparana.com.ar\/index.php\/wp-json\/wp\/v2\/categories?post=5272"},{"taxonomy":"post_tag","embeddable":true,"href":"https:\/\/defensoriaparana.com.ar\/index.php\/wp-json\/wp\/v2\/tags?post=5272"}],"curies":[{"name":"wp","href":"https:\/\/api.w.org\/{rel}","templated":true}]}}