{"id":5281,"date":"2024-01-24T15:43:31","date_gmt":"2024-01-24T15:43:31","guid":{"rendered":"https:\/\/defensoriaparana.com.ar\/?p=5281"},"modified":"2024-01-24T15:43:31","modified_gmt":"2024-01-24T15:43:31","slug":"un-centenar-de-mediadores-comunitarios-integran-el-registro-ad-honorem-2024-de-la-defensoria-del-pueblo-de-parana","status":"publish","type":"post","link":"https:\/\/defensoriaparana.com.ar\/index.php\/2024\/01\/24\/un-centenar-de-mediadores-comunitarios-integran-el-registro-ad-honorem-2024-de-la-defensoria-del-pueblo-de-parana\/","title":{"rendered":"Un centenar de mediadores comunitarios integran el Registro ad honorem 2024 de la Defensor\u00eda del Pueblo de Paran\u00e1"},"content":{"rendered":"<p><span style=\"font-size: large;\">El Registro de Mediadores Comunitarios Voluntarios y Ad honorem del Centro de Mediaci\u00f3n de la Defensor\u00eda del Pueblo de la ciudad de Paran\u00e1, con el que la instituci\u00f3n atiende casi medio millar de casos anuales relacionados a conflictos entre vecinos, qued\u00f3 conformado por un centenar de integrantes para 2024.<\/span><\/p>\n<p><span style=\"font-size: large;\">La n\u00f3mina se renueva cada a\u00f1o mediante un llamado p\u00fablico de aspirantes y el cumplimiento de una serie de requisitos de ingreso. En esta oportunidad, y tras la convocatoria realizada en noviembre pasado, quedaron en calidad de integrantes confirmados del Registro 92 mediadores y otros 11, cuya situaci\u00f3n es provisoria debido a que tienen pendiente el cumplimiento de alguno de los requisitos exigidos y pasos administrativos. <\/span><\/p>\n<p><span style=\"font-size: large;\">Cabe recordar, que los integrantes deben contar con el t\u00edtulo de formaci\u00f3n b\u00e1sica en mediaci\u00f3n (100 horas de capacitaci\u00f3n), homologado por el Ministerio de Justicia de la Naci\u00f3n, y el t\u00edtulo del secundario completo. Dicha situaci\u00f3n tiene que ser acreditada por la documentaci\u00f3n correspondiente, conjuntamente con la presentaci\u00f3n de una planilla de inscripci\u00f3n y un breve curr\u00edculum vitae.<\/span><\/p>\n<p><span style=\"font-size: large;\">En tanto, las personas que vienen integrando el Registro tienen la posibilidad de volverse a postular, para lo que deben cumplir con exigencias referidas a la capacitaci\u00f3n que brinda la Defensor\u00eda regularmente.<\/span><\/p>\n<p><span style=\"font-size: large;\">Las <\/span><span style=\"color: #333333;\"><span style=\"font-family: Segoe UI, serif;\"><span style=\"font-size: large;\">personas que integran el Registro provienen de diversos espacios, con distintas historias y contextos laborales, sociales y educativos, que ofrecen sus servicios generosamente. Con gran responsabilidad y vocaci\u00f3n, son parte de la posibilidad de ofrecer \u00e1mbitos de conversaci\u00f3n y encuentro a los vecinos que transitan conflictos que afectan la convivencia.<\/span><\/span><\/span><\/p>\n<p><img loading=\"lazy\" class=\"alignnone wp-image-5291 size-large\" src=\"http:\/\/defensoriaparana.com.ar\/wp-content\/uploads\/2024\/01\/foto-mediacion-461x1024.jpg\" alt=\"\" width=\"461\" height=\"1024\" srcset=\"https:\/\/defensoriaparana.com.ar\/wp-content\/uploads\/2024\/01\/foto-mediacion-461x1024.jpg 461w, https:\/\/defensoriaparana.com.ar\/wp-content\/uploads\/2024\/01\/foto-mediacion-135x300.jpg 135w, https:\/\/defensoriaparana.com.ar\/wp-content\/uploads\/2024\/01\/foto-mediacion-768x1707.jpg 768w, https:\/\/defensoriaparana.com.ar\/wp-content\/uploads\/2024\/01\/foto-mediacion-691x1536.jpg 691w, https:\/\/defensoriaparana.com.ar\/wp-content\/uploads\/2024\/01\/foto-mediacion-922x2048.jpg 922w, https:\/\/defensoriaparana.com.ar\/wp-content\/uploads\/2024\/01\/foto-mediacion-scaled.jpg 1152w\" sizes=\"(max-width: 461px) 100vw, 461px\" \/><\/p>\n<p><span style=\"font-size: large;\"><b>Integrantes desde 2003<\/b><\/span><\/p>\n<p><span style=\"font-size: large;\">El Registro de Mediadores fue creado en noviembre de<\/span><span style=\"color: #333333;\"><span style=\"font-family: Segoe UI, serif;\"><span style=\"font-size: large;\"> 2003, a\u00f1o en que comenz\u00f3 a funcionar la Defensor\u00eda del Pueblo de Paran\u00e1, por la Coordinadora del Centro de Mediaci\u00f3n de entonces, Martha Arr\u00edas Pabon. Desde entonces, el trabajo en mediaci\u00f3n de la Defensor\u00eda ha venido creciendo notablemente tanto en el \u00e1mbito local como a nivel nacional y de otros pa\u00edses. La trascendencia se debe a su valorable tarea y a sus particularidades de voluntario, ad honorem, interdisciplinario y numeroso (la n\u00f3mina est\u00e1 conformada generalmente por cien o m\u00e1s personas).<\/span><\/span><\/span><\/p>\n<p><span style=\"color: #333333;\"><span style=\"font-family: Segoe UI, serif;\"><span style=\"font-size: large;\">Desde el inicio, en 2003, seis mediadores contin\u00faan ininterrumpidamente integrando el Registro, mientras que 15 permanecen desde hace una d\u00e9cada y media. Todos ellos brindan un aporte invaluable de experiencia y conocimientos a la n\u00f3mina, que este a\u00f1o sum\u00f3 a 17 mediadores nuevos.<\/span><\/span><\/span><\/p>\n<p><img loading=\"lazy\" class=\"alignnone wp-image-5289 size-large\" src=\"http:\/\/defensoriaparana.com.ar\/wp-content\/uploads\/2024\/01\/foto-mediacion-ver-1024x461.jpg\" alt=\"\" width=\"960\" height=\"432\" srcset=\"https:\/\/defensoriaparana.com.ar\/wp-content\/uploads\/2024\/01\/foto-mediacion-ver-1024x461.jpg 1024w, https:\/\/defensoriaparana.com.ar\/wp-content\/uploads\/2024\/01\/foto-mediacion-ver-300x135.jpg 300w, https:\/\/defensoriaparana.com.ar\/wp-content\/uploads\/2024\/01\/foto-mediacion-ver-768x346.jpg 768w, https:\/\/defensoriaparana.com.ar\/wp-content\/uploads\/2024\/01\/foto-mediacion-ver-1536x691.jpg 1536w, https:\/\/defensoriaparana.com.ar\/wp-content\/uploads\/2024\/01\/foto-mediacion-ver-2048x922.jpg 2048w\" sizes=\"(max-width: 960px) 100vw, 960px\" \/><\/p>\n<p><span style=\"color: #333333;\"><span style=\"font-family: Segoe UI, serif;\"><span style=\"font-size: large;\"><b>Primer encuentro y el rol de la mediaci\u00f3n<\/b><\/span><\/span><\/span><\/p>\n<p><span style=\"color: #333333;\"><span style=\"font-family: Segoe UI, serif;\"><span style=\"font-size: large;\">El 5 de diciembre se realiz\u00f3 el 1er. Taller del Registro de Mediadores Comunitarios 2024 con la consigna \u201c20 a\u00f1os. Una historia construida juntos\u201d, en conmemoraci\u00f3n de las dos d\u00e9cadas de funcionamiento de la instituci\u00f3n.<\/span><\/span><\/span><\/p>\n<p><span style=\"color: #333333;\"><span style=\"font-family: Segoe UI, serif;\"><span style=\"font-size: large;\">El taller tuvo, como eje principal, un recorrido a trav\u00e9s de una l\u00ednea de tiempo por los 20 a\u00f1os de existencia del Centro de Mediaci\u00f3n y las actividades del Registro, valorando el trabajo de los mediadores voluntarios y toda su entrega y generosidad. <\/span><\/span><\/span><\/p>\n<p><span style=\"color: #333333;\"><span style=\"font-family: Segoe UI, serif;\"><span style=\"font-size: large;\">Tambi\u00e9n fue un momento propicio para resignificar al rol de la mediaci\u00f3n en la Defensor\u00eda del Pueblo. Al respecto, se reafirm\u00f3 que se trata de una herramienta fundamental de participaci\u00f3n ciudadana, que facilita v\u00edas de soluci\u00f3n mediante m\u00e9todos pac\u00edficos y colaborativos.<\/span><\/span><\/span><\/p>\n<p><span style=\"font-family: Times New Roman, serif;\"><span style=\"font-size: medium;\"><span style=\"color: #333333;\"><span style=\"font-family: Segoe UI, serif;\"><span style=\"font-size: large;\">Desde 2003, la instituci\u00f3n ofrece\u00a0el servicio de mediaci\u00f3n en forma gratuita. Es una instancia extra-judicial, voluntaria y confidencial, cuya concreci\u00f3n cuenta con el trabajo y el compromiso de mediadores comunitarios, que son quienes proponen y acompa\u00f1an un di\u00e1logo respetuoso, constructivo y con visi\u00f3n de futuro entre vecinos.<\/span><\/span><\/span><\/span><\/span><\/p>\n<p><span style=\"color: #333333;\"><span style=\"font-family: Segoe UI, serif;\"><span style=\"font-size: large;\">Por m\u00e1s informaci\u00f3n, las personas interesadas pueden comunicarse a los tel\u00e9fonos 4211029, 4211051 (de 8 a 13), a la l\u00ednea de WhatsApp 3435 163712 y al mail\u00a0<\/span><\/span><\/span><a href=\"mailto:mediacionparana@hotmail.com\"><span style=\"color: #605be5;\"><span style=\"font-family: Segoe UI, serif;\"><span style=\"font-size: large;\">mediacionparana@hotmail.com<\/span><\/span><\/span><\/a><span style=\"color: #333333;\"><span style=\"font-family: Segoe UI, serif;\"><span style=\"font-size: large;\">.<\/span><\/span><\/span><\/p>\n<p><img loading=\"lazy\" class=\"alignnone  wp-image-5282\" src=\"http:\/\/defensoriaparana.com.ar\/wp-content\/uploads\/2024\/01\/foto-mediacion-2003-300x135.jpg\" alt=\"\" width=\"364\" height=\"164\" srcset=\"https:\/\/defensoriaparana.com.ar\/wp-content\/uploads\/2024\/01\/foto-mediacion-2003-300x135.jpg 300w, https:\/\/defensoriaparana.com.ar\/wp-content\/uploads\/2024\/01\/foto-mediacion-2003-1024x461.jpg 1024w, https:\/\/defensoriaparana.com.ar\/wp-content\/uploads\/2024\/01\/foto-mediacion-2003-768x346.jpg 768w, https:\/\/defensoriaparana.com.ar\/wp-content\/uploads\/2024\/01\/foto-mediacion-2003-1536x691.jpg 1536w, https:\/\/defensoriaparana.com.ar\/wp-content\/uploads\/2024\/01\/foto-mediacion-2003-2048x922.jpg 2048w\" sizes=\"(max-width: 364px) 100vw, 364px\" \/><img loading=\"lazy\" class=\"alignnone  wp-image-5286\" src=\"http:\/\/defensoriaparana.com.ar\/wp-content\/uploads\/2024\/01\/foto-mediacion-6-300x135.jpg\" alt=\"\" width=\"369\" height=\"166\" srcset=\"https:\/\/defensoriaparana.com.ar\/wp-content\/uploads\/2024\/01\/foto-mediacion-6-300x135.jpg 300w, https:\/\/defensoriaparana.com.ar\/wp-content\/uploads\/2024\/01\/foto-mediacion-6-1024x461.jpg 1024w, https:\/\/defensoriaparana.com.ar\/wp-content\/uploads\/2024\/01\/foto-mediacion-6-768x346.jpg 768w, https:\/\/defensoriaparana.com.ar\/wp-content\/uploads\/2024\/01\/foto-mediacion-6-1536x691.jpg 1536w, https:\/\/defensoriaparana.com.ar\/wp-content\/uploads\/2024\/01\/foto-mediacion-6-2048x922.jpg 2048w\" sizes=\"(max-width: 369px) 100vw, 369px\" \/><\/p>\n","protected":false},"excerpt":{"rendered":"<p>El Registro de Mediadores Comunitarios Voluntarios y Ad honorem del Centro de Mediaci\u00f3n de la Defensor\u00eda del Pueblo de la ciudad de Paran\u00e1, con el que la instituci\u00f3n atiende casi medio millar de casos anuales relacionados a conflictos entre vecinos, qued\u00f3 conformado por un centenar de integrantes para 2024. La n\u00f3mina se renueva cada a\u00f1o [&hellip;]<\/p>\n","protected":false},"author":2,"featured_media":5284,"comment_status":"open","ping_status":"open","sticky":false,"template":"","format":"standard","meta":{"om_disable_all_campaigns":false,"_monsterinsights_skip_tracking":false,"_monsterinsights_sitenote_active":false,"_monsterinsights_sitenote_note":"","_monsterinsights_sitenote_category":0},"categories":[1],"tags":[],"_links":{"self":[{"href":"https:\/\/defensoriaparana.com.ar\/index.php\/wp-json\/wp\/v2\/posts\/5281"}],"collection":[{"href":"https:\/\/defensoriaparana.com.ar\/index.php\/wp-json\/wp\/v2\/posts"}],"about":[{"href":"https:\/\/defensoriaparana.com.ar\/index.php\/wp-json\/wp\/v2\/types\/post"}],"author":[{"embeddable":true,"href":"https:\/\/defensoriaparana.com.ar\/index.php\/wp-json\/wp\/v2\/users\/2"}],"replies":[{"embeddable":true,"href":"https:\/\/defensoriaparana.com.ar\/index.php\/wp-json\/wp\/v2\/comments?post=5281"}],"version-history":[{"count":1,"href":"https:\/\/defensoriaparana.com.ar\/index.php\/wp-json\/wp\/v2\/posts\/5281\/revisions"}],"predecessor-version":[{"id":5292,"href":"https:\/\/defensoriaparana.com.ar\/index.php\/wp-json\/wp\/v2\/posts\/5281\/revisions\/5292"}],"wp:featuredmedia":[{"embeddable":true,"href":"https:\/\/defensoriaparana.com.ar\/index.php\/wp-json\/wp\/v2\/media\/5284"}],"wp:attachment":[{"href":"https:\/\/defensoriaparana.com.ar\/index.php\/wp-json\/wp\/v2\/media?parent=5281"}],"wp:term":[{"taxonomy":"category","embeddable":true,"href":"https:\/\/defensoriaparana.com.ar\/index.php\/wp-json\/wp\/v2\/categories?post=5281"},{"taxonomy":"post_tag","embeddable":true,"href":"https:\/\/defensoriaparana.com.ar\/index.php\/wp-json\/wp\/v2\/tags?post=5281"}],"curies":[{"name":"wp","href":"https:\/\/api.w.org\/{rel}","templated":true}]}}